{"id":532020,"date":"2022-01-14T00:01:20","date_gmt":"2022-01-14T06:01:20","guid":{"rendered":"https:\/\/www.diarioimagen.net\/?p=532020"},"modified":"2022-01-14T04:04:06","modified_gmt":"2022-01-14T10:04:06","slug":"arrancara-hoy-cobro-de-predial-en-naucalpan","status":"publish","type":"post","link":"https:\/\/www.diarioimagen.net\/?p=532020","title":{"rendered":"Arrancar\u00e1 hoy cobro de predial en Naucalpan"},"content":{"rendered":"<p>&nbsp;<\/p>\n<ul>\n<li><strong><em>Bonificaci\u00f3n del 34% y condonaci\u00f3n del 100% en multas y recargos<\/em><\/strong><\/li>\n<\/ul>\n<p>&nbsp;<\/p>\n<div id=\"attachment_532114\" style=\"width: 470px\" class=\"wp-caption aligncenter\"><a href=\"https:\/\/www.diarioimagen.net\/?attachment_id=532114\" rel=\"attachment wp-att-532114\"><img loading=\"lazy\" decoding=\"async\" aria-describedby=\"caption-attachment-532114\" class=\"size-full wp-image-532114\" src=\"https:\/\/www.diarioimagen.net\/wp-content\/uploads\/2022\/01\/naucalpan-4.jpg\" alt=\"\" width=\"460\" height=\"270\" \/><\/a><p id=\"caption-attachment-532114\" class=\"wp-caption-text\">Naucalpenses podr\u00e1n realizar el pago del predial en el m\u00f3dulo instalado en la explanada del palacio municipal, en las oficinas de la Tesorer\u00eda y en las cinco receptor\u00edas que se ubican en diversos puntos la demarcaci\u00f3n.<\/p><\/div>\n<p>&nbsp;<\/p>\n<p><strong>Naucalpan, Estado de M\u00e9xico.\u2014<\/strong> A partir del viernes 14 de enero, los naucalpenses podr\u00e1n realizar el pago del predial en el m\u00f3dulo instalado en la explanada del palacio municipal, en las oficinas de la tesorer\u00eda y en las cinco receptor\u00edas que se ubican en diversos puntos la demarcaci\u00f3n, inform\u00f3 la subtesorera, Roc\u00edo del Carmen Ruiz Limas.<\/p>\n<p>Record\u00f3 que los vecinos tendr\u00e1n descuentos por pago anual anticipado del 8% en enero; 6% en febrero y 4% en marzo, m\u00e1s la bonificaci\u00f3n adicional del 8, 6 y 2%, respectivamente, por contribuyentes cumplidos en a\u00f1os anteriores. Adem\u00e1s, los grupos vulnerables recibir\u00e1n una bonificaci\u00f3n del 34% y la condonaci\u00f3n del 100% en multas y recargos.<\/p>\n<p>Los Naucalpenses pueden acudir al m\u00f3dulo ubicado en la explanada del Palacio Municipal de lunes a viernes de 8 a 17 horas y s\u00e1bados de 9 a 13 horas, el cual contar\u00e1 con 10 cajas receptoras a su disposici\u00f3n o a las oficinas de la Tesorer\u00eda, donde hay otras 8 ventanillas.<\/p>\n<p>Tambi\u00e9n podr\u00e1n efectuarse pagos en las receptor\u00edas del Parque Naucalli; en la Plaza Comercial de Vista de Valle; en el Centro C\u00edvico de Ciudad Sat\u00e9lite; en Plaza Las Tiendas San Esteban, colonia San Esteban, y en Avenida de las Fuentes, Lomas de Tecamachalco, con los mismos horarios de atenci\u00f3n.<\/p>\n<p>Las personas que acudan a realizar el pago del predial pueden estar seguras de que se seguir\u00e1n las medidas sanitarias correspondientes. Ruiz Limas exhort\u00f3 a la poblaci\u00f3n a usar cubrebocas, gel antibacterial y mantener la sana distancia.<\/p>\n<p>A\u00f1adi\u00f3 que la contribuci\u00f3n es muy importante para el municipio, por lo que pr\u00f3ximamente se informar\u00e1 sobre el pago en l\u00ednea y a trav\u00e9s de diversas instituciones bancarias. Para cualquier duda, los ciudadanos pueden comunicarse al tel\u00e9fono 5371-8300, extensi\u00f3n 1105.<\/p>\n","protected":false},"excerpt":{"rendered":"<p>A partir del viernes 14 de enero, los naucalpenses podr\u00e1n realizar el pago del predial en el m\u00f3dulo instalado en la explanada del palacio municipal, en las oficinas de la tesorer\u00eda y en las cinco receptor\u00edas que se ubican en diversos puntos la demarcaci\u00f3n, inform\u00f3 la subtesorera, Roc\u00edo del Carmen Ruiz Limas.<\/p>\n","protected":false},"author":3,"featured_media":532114,"comment_status":"open","ping_status":"open","sticky":false,"template":"","format":"standard","meta":{"_monsterinsights_skip_tracking":false,"_monsterinsights_sitenote_active":false,"_monsterinsights_sitenote_note":"","_monsterinsights_sitenote_category":0,"footnotes":""},"categories":[5],"tags":[43675,970,21487,94323],"class_list":["post-532020","post","type-post","status-publish","format-standard","has-post-thumbnail","hentry","category-estado-de-mexico","tag-estado-de-mexico","tag-naucalpan","tag-predial","tag-subtesorera"],"_links":{"self":[{"href":"https:\/\/www.diarioimagen.net\/index.php?rest_route=\/wp\/v2\/posts\/532020","targetHints":{"allow":["GET"]}}],"collection":[{"href":"https:\/\/www.diarioimagen.net\/index.php?rest_route=\/wp\/v2\/posts"}],"about":[{"href":"https:\/\/www.diarioimagen.net\/index.php?rest_route=\/wp\/v2\/types\/post"}],"author":[{"embeddable":true,"href":"https:\/\/www.diarioimagen.net\/index.php?rest_route=\/wp\/v2\/users\/3"}],"replies":[{"embeddable":true,"href":"https:\/\/www.diarioimagen.net\/index.php?rest_route=%2Fwp%2Fv2%2Fcomments&post=532020"}],"version-history":[{"count":0,"href":"https:\/\/www.diarioimagen.net\/index.php?rest_route=\/wp\/v2\/posts\/532020\/revisions"}],"wp:featuredmedia":[{"embeddable":true,"href":"https:\/\/www.diarioimagen.net\/index.php?rest_route=\/wp\/v2\/media\/532114"}],"wp:attachment":[{"href":"https:\/\/www.diarioimagen.net\/index.php?rest_route=%2Fwp%2Fv2%2Fmedia&parent=532020"}],"wp:term":[{"taxonomy":"category","embeddable":true,"href":"https:\/\/www.diarioimagen.net\/index.php?rest_route=%2Fwp%2Fv2%2Fcategories&post=532020"},{"taxonomy":"post_tag","embeddable":true,"href":"https:\/\/www.diarioimagen.net\/index.php?rest_route=%2Fwp%2Fv2%2Ftags&post=532020"}],"curies":[{"name":"wp","href":"https:\/\/api.w.org\/{rel}","templated":true}]}}