{"id":532071,"date":"2022-01-14T00:02:09","date_gmt":"2022-01-14T06:02:09","guid":{"rendered":"https:\/\/www.diarioimagen.net\/?p=532071"},"modified":"2022-01-17T01:49:22","modified_gmt":"2022-01-17T07:49:22","slug":"amlo-habla-de-calcetincitos-miel-limon-y-caricias-y-mexico-registra-miles-de-contagios-cada-24-horas","status":"publish","type":"post","link":"https:\/\/www.diarioimagen.net\/?p=532071","title":{"rendered":"AMLO habla de \u201ccalcetincitos, miel, lim\u00f3n y caricias\u201d y M\u00e9xico registra miles de contagios cada 24 horas"},"content":{"rendered":"<h2>La Retaguardia<\/h2>\n<h5>Adriana Moreno Cordero<\/h5>\n<p><strong>\u00a0<\/strong><\/p>\n<ul>\n<li><strong><em>El gobierno de Veracruz sigue violando el Estado de Derecho<\/em><\/strong><\/li>\n<\/ul>\n<p>&nbsp;<\/p>\n<p>Acompa\u00f1ado por los secretarios de Gobernaci\u00f3n, <strong>Ad\u00e1n Augusto L\u00f3pez<\/strong> y de Hacienda y Cr\u00e9dito P\u00fablico, <strong>Rogelio Ram\u00edrez de la O,<\/strong> y sin poder resistirse a dejar de aparecer en su gustad\u00edsimo \u201cstand-up\u201d ma\u00f1anero, aunque sea a distancia, el presidente <strong>Andr\u00e9s Manuel L\u00f3pez Obrador<\/strong> se dio a la tarea de defender a su incapaz secretario de Salud<strong>, Jorge Alcocer Varela<\/strong> cuando hace unos d\u00edas, \u00e9ste hab\u00eda dicho que mucho servir\u00edan especialmente para la poblaci\u00f3n que esta errada y llamada Cuarta Transformaci\u00f3n no ha vacunado, los ni\u00f1os, los tecitos que tan amorosamente preparan las madres as\u00ed como untar en el pecho y la espalda Vick vaporub.<\/p>\n<p>Antes, hay que recordar, el flamante secretario Alcocer, compareciendo en la C\u00e1mara de Diputados, hab\u00eda dicho que no vacunar\u00eda a sus nietos porque eso ser\u00eda arrebatarles la inmunidad que los menores per se desarrollan frente a la Covid, declaraci\u00f3n que dej\u00f3 muy decepcionados -por decirlo suavemente-, a los especialistas que se han dedicado a investigar el comportamiento del Covid-19 en sus diferentes variantes.<\/p>\n<p>Pues ayer, el inquilino de Palacio Nacional retom\u00f3 lo de los remedios caseros. Habl\u00f3 de \u201ccalcetincitos\u201d, de las plantas de los pies, miel, lim\u00f3n y \u201ccaricias entre parejas\u201d. No, pues qu\u00e9 certero se vio el tabasque\u00f1o, que pasa por alto la nueva crisis detonada por su err\u00e1tico gobierno, que ha derivado en largu\u00edsimas filas de personas que requieren una prueba para detectar Covid y que no tienen dinero para comprarla.<\/p>\n<p>Esto \u00faltimo no parece importarle al de Tepetit\u00e1n y se limita a decir: \u201centonces con cuidado nada m\u00e1s, no vayan a contagiar, no hay gravedad\u201d, porque como \u00e9l es atendido personalmente en Palacio Nacional, hace como que no se entera que las estimaciones nos indican que en M\u00e9xico, hay miles de contagios de coronavirus en su variante \u00d3micron, cada 24 horas y que cada d\u00eda se rebasa el pico de contagios, registr\u00e1ndose ayer poco m\u00e1s de 40 mil, adem\u00e1s de que actualmente, el 5 por ciento de la poblaci\u00f3n mexicana est\u00e1 contagiada, as\u00ed que el Presidente miente cuando asevera que la \u201cpandemia va de salida\u201d y que pronto regresaremos a la normalidad.<\/p>\n<p>Tampoco parece estar enterado el inquilino de Palacio Nacional de que esta nueva variante de Covid-19 ha derivado en que en un alt\u00edsimo porcentaje se haya rebasado la solicitud de pruebas -tanto de ant\u00edgenos como PCR- de gente que tiene que presentarse a trabajar. Para muestra est\u00e1 que para la primera semana de enero, se calcula que se registraron alrededor de 92 mil solicitudes de certificados para saber si hay o no, contagio.<\/p>\n<p>Y al respecto, hay que se\u00f1alar que adem\u00e1s de que el flamante director del IMSS, <strong>Zo\u00e9 Robledo<\/strong>, no ha podido resolver el tema de las largu\u00edsimas filas en diferentes Hospitales del Instituto, hizo un acuerdo ni m\u00e1s ni menos que con otra eficiente integrante del gabinete lopezobradorista, la secretaria del Trabajo, <strong>Luis Mar\u00eda de Guadalupe Calder\u00f3n,<\/strong> para hacer un llamado a los empleadores \u201cpara que ayuden en la implementaci\u00f3n de los permisos Covid, que puedan tramitarse a distancia y sin la necesidad de prueba para evitar aglomeraciones\u201d.<\/p>\n<p>Se supone que qui\u00e9n sabe como para cuando, la Secretar\u00eda del Trabajo y el IMSS, iniciar\u00e1n una serie de acciones para poder resolver y evitar que los empleadores rechacen el permiso que emite el IMSS para poder acceder a la incapacidad por contagio de coronavirus.<\/p>\n<p>No, no son suficientes las convocatorias por las \u201cex benditas redes\u201d. La modalidad en l\u00ednea que tan emocionado anunci\u00f3 Robledo Aburto, no sirve para nada y la gente no tiene m\u00e1s recurso que seguirse yendo a formar por la madrugada, a ver si tienen la suerte de alcanzar una ficha.\u00a0 El austericidio en pleno<\/p>\n<p style=\"text-align: center;\"><strong>Municiones<\/strong><\/p>\n<p>*** Integrantes de la Comisi\u00f3n Especial para determinar la existencia de abusos de autoridad y violaciones al Estado de Derecho en Veracruz, la cual preside el senador por Movimiento Ciudadano, <strong>Dante Delgado<\/strong>, denunciaron ahora el caso del diputado federal electo, <strong>Rogelio Franco Cast\u00e1n<\/strong>, quien est\u00e1 en prisi\u00f3n desde marzo de 2021 por el delito de ultrajes a la autoridad.\u00a0En conferencia de prensa, la senadora Ver\u00f3nica Delgadillo Garc\u00eda, de Movimiento Ciudadano; <strong>Miguel \u00c1ngel Mancera Espinosa<\/strong>, coordinador del PRD en el Senado, indicaron que este caso se suma al del secretario t\u00e9cnico de la Junta de Coordinaci\u00f3n Pol\u00edtica, <strong>Jos\u00e9 Manuel del R\u00edo Virgen<\/strong>, y al de un sinf\u00edn de veracruzanos.\u00a0El titular de la defensa del diputado Rogelio Franco, <strong>Luis Enrique Gonz\u00e1lez Lira<\/strong>, afirm\u00f3 que la detenci\u00f3n es un acto arbitrario, injustificado y desapegado al Estado de Derecho. Detall\u00f3 que no hay ning\u00fan elemento jur\u00eddico que acredite un riesgo cautelar para que Franco Cast\u00e1n se encuentre tras las rejas, ni existe evidencia o materia probatoria para que se le aplique la prisi\u00f3n preventiva, porque con eso de que lo aprobado por el Congreso local, absolutamente morenista, sobre el \u201cdelito\u201d de \u201cultrajes a la autoridad\u201d, se ha desatado una \u201ccacer\u00eda de brujas\u201d.<\/p>\n<p>*** Como politiquer\u00eda, as\u00ed calific\u00f3 la jefa de Gobierno de la Ciudad de M\u00e9xico, <strong>Claudia Sheinbaum<\/strong>, la solicitud que hiciera el PAN para que la capital de la Rep\u00fablica regrese a sem\u00e1foro naranja, debido al alto grado y velocidad de contagios Covid \u00d3micron. La funcionaria capitalina se\u00f1al\u00f3 que las decisiones que toma su gobierno en torno a esta cuarta ola, se hace en base a \u201cbases cient\u00edficas\u201d. Que no se haga la se\u00f1ora Sheinbaum Pardo, porque ella tambi\u00e9n sabe poner una buena dosis de ambici\u00f3n pol\u00edtica a sus asuntos. Ah\u00ed est\u00e1 como prueba que hace dos d\u00edas, quiso quitar de tajo los Kioscos de la Salud que se instalaron en las alcald\u00edas Benito Ju\u00e1rez y Miguel Hidalgo, cuyos titulares son <strong>Santiago Taboada<\/strong> y <strong>Maurico Tabe Echartea<\/strong> y envi\u00f3 personal que \u201csali\u00f3 por cuerdas\u201d, corridos por quienes quer\u00edan tener acceso a una prueba. C\u00f3mo le duele a Sheinbaum haber perdido la mitad de la CDMX en las pasadas elecciones, \u00bfy as\u00ed quiere llegar al 2024? Est\u00e1 la funcionaria, igualita que el gobernador de Veracruz, el flamante Cuitl\u00e1huac Garc\u00eda, que suponen que con el respaldo de Palacio Nacional les basta. Parece que el \u201cdedito\u201d presidencial no es tan m\u00e1gico como ellos quisieran.<\/p>\n<p>*** Por cierto, en la irresponsabilidad cay\u00f3 nuevamente el Presidente al reunirse sin la menor precauci\u00f3n de manera personal con los secretarios L\u00f3pez Hern\u00e1ndez y Ram\u00edrez de la O. Desde luego que no hubo de por medio el cubrebocas KN95, que es el m\u00e1s recomendable para enfrentar esta nueva ola de Covid. La persona que padezca la enfermedad, debe estar aislada y sin hablar.<\/p>\n<p><u><a href=\"mailto:morcora@gmail.com\" target=\"_blank\" rel=\"noopener noreferrer\"><em>morcora@gmail.com<\/em><\/a><\/u><\/p>\n","protected":false},"excerpt":{"rendered":"<p><span style=\"color: #005497;\"><strong>Adriana Moreno Cordero<\/strong><\/span><\/p>\n","protected":false},"author":3,"featured_media":0,"comment_status":"open","ping_status":"open","sticky":false,"template":"","format":"standard","meta":{"_monsterinsights_skip_tracking":false,"_monsterinsights_sitenote_active":false,"_monsterinsights_sitenote_note":"","_monsterinsights_sitenote_category":0,"footnotes":""},"categories":[69370],"tags":[69369,69368,43674],"class_list":["post-532071","post","type-post","status-publish","format-standard","hentry","category-adriana-moreno-cordero","tag-adriana-moreno-cordero","tag-la-retaguardia","tag-opinion"],"_links":{"self":[{"href":"https:\/\/www.diarioimagen.net\/index.php?rest_route=\/wp\/v2\/posts\/532071","targetHints":{"allow":["GET"]}}],"collection":[{"href":"https:\/\/www.diarioimagen.net\/index.php?rest_route=\/wp\/v2\/posts"}],"about":[{"href":"https:\/\/www.diarioimagen.net\/index.php?rest_route=\/wp\/v2\/types\/post"}],"author":[{"embeddable":true,"href":"https:\/\/www.diarioimagen.net\/index.php?rest_route=\/wp\/v2\/users\/3"}],"replies":[{"embeddable":true,"href":"https:\/\/www.diarioimagen.net\/index.php?rest_route=%2Fwp%2Fv2%2Fcomments&post=532071"}],"version-history":[{"count":0,"href":"https:\/\/www.diarioimagen.net\/index.php?rest_route=\/wp\/v2\/posts\/532071\/revisions"}],"wp:attachment":[{"href":"https:\/\/www.diarioimagen.net\/index.php?rest_route=%2Fwp%2Fv2%2Fmedia&parent=532071"}],"wp:term":[{"taxonomy":"category","embeddable":true,"href":"https:\/\/www.diarioimagen.net\/index.php?rest_route=%2Fwp%2Fv2%2Fcategories&post=532071"},{"taxonomy":"post_tag","embeddable":true,"href":"https:\/\/www.diarioimagen.net\/index.php?rest_route=%2Fwp%2Fv2%2Ftags&post=532071"}],"curies":[{"name":"wp","href":"https:\/\/api.w.org\/{rel}","templated":true}]}}