{"id":532087,"date":"2022-01-14T00:11:40","date_gmt":"2022-01-14T06:11:40","guid":{"rendered":"https:\/\/www.diarioimagen.net\/?p=532087"},"modified":"2022-01-13T22:21:08","modified_gmt":"2022-01-14T04:21:08","slug":"ariadna-montiel-bajo-sospecha","status":"publish","type":"post","link":"https:\/\/www.diarioimagen.net\/?p=532087","title":{"rendered":"Ariadna Montiel, bajo sospecha"},"content":{"rendered":"<h2>\u00cdndice pol\u00edtico<\/h2>\n<h5>Francisco Rodr\u00edguez<\/h5>\n<p>&nbsp;<\/p>\n<ul>\n<li><strong><em>Gana Monreal primer round<\/em><\/strong><\/li>\n<li><strong><em>CitiGroup avizora tormenta financiera<\/em><\/strong><\/li>\n<\/ul>\n<p>&nbsp;<\/p>\n<p>No escribir\u00e9 que fue para su personal beneficio.<\/p>\n<p>No creo que aquello por lo se le haya acusado penalmente haya llenado sus propias alforjas.<\/p>\n<p>De lo que s\u00ed estoy cierto es de que, al final del sexenio de AMLO al frente del GDF, a la reci\u00e9n nombrada secretaria de Bienestar del actual gobiernito federal, Ariadna Montiel, se le inici\u00f3 una investigaci\u00f3n por desv\u00edo millonario de recursos.<\/p>\n<p>El expediente de la indagatoria es el AP\/FSP\/B\/1345\/09-06 y, para no variar en este pa\u00eds de la impunidad, hasta finales de la anterior administraci\u00f3n capitalina se encontraba archivado en la Fiscal\u00eda para Servidores P\u00fablicos de la entonces llamada PGJDF.<\/p>\n<p>Lo que presumo es que en la actual Fiscal\u00eda capitalina es muy probable que el expediente ya hasta haya desaparecido. Complicidades partidarias, usted sabe.<\/p>\n<p>Montiel forma parte del grupo pol\u00edtico que encabeza\u00a0<em>El Profe<\/em>\u00a0Ren\u00e9 Bejarano. Y \u00e9ste no la desprotegi\u00f3 ante las acusaciones de desfalco en RTP, la l\u00ednea de transporte p\u00fablico del gobierno de lo que era el Distrito Federal. La hizo diputada a la ALDF, para protegerla con el fuero, en donde presidi\u00f3 la Comisi\u00f3n de Gobierno.<\/p>\n<p>Al salir de la RTP hered\u00f3 el cargo a su brazo derecho, Arturo Gonz\u00e1lez Reyes, quien lo desempe\u00f1\u00f3 de 2012 a 2014, hasta que falleci\u00f3 a causa de un infarto.<\/p>\n<p>Pero volviendo a la flamante secretaria del Despacho Presidencial. Adem\u00e1s de esa Averiguaci\u00f3n Previa por desv\u00edo de fondos p\u00fablicos, Ariadna Montiel dej\u00f3 una herencia de cerca de 400 demandas laborales en contra de RTP al abandonar el puesto. As\u00ed como aclarar los rumores de los bienes que posee, una mansi\u00f3n en la colonia Del Valle y autos de lujo.<\/p>\n<p>La secretaria de Bienestar reci\u00e9n nombrada por AMLO, bajo sospecha.<\/p>\n<p>\u00bfNo cree usted?<\/p>\n<p style=\"text-align: center;\"><strong>Indicios\u00a0<\/strong><\/p>\n<p>En efecto. Los recientes cambios en el gabinete presidencial \u2013pese a que AMLO reci\u00e9n hab\u00eda dicho que ya no los habr\u00eda-, obedecen al retraso que sufre una de las obras fara\u00f3nicas del \u201ccaudillo\u201d: el Tren Maya. Protestas de grupos ejidales, en primer lugar, pero tambi\u00e9n la existencia de vestigios de \u00a1toda una ciudad de la cultura maya! sepultada justo bajo uno de los trazos originales del tendido de las v\u00edas. Las reticencias para cambiar la ruta por segunda o tercera ocasi\u00f3n -lo que anunci\u00f3 el Presidente la semana anterior\u2014 proven\u00edan del subsecretario de la SITC Carlos Mor\u00e1n Moguel, a quien se envi\u00f3 a un cargo menor como lo es la direcci\u00f3n del desastrado Aeropuerto Internacional de Ciudad de M\u00e9xico. Para agilizar los tr\u00e1mites en Infraestructura y Comunicaciones y Transportes el titular del Ejecutivo envi\u00f3 a Rogelio\u00a0<em>El Frijolito<\/em>\u00a0Jim\u00e9nez Pons pues, como encargado del proyecto en Fonatur, conoce como nadie d\u00f3nde est\u00e1 atorado el proyecto. Y a Javier May, ajonjol\u00ed de todos los moles, lo bajaron de la titularidad de la Secretar\u00eda del Bienestar y lo hicieron reemplazo en Fonatur. Como se ve, a algunos los arroll\u00f3 el tren \u2013Mor\u00e1n Moguel y May- y a otros los empuj\u00f3 hacia arriba -Montiel y el llamado Frijolito, por su aparici\u00f3n como actor infantil en una pel\u00edcula en la que desempe\u00f1aba el papel de un personaje con ese mote. * *<\/p>\n<p>El l\u00edder senatorial Ricardo Monreal est\u00e1 bajo la metralla de los radicales. Chairos, en redes sociales, que incluso han hackeado su cuenta de Twitter. Amlovers que filtran\u00a0<em>fake news<\/em>. Senadoras que responden a las instrucciones de Claudia Sheinbaum y de su operador Mart\u00ed Batres. \u00a1La sucesi\u00f3n presidencial adelantada en Morena! Y todo para que \u201cla favorita de Palacio\u201d no quedara fuera de la lista de presidenciables tras el tr\u00e1gico accidente del Metro del 3 de mayo de 2021. Para distraer, s\u00ed, pero tambi\u00e9n para que la jefa de Gobierno de CDMX no fuese descartada por su responsabilidad en la muerte de 26 personas y las heridas y consecuencias que a\u00fan sufren quienes viajaban esa noche en la malhadada L\u00ednea 12. * * * Pero, a final de cuentas -y en pol\u00edtica lo que importa es el resultado- tras las evidencias y la exposici\u00f3n en los medios, a la Fiscal\u00eda General del Estado de Veracruz no le qued\u00f3 m\u00e1s remedio que acatar las recomendaciones que hizo la CNDH, en diciembre pasado, al gobiernito de Cuitl\u00e1huac Garc\u00eda para sancionar a quienes violentaron los Derechos Humanos de los seis j\u00f3venes encarcelados en Pacho Viejo y que gracias a las gestiones del senador Monreal hoy est\u00e1n libres. Presumo que lo mismo suceder\u00e1 en el caso del secretario t\u00e9cnico de la Junta de Coordinaci\u00f3n Pol\u00edtica senatorial, Jos\u00e9 Manuel del R\u00edo Virgen. * * * \u00bfQui\u00e9n se traga la p\u00edldora de que CitiGroup vende Banamex porque conf\u00eda en la estabilidad financiera y econ\u00f3mica de M\u00e9xico? No hay quien se deshaga de un negocio que s\u00f3lo entre enero y noviembre de 2021 obtuvo utilidades por \u00a118 mil 133 millones de pesos! y que, adem\u00e1s, sigue recibiendo millonarios recursos del mecanismo que originalmente se llam\u00f3 Fobaproa y despu\u00e9s fue rebautizado como Instituto de Protecci\u00f3n al Ahorro Bancario.\u00a0A julio de 2021, el saldo de los pasivos del IPAB, antes el Fondo Bancario de Protecci\u00f3n al Ahorro, sumaron 975 mil 892 millones de pesos, a ellos se a\u00f1aden 45 mil 579 millones de pesos por el programa de apoyo a deudores. Se va el grupo financiero neoyorquino porque sus proyecciones avisan del desastre financiero que se le avecina a nuestro pa\u00eds. Y m\u00e1s vale que digan aqu\u00ed corri\u00f3 que aqu\u00ed qued\u00f3. * * * La Administraci\u00f3n lopezobradorista desconoce el t\u00e9rmino autonom\u00eda y se entromete en asuntos de entidades p\u00fablicas que gozan de esa calidad. Organismos constitucionales aut\u00f3nomos, la UNAM entre otras instituciones de educaci\u00f3n superior y de investigaci\u00f3n, y ahora el INE han sufrido embates de todo tipo. Esa intervenci\u00f3n es directa, abierta, sin tapujos. El gobiernito le dice a la instituci\u00f3n electoral en qu\u00e9 y cu\u00e1nto debe ahorrar, a\u00fan y cuando la ley les proh\u00edba meter mano en los rubros que AMLO y sus muchachos quieren porque quieren. Al final del d\u00eda lo que en realidad se busca es mermar al INE ante los ojos de la poblaci\u00f3n mayoritariamente desinformada y\u00a0<em>chayoteada<\/em>\u00a0con \u201cayudas sociales\u201d * * *\u00a0Y por hoy es todo. Le agradezco la lectura de estas l\u00edneas y, como siempre, le deseo \u00a1buenas gracias y muchos, muchos d\u00edas!<\/p>\n<p><em><u><a href=\"http:\/\/www.indicepolitico.com\" target=\"_blank\" rel=\"noopener noreferrer\">www.indicepolitico.com<\/a><\/u><u><br \/>\n<\/u><a href=\"mailto:indicepolitico@gmail.com\" target=\"_blank\" rel=\"noopener noreferrer\">indicepolitico@gmail.com<\/a><\/em><br \/>\n<em><a href=\"https:\/\/twitter.com\/indicepolitico?lang=es\" target=\"_blank\" rel=\"noopener noreferrer\">@IndicePolitico<\/a><\/em><br \/>\n<em><u><a href=\"https:\/\/twitter.com\/pacorodriguez\" target=\"_blank\" rel=\"noopener noreferrer\">@pacorodriguez<\/a><\/u><\/em><\/p>\n","protected":false},"excerpt":{"rendered":"<p><span style=\"color: #005497;\"><strong>Francisco Rodr\u00edguez<\/strong><\/span><br \/>\n<br \/>\nNo escribir\u00e9 que fue para su personal beneficio.   No creo que aquello por lo se le haya acusado penalmente haya llenado sus propias alforjas.<\/p>\n","protected":false},"author":3,"featured_media":0,"comment_status":"open","ping_status":"open","sticky":false,"template":"","format":"standard","meta":{"_monsterinsights_skip_tracking":false,"_monsterinsights_sitenote_active":false,"_monsterinsights_sitenote_note":"","_monsterinsights_sitenote_category":0,"footnotes":""},"categories":[549],"tags":[43689,550,43674],"class_list":["post-532087","post","type-post","status-publish","format-standard","hentry","category-francisco-rodriguez","tag-francisco-rodriguez","tag-indice-politico","tag-opinion"],"_links":{"self":[{"href":"https:\/\/www.diarioimagen.net\/index.php?rest_route=\/wp\/v2\/posts\/532087","targetHints":{"allow":["GET"]}}],"collection":[{"href":"https:\/\/www.diarioimagen.net\/index.php?rest_route=\/wp\/v2\/posts"}],"about":[{"href":"https:\/\/www.diarioimagen.net\/index.php?rest_route=\/wp\/v2\/types\/post"}],"author":[{"embeddable":true,"href":"https:\/\/www.diarioimagen.net\/index.php?rest_route=\/wp\/v2\/users\/3"}],"replies":[{"embeddable":true,"href":"https:\/\/www.diarioimagen.net\/index.php?rest_route=%2Fwp%2Fv2%2Fcomments&post=532087"}],"version-history":[{"count":0,"href":"https:\/\/www.diarioimagen.net\/index.php?rest_route=\/wp\/v2\/posts\/532087\/revisions"}],"wp:attachment":[{"href":"https:\/\/www.diarioimagen.net\/index.php?rest_route=%2Fwp%2Fv2%2Fmedia&parent=532087"}],"wp:term":[{"taxonomy":"category","embeddable":true,"href":"https:\/\/www.diarioimagen.net\/index.php?rest_route=%2Fwp%2Fv2%2Fcategories&post=532087"},{"taxonomy":"post_tag","embeddable":true,"href":"https:\/\/www.diarioimagen.net\/index.php?rest_route=%2Fwp%2Fv2%2Ftags&post=532087"}],"curies":[{"name":"wp","href":"https:\/\/api.w.org\/{rel}","templated":true}]}}