{"id":532177,"date":"2022-01-17T00:05:26","date_gmt":"2022-01-17T06:05:26","guid":{"rendered":"https:\/\/www.diarioimagen.net\/?p=532177"},"modified":"2022-01-18T04:31:44","modified_gmt":"2022-01-18T10:31:44","slug":"vigente-legado-plastico-de-leopoldo-flores-en-vitral-los-elementos","status":"publish","type":"post","link":"https:\/\/www.diarioimagen.net\/?p=532177","title":{"rendered":"Vigente, legado pl\u00e1stico de Leopoldo Flores en vitral \u201cLos Elementos\u201d"},"content":{"rendered":"<p><em>\u00a0<\/em><\/p>\n<p><strong><em>El vitral \u201cLos Elementos\u201d, obra que el artista comenz\u00f3 antes de su fallecimiento en 2016, es la continuaci\u00f3n de la primera obra del muralista, \u201cAratm\u00f3sfera\u201d. Es el segundo vitral no religioso m\u00e1s grande de Am\u00e9rica Latina<\/em><\/strong><\/p>\n<p>&nbsp;<\/p>\n<div id=\"attachment_532290\" style=\"width: 470px\" class=\"wp-caption aligncenter\"><a href=\"https:\/\/www.diarioimagen.net\/?attachment_id=532290\" rel=\"attachment wp-att-532290\"><img loading=\"lazy\" decoding=\"async\" aria-describedby=\"caption-attachment-532290\" class=\"size-full wp-image-532290\" src=\"https:\/\/www.diarioimagen.net\/wp-content\/uploads\/2022\/01\/uaem-10.jpg\" alt=\"\" width=\"460\" height=\"270\" \/><\/a><p id=\"caption-attachment-532290\" class=\"wp-caption-text\">A trav\u00e9s de cristales de color verde, azul, rojo y amarillo tra\u00eddos desde Canad\u00e1, Estados Unidos y Monterrey, \u201cLos Elementos\u201d permite apreciar cuatro hombres entrelazados que representan los cuatro elementos.<\/p><\/div>\n<p>&nbsp;<\/p>\n<p><strong>Toluca, Estado de M\u00e9xico.\u2014<\/strong> Su pasi\u00f3n por la naturaleza, as\u00ed como la fuerza que representan el fuego, la tierra, el aire y el agua, que de acuerdo con la filosof\u00eda griega son el inicio de la humanidad, inspir\u00f3 al artista mexiquense Leopoldo Flores Vald\u00e9s a crear el vitral \u201cLos Elementos\u201d.<\/p>\n<p>La universitaria e hija del artista pl\u00e1stico, Deni Flores Mondrag\u00f3n, destac\u00f3 que la concepci\u00f3n y dise\u00f1o de esta obra monumental, -que actualmente forma parte de la biblioteca de la Facultad de Ingenier\u00eda de la Universidad Aut\u00f3noma del Estado de M\u00e9xico (UAEM)- comenz\u00f3 en 2012, a pesar del Parkinson que padec\u00eda el maestro Leopoldo Flores, que entonces ten\u00eda casi ocho d\u00e9cadas de vida.<\/p>\n<p>Sin embargo, fue hasta 2014 cuando se iniciaron los trabajos de construcci\u00f3n con un equipo de herreros y vitralistas que ayudaron a darle forma a los trazos que el artista mexiquense plasm\u00f3 en un lienzo de papel kraft, para finalmente, en 2017, un a\u00f1o despu\u00e9s de su fallecimiento, ser concluido e inaugurado para el disfrute de la comunidad universitaria y la sociedad toluque\u00f1a como parte del proyecto que ten\u00eda el Doctor Honoris Causa por la UAEM de transformar a la capital mexiquense en una ciudad museo.<\/p>\n<p>Flores Mondrag\u00f3n explic\u00f3 que a pesar de no ser universitario, el pintor y muralista originario de Tenancingo siempre mostr\u00f3 cari\u00f1o por la M\u00e1xima Casa de Estudios mexiquense, ya que fue en el Estadio Universitario \u201cAlberto \u2018Chivo\u2019 C\u00f3rdova\u201d donde realiz\u00f3 su primera gran obra en 1974, \u201cAratm\u00f3sfera\u201d, la cual, de acuerdo con la hija del artista, se vincula con el vitral \u201cLos Elementos\u201d, al estar el inicio y final de su obra art\u00edstica dentro de Ciudad Universitaria.<\/p>\n<p>A trav\u00e9s de cristales de color verde, azul, rojo y amarillo tra\u00eddos desde Canad\u00e1, Estados Unidos y Monterrey, \u201cLos Elementos\u201d permite apreciar cuatro hombres entrelazados que representan los cuatro elementos.<\/p>\n<p>La hija del reconocido artista mexiquense detall\u00f3 que en este vitral se pueden apreciar 18 tonalidades diferentes de color a lo largo de los cuatro arcos que conforman la biblioteca de la Facultad de Ingenier\u00eda y que tienen una extensi\u00f3n de m\u00e1s de 300 metros cuadrados, por lo cual ha sido considerado como el segundo vitral no religioso m\u00e1s grande de Am\u00e9rica Latina.\u00a0 Leopoldo Flores Vald\u00e9s naci\u00f3 en Tenancingo, Estado de M\u00e9xico, el 15 de enero de 1934, por lo que este 2022 cumplir\u00eda 88 a\u00f1os. La obra del artista mexiquense no solo se encuentra en la Aut\u00f3noma Mexiquense, sino que tambi\u00e9n forma parte de distintos espacios importantes para la sociedad toluque\u00f1a como los recintos de los poderes Ejecutivo, Legislativo y Judicial.<\/p>\n","protected":false},"excerpt":{"rendered":"<p>Su pasi\u00f3n por la naturaleza, as\u00ed como la fuerza que representan el fuego, la tierra, el aire y el agua, que de acuerdo con la filosof\u00eda griega son el inicio de la humanidad, inspir\u00f3 al artista mexiquense Leopoldo Flores Vald\u00e9s a crear el vitral \u201cLos Elementos\u201d.<\/p>\n","protected":false},"author":3,"featured_media":532290,"comment_status":"open","ping_status":"open","sticky":false,"template":"","format":"standard","meta":{"_monsterinsights_skip_tracking":false,"_monsterinsights_sitenote_active":false,"_monsterinsights_sitenote_note":"","_monsterinsights_sitenote_category":0,"footnotes":""},"categories":[5],"tags":[43675,94334,452,1491],"class_list":["post-532177","post","type-post","status-publish","format-standard","has-post-thumbnail","hentry","category-estado-de-mexico","tag-estado-de-mexico","tag-los-elementos","tag-toluca","tag-uaem"],"_links":{"self":[{"href":"https:\/\/www.diarioimagen.net\/index.php?rest_route=\/wp\/v2\/posts\/532177","targetHints":{"allow":["GET"]}}],"collection":[{"href":"https:\/\/www.diarioimagen.net\/index.php?rest_route=\/wp\/v2\/posts"}],"about":[{"href":"https:\/\/www.diarioimagen.net\/index.php?rest_route=\/wp\/v2\/types\/post"}],"author":[{"embeddable":true,"href":"https:\/\/www.diarioimagen.net\/index.php?rest_route=\/wp\/v2\/users\/3"}],"replies":[{"embeddable":true,"href":"https:\/\/www.diarioimagen.net\/index.php?rest_route=%2Fwp%2Fv2%2Fcomments&post=532177"}],"version-history":[{"count":0,"href":"https:\/\/www.diarioimagen.net\/index.php?rest_route=\/wp\/v2\/posts\/532177\/revisions"}],"wp:featuredmedia":[{"embeddable":true,"href":"https:\/\/www.diarioimagen.net\/index.php?rest_route=\/wp\/v2\/media\/532290"}],"wp:attachment":[{"href":"https:\/\/www.diarioimagen.net\/index.php?rest_route=%2Fwp%2Fv2%2Fmedia&parent=532177"}],"wp:term":[{"taxonomy":"category","embeddable":true,"href":"https:\/\/www.diarioimagen.net\/index.php?rest_route=%2Fwp%2Fv2%2Fcategories&post=532177"},{"taxonomy":"post_tag","embeddable":true,"href":"https:\/\/www.diarioimagen.net\/index.php?rest_route=%2Fwp%2Fv2%2Ftags&post=532177"}],"curies":[{"name":"wp","href":"https:\/\/api.w.org\/{rel}","templated":true}]}}