{"id":532218,"date":"2022-01-17T00:03:39","date_gmt":"2022-01-17T06:03:39","guid":{"rendered":"https:\/\/www.diarioimagen.net\/?p=532218"},"modified":"2022-01-17T03:24:25","modified_gmt":"2022-01-17T09:24:25","slug":"en-cuautitlan-encaminamos-politicas-publicas-para-dar-resultados-aldo-ledezma","status":"publish","type":"post","link":"https:\/\/www.diarioimagen.net\/?p=532218","title":{"rendered":"En Cuautitl\u00e1n, encaminamos pol\u00edticas p\u00fablicas para dar resultados: Aldo Ledezma"},"content":{"rendered":"<p>&nbsp;<\/p>\n<ul>\n<li><strong><em>De la mano del gobierno federal y estatal<\/em><\/strong><\/li>\n<\/ul>\n<p>&nbsp;<\/p>\n<div id=\"attachment_532349\" style=\"width: 470px\" class=\"wp-caption aligncenter\"><a href=\"https:\/\/www.diarioimagen.net\/?attachment_id=532349\" rel=\"attachment wp-att-532349\"><img loading=\"lazy\" decoding=\"async\" aria-describedby=\"caption-attachment-532349\" class=\"size-full wp-image-532349\" src=\"https:\/\/www.diarioimagen.net\/wp-content\/uploads\/2022\/01\/cuautitlan-1.jpg\" alt=\"\" width=\"460\" height=\"270\" \/><\/a><p id=\"caption-attachment-532349\" class=\"wp-caption-text\">Aldo Ledezma Reyna reiter\u00f3 su compromiso de trabajar de forma coordinada para el combate de la delincuencia en la regi\u00f3n.<\/p><\/div>\n<p>&nbsp;<\/p>\n<p><strong>Cuautitl\u00e1n, Estado de M\u00e9xico.\u2014<\/strong> Encaminamos las pol\u00edticas p\u00fablicas trasversales del gobierno de Cuautitl\u00e1n para dar resultados a la ciudadan\u00eda, destac\u00f3 el presidente municipal C.P. Aldo Ledezma Reyna, durante la Sesi\u00f3n del Grupo de Coordinaci\u00f3n Territorial para la Construcci\u00f3n de la Paz, ante la representaci\u00f3n del gobierno federal, realizada en el municipio.<\/p>\n<p>Las pol\u00edticas integrales que estamos aplicando, caminan de la mano del gobierno federal y estatal, y hoy necesitamos cuerpos policiacos m\u00e1s cercanos a la gente, para darle la confianza que se necesita, asever\u00f3 el alcalde, al reconocer la importancia de la realizaci\u00f3n de estas mesas de trabajo para tomar acciones contundentes en materia de seguridad.<\/p>\n<p>Al contar con la asistencia de los alcaldes de Tepotzotl\u00e1n y Teoloyucan, representantes de los municipios de Melchor Ocampo y Coyotepec, as\u00ed como de la Guardia Nacional, la Fiscal\u00eda, de seguridad p\u00fablica estatal y comisarios de la zona, Ledezma Reyna reiter\u00f3 su compromiso de trabajar de forma coordinada para el combate de la delincuencia en la regi\u00f3n.<\/p>\n<p>El alcalde, enfatiz\u00f3 que el gobierno de Cuautitl\u00e1n facilitar\u00e1 a los tres niveles de gobierno y sus dependencias todas las herramientas necesarias para atender el tema de la seguridad y alcanzar los objetivos que la ciudadan\u00eda hoy necesita, apunt\u00f3. Durante el desarrollo de la sesi\u00f3n se dieron a conocer los incidentes m\u00e1s relevantes ocurridos en los municipios y sus zonas lim\u00edtrofes, para delinear las acciones que permitan combatir la delincuencia de forma coordinada y al mismo tiempo programar operativos conjuntos entre los tres niveles de gobierno, coincidieron los alcaldes, comisarios y representantes de las dependencias federales y estatales presentes.<\/p>\n<p>Al mismo tiempo coincidieron que la presencia de los alcaldes y las dependencias involucradas en el tema de seguridad en las mesas de trabajo, son de vital importancia para alcanzar buenos resultados en el combate a la delincuencia, al tomar acciones contundentes como los operativos intermunicipales.<\/p>\n","protected":false},"excerpt":{"rendered":"<p>Encaminamos las pol\u00edticas p\u00fablicas trasversales del gobierno de Cuautitl\u00e1n para dar resultados a la ciudadan\u00eda, destac\u00f3 el presidente municipal C.P. Aldo Ledezma Reyna, durante la Sesi\u00f3n del Grupo de Coordinaci\u00f3n Territorial para la Construcci\u00f3n de la Paz, ante la representaci\u00f3n del gobierno federal, realizada en el municipio.<\/p>\n","protected":false},"author":3,"featured_media":532349,"comment_status":"open","ping_status":"open","sticky":false,"template":"","format":"standard","meta":{"_monsterinsights_skip_tracking":false,"_monsterinsights_sitenote_active":false,"_monsterinsights_sitenote_note":"","_monsterinsights_sitenote_category":0,"footnotes":""},"categories":[5],"tags":[70005,681,43675,94341],"class_list":["post-532218","post","type-post","status-publish","format-standard","has-post-thumbnail","hentry","category-estado-de-mexico","tag-aldo-ledezma-reyna","tag-cuautitlan","tag-estado-de-mexico","tag-politicas-publicas"],"_links":{"self":[{"href":"https:\/\/www.diarioimagen.net\/index.php?rest_route=\/wp\/v2\/posts\/532218","targetHints":{"allow":["GET"]}}],"collection":[{"href":"https:\/\/www.diarioimagen.net\/index.php?rest_route=\/wp\/v2\/posts"}],"about":[{"href":"https:\/\/www.diarioimagen.net\/index.php?rest_route=\/wp\/v2\/types\/post"}],"author":[{"embeddable":true,"href":"https:\/\/www.diarioimagen.net\/index.php?rest_route=\/wp\/v2\/users\/3"}],"replies":[{"embeddable":true,"href":"https:\/\/www.diarioimagen.net\/index.php?rest_route=%2Fwp%2Fv2%2Fcomments&post=532218"}],"version-history":[{"count":0,"href":"https:\/\/www.diarioimagen.net\/index.php?rest_route=\/wp\/v2\/posts\/532218\/revisions"}],"wp:featuredmedia":[{"embeddable":true,"href":"https:\/\/www.diarioimagen.net\/index.php?rest_route=\/wp\/v2\/media\/532349"}],"wp:attachment":[{"href":"https:\/\/www.diarioimagen.net\/index.php?rest_route=%2Fwp%2Fv2%2Fmedia&parent=532218"}],"wp:term":[{"taxonomy":"category","embeddable":true,"href":"https:\/\/www.diarioimagen.net\/index.php?rest_route=%2Fwp%2Fv2%2Fcategories&post=532218"},{"taxonomy":"post_tag","embeddable":true,"href":"https:\/\/www.diarioimagen.net\/index.php?rest_route=%2Fwp%2Fv2%2Ftags&post=532218"}],"curies":[{"name":"wp","href":"https:\/\/api.w.org\/{rel}","templated":true}]}}