{"id":532222,"date":"2022-01-17T00:03:03","date_gmt":"2022-01-17T06:03:03","guid":{"rendered":"https:\/\/www.diarioimagen.net\/?p=532222"},"modified":"2022-01-17T03:22:51","modified_gmt":"2022-01-17T09:22:51","slug":"arranca-programa-de-reordenamiento-vial-en-la-cabecera-municipal-de-huixquilucan","status":"publish","type":"post","link":"https:\/\/www.diarioimagen.net\/?p=532222","title":{"rendered":"Arranca programa de reordenamiento vial en la cabecera municipal de Huixquilucan"},"content":{"rendered":"<p>&nbsp;<\/p>\n<ul>\n<li><strong><em>Primeros dos parabuses sobre la avenida Venustiano Carranza<\/em><\/strong><\/li>\n<\/ul>\n<p>&nbsp;<\/p>\n<div id=\"attachment_532343\" style=\"width: 470px\" class=\"wp-caption aligncenter\"><a href=\"https:\/\/www.diarioimagen.net\/?attachment_id=532343\" rel=\"attachment wp-att-532343\"><img loading=\"lazy\" decoding=\"async\" aria-describedby=\"caption-attachment-532343\" class=\"size-full wp-image-532343\" src=\"https:\/\/www.diarioimagen.net\/wp-content\/uploads\/2022\/01\/huixquilucan-10.jpg\" alt=\"\" width=\"460\" height=\"270\" \/><\/a><p id=\"caption-attachment-532343\" class=\"wp-caption-text\">El gobierno de Huixquilucan inici\u00f3 con el reordenamiento vial de la cabecera municipal, con lo que busca ordenar al transporte p\u00fablico y agilizar la circulaci\u00f3n sobre las calles de la zona tradicional.<\/p><\/div>\n<p>&nbsp;<\/p>\n<p><strong>Huixquilucan, Estado de M\u00e9xico.\u2014<\/strong> Con la puesta en marcha de los primeros dos parabuses sobre la avenida Venustiano Carranza, el gobierno de Huixquilucan inici\u00f3 con el reordenamiento vial de la cabecera municipal, con lo que busca ordenar al transporte p\u00fablico y agilizar la circulaci\u00f3n sobre las calles de la zona tradicional, ya que estos ser\u00e1n los puntos oficiales para el ascenso y descenso de pasajeros.<\/p>\n<p>Durante el arranque de este programa, Romina Contreras destac\u00f3 que ordenar el flujo vehicular y, sobre todo, el servicio del transporte p\u00fablico en el primer cuadro del municipio, es una demanda de la poblaci\u00f3n que vive o transita por esta zona.<\/p>\n<p>Indic\u00f3 que estos parabuses estar\u00e1n conectados a los Centros de Mando para que los transportistas, usuarios y la poblaci\u00f3n en general cuenten con la tranquilidad de que son seguros, adem\u00e1s de que est\u00e1n dise\u00f1ados para protegerlos de las inclemencias del clima, mientras abordan las unidades del transporte p\u00fablico.<\/p>\n<p>A partir de este d\u00eda, dichos parabuses se convierten en los puntos oficiales para las paradas del transporte p\u00fablico que cruza por la cabecera municipal y da servicio a diferentes puntos de la localidad.<\/p>\n<p>Romina Contreras inform\u00f3 que adem\u00e1s de que estos puntos contribuir\u00e1n a ofrecer un mejor servicio a usuarios y operadores del transporte p\u00fablico y agilizar el tr\u00e1fico vehicular, las nuevas estructuras elevan la calidad de la infraestructura urbana, lo que permite seguir posicionando a Huixquilucan entre los municipios mejor calificados en cuanto a servicios p\u00fablicos en el Estado de M\u00e9xico.<\/p>\n<p>\u201cSepan que estamos trabajando, este ayuntamiento est\u00e1 trabajando por todos y cada uno de ustedes; hoy iniciamos con este paradero en esta v\u00eda\u201d, se\u00f1al\u00f3 la presidenta municipal, previo a realizar el corte del list\u00f3n inaugural.<\/p>\n<p>Destac\u00f3 que la Direcci\u00f3n de Servicios P\u00fablicos y Urbanos llev\u00f3 a cabo una revisi\u00f3n de los puntos cr\u00edticos para el transporte p\u00fablico, con el fin de identificar los sitios esenciales para la instalaci\u00f3n de los primeros 25 parabuses que operar\u00e1n en el territorio municipal, a estos se sumar\u00e1 la labor de los elementos de Vialidad quienes vigilar\u00e1n que los conductores solo hagan ascensos y descensos en las \u00e1reas establecidas, al tiempo en que los automovilistas no podr\u00e1n estacionarse en los sitios se\u00f1alados.<\/p>\n<p>En el caso de la cabecera municipal, Romina Contreras subray\u00f3 que se instalar\u00e1n cerca de 15 parabuses, los cuales permitir\u00e1n el ordenamiento de siete rutas del transporte p\u00fablico que operan cerca de 300 unidades.<\/p>\n<p>Acompa\u00f1ada de integrantes del cuerpo edilicio, directores y habitantes de la zona, Romina Contreras abord\u00f3 una combi de transporte p\u00fablico, con lo que formalmente inici\u00f3 el uso de esta infraestructura urbana.<\/p>\n<p>Durante el arranque de este programa de ordenamiento vial, Eduardo Montoya Fonseca, delegado municipal del Tercer Cuartel, se\u00f1al\u00f3 que estos paraderos contribuir\u00e1n a tener un mejor funcionamiento del transporte p\u00fablico, as\u00ed como disminuir el tr\u00e1fico vehicular en el primer cuadro de Huixquilucan.<\/p>\n<p>Asimismo, asever\u00f3 que las autoridades auxiliares de Huixquilucan seguir\u00e1n sumando sus acciones a la actual administraci\u00f3n que encabeza Romina Contreras: \u201cdelegados y Copacis trabajaremos de la mano con usted en beneficio de los huixquiluquenses\u201d.<\/p>\n","protected":false},"excerpt":{"rendered":"<p>Con la puesta en marcha de los primeros dos parabuses sobre la avenida Venustiano Carranza, el gobierno de Huixquilucan inici\u00f3 con el reordenamiento vial de la cabecera municipal, con lo que busca ordenar al transporte p\u00fablico y agilizar la circulaci\u00f3n sobre las calles de la zona tradicional, ya que estos ser\u00e1n los puntos oficiales para el ascenso y descenso de pasajeros.<\/p>\n","protected":false},"author":3,"featured_media":532343,"comment_status":"open","ping_status":"open","sticky":false,"template":"","format":"standard","meta":{"_monsterinsights_skip_tracking":false,"_monsterinsights_sitenote_active":false,"_monsterinsights_sitenote_note":"","_monsterinsights_sitenote_category":0,"footnotes":""},"categories":[5],"tags":[94343,43675,1097,63185],"class_list":["post-532222","post","type-post","status-publish","format-standard","has-post-thumbnail","hentry","category-estado-de-mexico","tag-cabecera","tag-estado-de-mexico","tag-huixquilucan","tag-reordenamiento"],"_links":{"self":[{"href":"https:\/\/www.diarioimagen.net\/index.php?rest_route=\/wp\/v2\/posts\/532222","targetHints":{"allow":["GET"]}}],"collection":[{"href":"https:\/\/www.diarioimagen.net\/index.php?rest_route=\/wp\/v2\/posts"}],"about":[{"href":"https:\/\/www.diarioimagen.net\/index.php?rest_route=\/wp\/v2\/types\/post"}],"author":[{"embeddable":true,"href":"https:\/\/www.diarioimagen.net\/index.php?rest_route=\/wp\/v2\/users\/3"}],"replies":[{"embeddable":true,"href":"https:\/\/www.diarioimagen.net\/index.php?rest_route=%2Fwp%2Fv2%2Fcomments&post=532222"}],"version-history":[{"count":0,"href":"https:\/\/www.diarioimagen.net\/index.php?rest_route=\/wp\/v2\/posts\/532222\/revisions"}],"wp:featuredmedia":[{"embeddable":true,"href":"https:\/\/www.diarioimagen.net\/index.php?rest_route=\/wp\/v2\/media\/532343"}],"wp:attachment":[{"href":"https:\/\/www.diarioimagen.net\/index.php?rest_route=%2Fwp%2Fv2%2Fmedia&parent=532222"}],"wp:term":[{"taxonomy":"category","embeddable":true,"href":"https:\/\/www.diarioimagen.net\/index.php?rest_route=%2Fwp%2Fv2%2Fcategories&post=532222"},{"taxonomy":"post_tag","embeddable":true,"href":"https:\/\/www.diarioimagen.net\/index.php?rest_route=%2Fwp%2Fv2%2Ftags&post=532222"}],"curies":[{"name":"wp","href":"https:\/\/api.w.org\/{rel}","templated":true}]}}