{"id":532225,"date":"2022-01-17T00:04:55","date_gmt":"2022-01-17T06:04:55","guid":{"rendered":"https:\/\/www.diarioimagen.net\/?p=532225"},"modified":"2022-01-17T03:25:02","modified_gmt":"2022-01-17T09:25:02","slug":"refrenda-armando-navarrete-su-compromiso-a-favor-de-la-simplificacion-administrativa","status":"publish","type":"post","link":"https:\/\/www.diarioimagen.net\/?p=532225","title":{"rendered":"Refrenda Armando Navarrete su compromiso a favor de la simplificaci\u00f3n administrativa"},"content":{"rendered":"<p>&nbsp;<\/p>\n<div id=\"attachment_532352\" style=\"width: 470px\" class=\"wp-caption aligncenter\"><a href=\"https:\/\/www.diarioimagen.net\/?attachment_id=532352\" rel=\"attachment wp-att-532352\"><img loading=\"lazy\" decoding=\"async\" aria-describedby=\"caption-attachment-532352\" class=\"size-full wp-image-532352\" src=\"https:\/\/www.diarioimagen.net\/wp-content\/uploads\/2022\/01\/nicolas-2.jpg\" alt=\"\" width=\"460\" height=\"270\" \/><\/a><p id=\"caption-attachment-532352\" class=\"wp-caption-text\">Aldo Ledezma Reyna reiter\u00f3 su compromiso de trabajar de forma coordinada para el combate de la delincuencia en la regi\u00f3n.<\/p><\/div>\n<p>&nbsp;<\/p>\n<p><strong>Nicol\u00e1s Romero, Estado de M\u00e9xico.\u2014 <\/strong>Al otorgar el cuerpo edilicio su aprobaci\u00f3n para la conformaci\u00f3n de la Comisi\u00f3n Municipal de Mejora Regulatoria y Gobierno Digital, el alcalde Armando Navarrete L\u00f3pez, refrend\u00f3 su compromiso con la simplificaci\u00f3n administrativa, la transparencia y la rendici\u00f3n de cuentas.<\/p>\n<p>Durante la Primera Sesi\u00f3n Ordinaria de Cabildo, misma que se efectu\u00f3 de manera digital v\u00eda la plataforma Zoom, el edil destac\u00f3 que en Nicol\u00e1s Romero, contribuir a la agilizaci\u00f3n de los tr\u00e1mites que realiza la ciudadan\u00eda ante el gobierno local, es una de la m\u00e1s altas prioridades de su gesti\u00f3n, y uno de los ejes principales de la Cuarta Transformaci\u00f3n.<\/p>\n","protected":false},"excerpt":{"rendered":"<p>Al otorgar el cuerpo edilicio su aprobaci\u00f3n para la conformaci\u00f3n de la Comisi\u00f3n Municipal de Mejora Regulatoria y Gobierno Digital, el alcalde Armando Navarrete L\u00f3pez, refrend\u00f3 su compromiso con la simplificaci\u00f3n administrativa, la transparencia y la rendici\u00f3n de cuentas.<\/p>\n","protected":false},"author":3,"featured_media":532352,"comment_status":"open","ping_status":"open","sticky":false,"template":"","format":"standard","meta":{"_monsterinsights_skip_tracking":false,"_monsterinsights_sitenote_active":false,"_monsterinsights_sitenote_note":"","_monsterinsights_sitenote_category":0,"footnotes":""},"categories":[5],"tags":[79143,43675,752,94344],"class_list":["post-532225","post","type-post","status-publish","format-standard","has-post-thumbnail","hentry","category-estado-de-mexico","tag-administrativa","tag-estado-de-mexico","tag-nicolas-romero","tag-simplificacion"],"_links":{"self":[{"href":"https:\/\/www.diarioimagen.net\/index.php?rest_route=\/wp\/v2\/posts\/532225","targetHints":{"allow":["GET"]}}],"collection":[{"href":"https:\/\/www.diarioimagen.net\/index.php?rest_route=\/wp\/v2\/posts"}],"about":[{"href":"https:\/\/www.diarioimagen.net\/index.php?rest_route=\/wp\/v2\/types\/post"}],"author":[{"embeddable":true,"href":"https:\/\/www.diarioimagen.net\/index.php?rest_route=\/wp\/v2\/users\/3"}],"replies":[{"embeddable":true,"href":"https:\/\/www.diarioimagen.net\/index.php?rest_route=%2Fwp%2Fv2%2Fcomments&post=532225"}],"version-history":[{"count":0,"href":"https:\/\/www.diarioimagen.net\/index.php?rest_route=\/wp\/v2\/posts\/532225\/revisions"}],"wp:featuredmedia":[{"embeddable":true,"href":"https:\/\/www.diarioimagen.net\/index.php?rest_route=\/wp\/v2\/media\/532352"}],"wp:attachment":[{"href":"https:\/\/www.diarioimagen.net\/index.php?rest_route=%2Fwp%2Fv2%2Fmedia&parent=532225"}],"wp:term":[{"taxonomy":"category","embeddable":true,"href":"https:\/\/www.diarioimagen.net\/index.php?rest_route=%2Fwp%2Fv2%2Fcategories&post=532225"},{"taxonomy":"post_tag","embeddable":true,"href":"https:\/\/www.diarioimagen.net\/index.php?rest_route=%2Fwp%2Fv2%2Ftags&post=532225"}],"curies":[{"name":"wp","href":"https:\/\/api.w.org\/{rel}","templated":true}]}}