{"id":532250,"date":"2022-01-17T00:01:45","date_gmt":"2022-01-17T06:01:45","guid":{"rendered":"https:\/\/www.diarioimagen.net\/?p=532250"},"modified":"2022-01-17T01:24:39","modified_gmt":"2022-01-17T07:24:39","slug":"la-democracia-azteca-en-peligro","status":"publish","type":"post","link":"https:\/\/www.diarioimagen.net\/?p=532250","title":{"rendered":"La democracia azteca, en peligro"},"content":{"rendered":"<h2>De pe a pa<\/h2>\n<h5>Alberto Vieyra G.<\/h5>\n<p>&nbsp;<\/p>\n<p>AMLO juega con lumbre haciendo que la democracia azteca regrese a la era del control gubernamental como cuando el PRI protagonizaba la \u201cdictadura perfecta\u201d. Por \u00f3rdenes de AMLO, la C\u00e1mara de Diputados le neg\u00f3 4 mil 900 millones de pesos al INE para organizar la Revocaci\u00f3n de Mandato.<\/p>\n<p>El INE recurri\u00f3 a la Suprema Corte de Justicia de la Naci\u00f3n, pero el Tribunal Electoral del Poder Judicial concluy\u00f3 que el INE debe organizar la innecesaria Revocaci\u00f3n de Mandato, siempre y cuando la Secretar\u00eda de Hacienda le otorgue los recursos para que pueda cumplir con el art\u00edculo 35 constitucional, a fin de cumplir con su encomienda de garantizar que el innecesario ejercicio democr\u00e1tico resulte como si fuera una elecci\u00f3n federal instalando poquito m\u00e1s de 163 mil casillas en todo el pa\u00eds.<\/p>\n<p>Despu\u00e9s de mucho estira y afloja entre el r\u00e9gimen amlista y el INE, el titular de Gobernaci\u00f3n Ad\u00e1n Augusto L\u00f3pez Hern\u00e1ndez, dej\u00f3 claro en la ma\u00f1anera que \u201cya el presupuesto est\u00e1 comprometido y no habr\u00e1 reasignaciones por parte de Hacienda\u201d es decir, que al INE no le dar\u00e1n ni un clavo m\u00e1s, bueno, ni un peso partido por la mitad, y no solo eso, sino que como lo prometi\u00f3 hace una semana AMLO, meti\u00f3 al INE -una instituci\u00f3n aut\u00f3noma- en el costal de una dizque austeridad republicana, reduciendo salarios a toda la burocracia del INE, incluyendo seguros de gastos m\u00e9dicos y de vida a los 11 consejeros electorales; recortando sus gastos de operaci\u00f3n y rasurando sus fideicomisos, con lo cual podr\u00eda obtener casi 3 mil millones de pesos.<\/p>\n<p>Pero \u00bfqu\u00e9 implica esa infame austeridad republicana amlista?<\/p>\n<p>Bueno, pues que el INE tendr\u00eda que cerrar todas sus oficinas en la Rep\u00fablica Mexicana donde diariamente se tramitan miles de credenciales de elector, dejar\u00eda de hacer boletas electorales y no contratar\u00eda m\u00e1s de 35 mil promotores que se encargar\u00e1n de tocar puertas para convocar a la Revocaci\u00f3n de Mandato.<\/p>\n<p>Ser\u00e1 una consultita al estilo L\u00f3pez Obrador de mano alzada en unas cuentas plazas del pa\u00eds para violar el 35 constitucional porque al Presidente le gustan las cosas mediocres, para despu\u00e9s echarle la culpa al INE de todos sus males y profundizar en el descredito en el que ha metido al \u00e1rbitro electoral que garantiza la democracia ciudadanizada, pero no la que le gusta a AMLO en la que participen todas las voluntades, de todas las ideolog\u00edas, de todos los credos y de condici\u00f3n social y econ\u00f3mica. Esa necedad del Presidente se est\u00e1 convirtiendo en un peligro para la democracia azteca que podr\u00eda llegar incluso, a peligrosos encontronazos sociales y pol\u00edticos.<\/p>\n<p>En plena tormenta, el INE solicit\u00f3 este jueves a la Secretar\u00eda de Hacienda que le otorgue un financiamiento de pocos de mil 700 millones de pesos, pero la respetuosa sugerencia del titular de gobernaci\u00f3n permite concluir que AMLO no le dar\u00e1 ni agua al INE y \u00e9l seguir\u00e1 montado en su infame y mediocre ret\u00f3rica de una consultita o revocacioncita de mandato, pero lo importante es que se cumpla con la <em>Ley de Herodes<\/em> \u2013la ley de AMLO- y no con la Constituci\u00f3n de M\u00e9xico.<\/p>\n<p>Aqu\u00ed entre nos: \u00bfQu\u00e9 es m\u00e1s importante en este momento para usted, que el gobierno amlista compre medicamentos para hacer frente a la monumental crisis de salud p\u00fablica que vive el pa\u00eds o que derroche nuestros dineros p\u00fablicos en una innecesaria Revocaci\u00f3n de Mandato, puesto que \u00e9l fue electo por 6 a\u00f1os y as\u00ed juro cumplir la constituci\u00f3n? \u00bfEs congruente la terquedad del presidente con la realidad que vive el pa\u00eds?<\/p>\n<p>Para usted qu\u00e9 es primero \u00bfla vida de los mexicanos o la democracia dizque participativa que le fascina a AMLO, \u00e9sa en la que la gente le diga qu\u00e9 hermoso est\u00e1, eres un humanista, eres un verdadero dem\u00f3crata? \u00bfSi AMLO es tan austero como Benito Ju\u00e1rez, por qu\u00e9 se gasta el dinero de los mexicanos en pendejadas dizque democr\u00e1ticas?<\/p>\n<p><a href=\"mailto:info@agenciamn.com\" target=\"_blank\" rel=\"noopener noreferrer\"><em>info@agenciamn.com<\/em><\/a><\/p>\n","protected":false},"excerpt":{"rendered":"<p><span style=\"color: #005497;\"><strong>Alberto Vieyra G.<\/strong><\/span><\/p>\n","protected":false},"author":3,"featured_media":0,"comment_status":"open","ping_status":"open","sticky":false,"template":"","format":"standard","meta":{"_monsterinsights_skip_tracking":false,"_monsterinsights_sitenote_active":false,"_monsterinsights_sitenote_note":"","_monsterinsights_sitenote_category":0,"footnotes":""},"categories":[4596],"tags":[43697,4597,43674],"class_list":["post-532250","post","type-post","status-publish","format-standard","hentry","category-alberto-vieyra-g","tag-alberto-vieyra-g","tag-de-pe-a-pa","tag-opinion"],"_links":{"self":[{"href":"https:\/\/www.diarioimagen.net\/index.php?rest_route=\/wp\/v2\/posts\/532250","targetHints":{"allow":["GET"]}}],"collection":[{"href":"https:\/\/www.diarioimagen.net\/index.php?rest_route=\/wp\/v2\/posts"}],"about":[{"href":"https:\/\/www.diarioimagen.net\/index.php?rest_route=\/wp\/v2\/types\/post"}],"author":[{"embeddable":true,"href":"https:\/\/www.diarioimagen.net\/index.php?rest_route=\/wp\/v2\/users\/3"}],"replies":[{"embeddable":true,"href":"https:\/\/www.diarioimagen.net\/index.php?rest_route=%2Fwp%2Fv2%2Fcomments&post=532250"}],"version-history":[{"count":0,"href":"https:\/\/www.diarioimagen.net\/index.php?rest_route=\/wp\/v2\/posts\/532250\/revisions"}],"wp:attachment":[{"href":"https:\/\/www.diarioimagen.net\/index.php?rest_route=%2Fwp%2Fv2%2Fmedia&parent=532250"}],"wp:term":[{"taxonomy":"category","embeddable":true,"href":"https:\/\/www.diarioimagen.net\/index.php?rest_route=%2Fwp%2Fv2%2Fcategories&post=532250"},{"taxonomy":"post_tag","embeddable":true,"href":"https:\/\/www.diarioimagen.net\/index.php?rest_route=%2Fwp%2Fv2%2Ftags&post=532250"}],"curies":[{"name":"wp","href":"https:\/\/api.w.org\/{rel}","templated":true}]}}