{"id":532264,"date":"2022-01-17T00:08:14","date_gmt":"2022-01-17T06:08:14","guid":{"rendered":"https:\/\/www.diarioimagen.net\/?p=532264"},"modified":"2022-01-17T01:32:56","modified_gmt":"2022-01-17T07:32:56","slug":"el-asunto-de-las-armas","status":"publish","type":"post","link":"https:\/\/www.diarioimagen.net\/?p=532264","title":{"rendered":"El asunto de las armas"},"content":{"rendered":"<h2>Punto por punto<\/h2>\n<h5>Augusto Corro<\/h5>\n<p>&nbsp;<\/p>\n<p>El gobierno mexicano present\u00f3, en agosto pasado, una demanda en contra de productores y distribuidores de armas, a los que acusa de comercio negligente e il\u00edcito del armamento que es traficado a M\u00e9xico y llega a grupos criminales.<\/p>\n<p>Por esa raz\u00f3n, las autoridades mexicanas recibieron un reconocimiento por la Arms Control Association. Por supuesto, ese elogio caus\u00f3 alegr\u00eda y regocijo entre los representantes de la Secretar\u00eda de Relaciones Exteriores (SRE).<\/p>\n<p>Se trata, pues, de un punto a favor de M\u00e9xico que est\u00e1 urgido de controlar la espiral de violencia producida por la delincuencia organizada que siempre tuvo los medios para conseguir las armas legal o ilegalmente.<\/p>\n<p>El propio canciller declar\u00f3 que no se puede reducir la violencia en M\u00e9xico si no se frena el ingreso de armas que llegan al territorio nacional y que son utilizadas por el crimen organizado.<\/p>\n<p>Ante la incontenible ola de cr\u00edmenes, los planteamientos formulados por M\u00e9xico contra los fabricantes de armas no dejan de ser algo parecido al tratamiento de un c\u00e1ncer a base de mejorales.<\/p>\n<p>La lucha contra la violencia debe ser integral. Por ejemplo, implementar campa\u00f1as intensas en todo el pa\u00eds para desarmar a los grupos criminales. Los delincuentes llevan a\u00f1os arm\u00e1ndose.<\/p>\n<p>Con ese armamento se cometen miles de homicidios dolosos en M\u00e9xico. No se ve cercano el d\u00eda en que las organizaciones del crimen organizado decidan entregar sus pistolas, rifles, granadas, etc.<\/p>\n<p>Claro que es positivo que se frene el ingreso legal o ilegal de armas, pero tambi\u00e9n se debe pensar en una estrategia integral para reducir la violencia, que no se ve por ning\u00fan lado.<\/p>\n<p>Las cifras de asesinatos crecen sin control alguno ante la complacencia de las organizaciones criminales. A la fecha de la pol\u00edtica de abrazos no balazos no ha dado resultados positivos.<\/p>\n<p style=\"text-align: center;\"><strong>El pleito gobierno-INE<\/strong><\/p>\n<p>El Instituto Nacional Electoral (INE) declar\u00f3 que no tiene dinero para la consulta de revocaci\u00f3n de mandato del presidente L\u00f3pez Obrador y le pidi\u00f3 recursos a la Secretar\u00eda de Hacienda y Cr\u00e9dito P\u00fablico.<\/p>\n<p>La dependencia de plano dijo que no conceder\u00eda los recursos que solicitan las autoridades electorales. La solicitud de dinero para el funcionamiento de institutos electorales tom\u00f3 rumbos econ\u00f3micos y pol\u00edticos.<\/p>\n<p>As\u00ed vemos al titular del INE, Lorenzo C\u00f3rdova alzar la voz como dirigente pol\u00edtico, un vanguardista de la grilla para defender sus prestaciones econ\u00f3micas, incluidos sus elevados salarios, que son protegidos con amparos.<\/p>\n<p>Mientras, el gobierno y su partido Morena siguen empe\u00f1ados en la realizaci\u00f3n de\u00a0 la consulta de revocaci\u00f3n de mandato. Un ejercicio que se antoja democr\u00e1tico, pero en el presente no tiene una raz\u00f3n que justifique llevarlo a cabo.<\/p>\n<p>El mandatario est\u00e1 empe\u00f1ado en la consulta mencionada y sin duda se har\u00e1 sin importar los millones de pesos que costar\u00e1 el evento. \u00bfQu\u00e9 tan abollada quedar\u00e1 la imagen de los consejeros electorales?<\/p>\n<p style=\"text-align: center;\"><strong>La queja del ICEM<\/strong><\/p>\n<p>Por otra parte, el Instituto Electoral de la Ciudad de M\u00e9xico (ICEM) tambi\u00e9n advirti\u00f3 que el dinero de su presupuesto aprobado por el Congreso capitalino en diciembre pasado s\u00f3lo alcanzar\u00e1 para septiembre pr\u00f3ximo.<\/p>\n<p>Advirti\u00f3 el citado ICEM que requiere de 198 millones de pesos para cumplir con sus obligaciones y de no conseguirse, se pondr\u00e1n en riesgo las prerrogativas de partidos pol\u00edticos, seguridad del instituto e incluso pago de n\u00f3minas.<\/p>\n<p>Otra vez qued\u00f3 claro que el instituto y los partidos pol\u00edticos viven del dinero que les destinan anualmente los congresos. Esa pr\u00e1ctica hasta podr\u00eda aplaudirse en un pa\u00eds rico.<\/p>\n<p>Pero en M\u00e9xico, no est\u00e1 por dem\u00e1s decirlo, m\u00e1s de la mitad de su poblaci\u00f3n vive en la pobreza. Nuestro pa\u00eds no debe darse el lujo de tener una de las democracias del mundo.<\/p>\n<p>\u00bfUsted qu\u00e9 opina amable lector?<\/p>\n<p><a href=\"mailto:aco2742@hotmail.com\" target=\"_blank\" rel=\"noopener noreferrer\"><em>aco2742@hotmail.com<\/em><\/a><\/p>\n","protected":false},"excerpt":{"rendered":"<p><span style=\"color: #005497;\"><strong>Augusto Corro<\/strong><\/span><\/p>\n","protected":false},"author":3,"featured_media":0,"comment_status":"open","ping_status":"open","sticky":false,"template":"","format":"standard","meta":{"_monsterinsights_skip_tracking":false,"_monsterinsights_sitenote_active":false,"_monsterinsights_sitenote_note":"","_monsterinsights_sitenote_category":0,"footnotes":""},"categories":[157],"tags":[43686,43674,11515],"class_list":["post-532264","post","type-post","status-publish","format-standard","hentry","category-augusto-corro","tag-augusto-corro","tag-opinion","tag-punto-por-punto"],"_links":{"self":[{"href":"https:\/\/www.diarioimagen.net\/index.php?rest_route=\/wp\/v2\/posts\/532264","targetHints":{"allow":["GET"]}}],"collection":[{"href":"https:\/\/www.diarioimagen.net\/index.php?rest_route=\/wp\/v2\/posts"}],"about":[{"href":"https:\/\/www.diarioimagen.net\/index.php?rest_route=\/wp\/v2\/types\/post"}],"author":[{"embeddable":true,"href":"https:\/\/www.diarioimagen.net\/index.php?rest_route=\/wp\/v2\/users\/3"}],"replies":[{"embeddable":true,"href":"https:\/\/www.diarioimagen.net\/index.php?rest_route=%2Fwp%2Fv2%2Fcomments&post=532264"}],"version-history":[{"count":0,"href":"https:\/\/www.diarioimagen.net\/index.php?rest_route=\/wp\/v2\/posts\/532264\/revisions"}],"wp:attachment":[{"href":"https:\/\/www.diarioimagen.net\/index.php?rest_route=%2Fwp%2Fv2%2Fmedia&parent=532264"}],"wp:term":[{"taxonomy":"category","embeddable":true,"href":"https:\/\/www.diarioimagen.net\/index.php?rest_route=%2Fwp%2Fv2%2Fcategories&post=532264"},{"taxonomy":"post_tag","embeddable":true,"href":"https:\/\/www.diarioimagen.net\/index.php?rest_route=%2Fwp%2Fv2%2Ftags&post=532264"}],"curies":[{"name":"wp","href":"https:\/\/api.w.org\/{rel}","templated":true}]}}