{"id":532265,"date":"2022-01-17T00:03:02","date_gmt":"2022-01-17T06:03:02","guid":{"rendered":"https:\/\/www.diarioimagen.net\/?p=532265"},"modified":"2022-01-17T01:34:34","modified_gmt":"2022-01-17T07:34:34","slug":"morena-ata-a-del-mazo","status":"publish","type":"post","link":"https:\/\/www.diarioimagen.net\/?p=532265","title":{"rendered":"Morena ata a Del Mazo"},"content":{"rendered":"<h2>Espacio Electoral<\/h2>\n<h5>Eleazar Flores<\/h5>\n<p><strong>\u00a0<\/strong><\/p>\n<p><strong>NO ES S\u00d3LO EL DINERO-.<\/strong> Hoy se cumple una semana en que la aplanadora legislativa morena mexiquense acord\u00f3 no aprobar el presupuesto 2022 al gobernador Alfredo del Mazo, con un argumento aparentemente v\u00e1lido, pero los analistas ven fondo pol\u00edtico atr\u00e1s de todo.<\/p>\n<p><strong>POR PARTES-.<\/strong> Al gobierno mexiquense le redujeron aproximado -en n\u00fameros cerrados-\u00a0 unos 2 mil millones de pesos, tan pronto el Instituto Nacional de Estad\u00edstica, Geograf\u00eda e Inform\u00e1tica, Inegi, report\u00f3 un descenso de habitantes en base al Censo de Poblaci\u00f3n y Vivienda 2020, lo que de entrada ser\u00eda justificable.<\/p>\n<p>El gobierno de Del Mazo Maza ya canaliz\u00f3 su inconformidad ante las instancias y dependencias correspondientes, pero al mexiquense le hacen lo mismo que al INE, ya no hay m\u00e1s recursos pues todo est\u00e1\u00a0 destinado a los programas sociales, -\u00e9stos s\u00ed que son prioritarios-, para el gobierno de la cuarta transformaci\u00f3n, as\u00ed que se ve dif\u00edcil una respuesta positiva.<\/p>\n<p>Pero el gobierno estatal envi\u00f3 a la Legislatura local un proyecto de presupuesto para este 2022, en el que se incluye la petici\u00f3n para contraer un pr\u00e9stamo aproximado a los 8 mil millones de pesos, siendo \u00e9ste el motivo por el que los 30 diputados locales de morena y aliados, hacen mayor\u00eda para negar esa autorizaci\u00f3n del empr\u00e9stito.<\/p>\n<p>Recuerde que la C\u00e1mara de Diputados del Estado de M\u00e9xico la integran 75 legisladores, as\u00ed que el cr\u00e9dito negado m\u00e1s la reducci\u00f3n federal por menos poblaci\u00f3n, tienen al Ejecutivo estatal en aprietos de dinero p\u00fablico en las casi tres semanas que lleva el a\u00f1o.<\/p>\n<p>En un desplegado a un cuarto de plana firmado por los treinta diputados morenos el pasado 10 de enero, fundamentan en su escrito estos argumentos:<\/p>\n<p>\u201cNo m\u00e1s deuda p\u00fablica del estado de M\u00e9xico\u201d, agregando que \u201cMorena no sabotea el gobierno estatal; lo exhorta a realizar obras y servicios para todas y todos los mexiquenses\u201d, agregan trece p\u00e1rrafos en dos p\u00e1ginas en los que fundamentan su negativa y al final las treinta firmas de igual n\u00famero de diputadas y diputados, encabezados por su coordinador del grupo parlamentario Maurilio Hern\u00e1ndez y como responsable del desplegado Roberto Acevedo Mart\u00ednez.<\/p>\n<p>De entre sus muchos motivos los morenos argumentan que no hay motivo para pedir m\u00e1s dinero prestado, pues \u201cNo se usa el que ya tienen\u201d, adem\u00e1s de que a la fecha, la deuda p\u00fablica del gobierno estatal \u201casciende aproximadamente a unos 81 mil millones de pesos\u201d.<\/p>\n<p>Los analistas pol\u00edticos preguntan por qu\u00e9 los legisladores morenos no les exigieron igual a sus alcaldes de la misma divisa, mismos que dejaron deudas millonarias y hasta no pago de sueldos a su burocracia.<\/p>\n<p>\u00bfEjemplos?, Toluca, Metepec, Naucalpan y\u00a0 mejor le paro.<\/p>\n<p><em><a href=\"mailto:elefa44@gmail.com\" target=\"_blank\" rel=\"noopener noreferrer\">elefa44@gmail.com<\/a><\/em><\/p>\n","protected":false},"excerpt":{"rendered":"<p><span style=\"color: #005497;\"><strong>Eleazar Flores<\/strong><\/span><\/p>\n","protected":false},"author":3,"featured_media":0,"comment_status":"open","ping_status":"open","sticky":false,"template":"","format":"standard","meta":{"_monsterinsights_skip_tracking":false,"_monsterinsights_sitenote_active":false,"_monsterinsights_sitenote_note":"","_monsterinsights_sitenote_category":0,"footnotes":""},"categories":[81743],"tags":[81744,81776,43674],"class_list":["post-532265","post","type-post","status-publish","format-standard","hentry","category-eleazar-flores","tag-eleazar-flores","tag-espacio-electoral","tag-opinion"],"_links":{"self":[{"href":"https:\/\/www.diarioimagen.net\/index.php?rest_route=\/wp\/v2\/posts\/532265","targetHints":{"allow":["GET"]}}],"collection":[{"href":"https:\/\/www.diarioimagen.net\/index.php?rest_route=\/wp\/v2\/posts"}],"about":[{"href":"https:\/\/www.diarioimagen.net\/index.php?rest_route=\/wp\/v2\/types\/post"}],"author":[{"embeddable":true,"href":"https:\/\/www.diarioimagen.net\/index.php?rest_route=\/wp\/v2\/users\/3"}],"replies":[{"embeddable":true,"href":"https:\/\/www.diarioimagen.net\/index.php?rest_route=%2Fwp%2Fv2%2Fcomments&post=532265"}],"version-history":[{"count":0,"href":"https:\/\/www.diarioimagen.net\/index.php?rest_route=\/wp\/v2\/posts\/532265\/revisions"}],"wp:attachment":[{"href":"https:\/\/www.diarioimagen.net\/index.php?rest_route=%2Fwp%2Fv2%2Fmedia&parent=532265"}],"wp:term":[{"taxonomy":"category","embeddable":true,"href":"https:\/\/www.diarioimagen.net\/index.php?rest_route=%2Fwp%2Fv2%2Fcategories&post=532265"},{"taxonomy":"post_tag","embeddable":true,"href":"https:\/\/www.diarioimagen.net\/index.php?rest_route=%2Fwp%2Fv2%2Ftags&post=532265"}],"curies":[{"name":"wp","href":"https:\/\/api.w.org\/{rel}","templated":true}]}}