{"id":532267,"date":"2022-01-17T00:11:58","date_gmt":"2022-01-17T06:11:58","guid":{"rendered":"https:\/\/www.diarioimagen.net\/?p=532267"},"modified":"2022-01-17T01:36:28","modified_gmt":"2022-01-17T07:36:28","slug":"amlo-como-diaz-ordaz","status":"publish","type":"post","link":"https:\/\/www.diarioimagen.net\/?p=532267","title":{"rendered":"AMLO, como D\u00edaz Ordaz"},"content":{"rendered":"<h2>\u00cdndice pol\u00edtico<\/h2>\n<h5>Francisco Rodr\u00edguez<\/h5>\n<p>&nbsp;<\/p>\n<ul>\n<li><strong><em>Ad\u00e1n L\u00f3pez, como LEA<\/em><\/strong><\/li>\n<li><strong><em>Responsables de la pandemia<\/em><\/strong><\/li>\n<\/ul>\n<p>&nbsp;<\/p>\n<p>Nuestra historia es una gran consejera.<\/p>\n<p>Contiene el archivo del dolor y los indicadores del presente pol\u00edtico mexicano. Tambi\u00e9n la proyecci\u00f3n a futuro.<\/p>\n<p>Centenario, hoy, del nacimiento de Luis Echeverr\u00eda \u00c1lvarez y no puede pasarse por alto su papel como un pol\u00edtico autoritario.<\/p>\n<p>Junto con Gustavo D\u00edaz Ordaz reprim\u00edan, al tiempo que tend\u00edan la mano.<\/p>\n<p>Ese gesto del gorilato se hizo emblem\u00e1tico durante el inicio de la masacre de 1968.<\/p>\n<p>Despu\u00e9s de ordenar que se lanzaran granadas a la puerta central de la Preparatoria de San Ildefonso -mi <em>Alma Mater<\/em>, por cierto<em>&#8211;<\/em> en su acceso por las calles de Justo Sierra y causar muertos y heridos, el pat\u00e9tico Presidente, aconsejado por su secretario de Gobernaci\u00f3n, sali\u00f3 a escena.<\/p>\n<p>Supuestamente alentado por vocaciones democr\u00e1ticas y desde un acto protocolario celebrado en Guadalajara, D\u00edaz Ordaz dijo que \u00e9l tend\u00eda su mano al movimiento estudiantil, en un pretendido llamado al di\u00e1logo con quienes para ese momento ya eran cientos de dirigentes.<\/p>\n<p>La represi\u00f3n hab\u00eda detonado los resortes de inconformidad de una juventud que no conoc\u00eda la capilaridad pol\u00edtica, ni el respeto al ejercicio de las libertades c\u00edvicas.<\/p>\n<p>Tras todo ello, Echeverr\u00eda \u00c1lvarez jugaba a la sucesi\u00f3n presidencial con la sangre y la libertad de cientos de inocentes.<\/p>\n<p>Los consejos de huelga proliferaron al interior de las facultades de la UNAM y de las escuelas superiores y vocacionales del IPN.<\/p>\n<p>Echeverr\u00eda hab\u00eda querido enfrentar a las dos instituciones, por un conflicto menor acaecido afuera de la escuela preparatoria Isaac Ochoterena, en las inmediaciones de la Secretar\u00eda de Gobernaci\u00f3n, donde se alojaba ese personaje siniestro.<\/p>\n<p>Y las consecuencias hoy todos las conocemos.<\/p>\n<p>Y las lamentamos, todav\u00eda.<\/p>\n<p style=\"text-align: center;\"><strong>\u00a0<\/strong><strong>Ad\u00e1n Augusto L\u00f3pez, \u00bfel \u201ctapado\u201d?<\/strong><\/p>\n<p>\u00a0Bien dec\u00eda el poeta y fil\u00f3sofo espa\u00f1ol Jorge Agust\u00edn Nicol\u00e1s Ruiz de Santayana que quien olvida su historia est\u00e1 condenado a repetirla.<\/p>\n<p>Y alguien agreg\u00f3 por ah\u00ed:<\/p>\n<p>A repetirla, s\u00ed&#8230; \u00a1como farsa!<\/p>\n<p>Los comediantes de esa repetici\u00f3n son hoy Andr\u00e9s Manuel L\u00f3pez Obrador y su pariente Ad\u00e1n Augusto L\u00f3pez.<\/p>\n<p>El primero, como GDO.<\/p>\n<p>Como el cumplea\u00f1ero Echeverr\u00eda, el segundo.<\/p>\n<p>AMLO muestra un gran resentimiento, rencor y a veces hasta odio a todo aquello que implique conocimiento.<\/p>\n<p>Ataca a las instituciones de educaci\u00f3n superior.<\/p>\n<p>A la UNAM, donde supuestamente estudi\u00f3, entre otras.<\/p>\n<p>Y subrayo el supuestamente, porque nadie lo recuerda.<\/p>\n<p>Ni profesores ni quienes por la misma \u00e9poca estudi\u00e1bamos ah\u00ed.\u00a0 Y ese resentimiento, ese rencor, ese odio cualquier d\u00eda desemboca en represi\u00f3n&#8230;<\/p>\n<p>&#8230; como la que en estos momentos ya sufren acad\u00e9micos, investigadores y estudiantes del Conacyt y del CIDE.<\/p>\n<p>\u00bfQue el secretario de Gobernaci\u00f3n ya se ofreci\u00f3 a mediar?<\/p>\n<p>\u00a1Ni <em>m\u00e1iz<\/em> palomas!<\/p>\n<p>Como Echeverr\u00eda en su momento, este otro L\u00f3pez ha encontrado abono en esos y otros conflictos para fertilizar sus ambiciones presidenciales.<\/p>\n<p>La ausencia de di\u00e1logo durante la masacre que culmin\u00f3 en Tlatelolco fue detonante de un movimiento profundo que s\u00f3lo ped\u00eda la liberaci\u00f3n de algunos presos pol\u00edticos, el cese del Jefe de la Polic\u00eda, Mendiolea Cerecero, y la ampliaci\u00f3n de las libertades civiles. El fuego y la masacre fueron la respuesta, y el sello de la casa.<\/p>\n<p>\u00bfSer\u00e1 esa la respuesta a quienes hoy piden la renuncia del director del CIDE, que el Conacyt se retracte de sus denuncias penales en contra de los 31 investigadores a quienes acusa de \u00a1lavado de dinero y delincuencia organizada!?<\/p>\n<p>Porque, mire usted, AA L\u00f3pez se ofreci\u00f3 a mediar&#8230;<\/p>\n<p>&#8230; pero en cuanto lo hizo, las fuerzas federales tomaron las instalaciones del Centro de Investigaci\u00f3n y Docencia Econ\u00f3micas.<\/p>\n<p>L\u00f3pez azuza a L\u00f3pez.<\/p>\n<p>\u00bfC\u00f3mo la ve usted?<\/p>\n<p style=\"text-align: center;\"><strong>Indicios<\/strong><\/p>\n<p>Desde hace dos meses, exactamente el 18 de noviembre, se advirti\u00f3 aqu\u00ed del incremento de casos de Covid que hoy padecen decenas, cientos de miles de mexicanos:<\/p>\n<p>As\u00ed lo ley\u00f3 usted:<\/p>\n<p>\u201cLas (mal) llamadas autoridades est\u00e1n tomando la inminente posibilidad de una cuarta ola de Covid con mucha ligereza.<\/p>\n<p>\u201cEst\u00e1n jugando con la vida de millares de mexicanos que, de buena fe, a\u00fan creen en sus palabras.<\/p>\n<p>\u201c\u2018Salgan a manifestarse\u2019, dijo no ha mucho el oficiante de Palacio Nacional desde su p\u00falpito ma\u00f1anero.<\/p>\n<p>\u201c\u2018A ponernos la pila\u2019, acaba de invitar el clon de AMLO \u2013l\u00e9ase Claudia Sheinbaum\u2013, invitando a la poblaci\u00f3n a montar la bicicleta en paseos por las avenidas capitalinas cada domingo.<\/p>\n<p>\u201cInopinadamente, la mayor parte del pa\u00eds, excepto Baja California, est\u00e1 ya en sem\u00e1foro epidemiol\u00f3gico verde.<\/p>\n<p>\u201cSalgan, manifi\u00e9stense, bailen, monten la bici&#8230;<\/p>\n<p>\u201c&#8230;a\u00fan a sabiendas de que en China, primero&#8230;<\/p>\n<p>\u201c&#8230;y ahora en Europa, la cuarta ola de la mortal pandemia est\u00e1 en su apogeo.<\/p>\n<p>\u201cY no. Aqu\u00ed no pasa nada. Ni pasar\u00e1. Hasta que pase.<\/p>\n<p>\u201cDesfile de D\u00eda de Muertos&#8230;<\/p>\n<p>\u201c&#8230;F\u00f3rmula 1&#8230;<\/p>\n<p>\u201c&#8230;Buen Fin&#8230;<\/p>\n<p>\u201c&#8230;aglomeraciones&#8230;<\/p>\n<p>\u201cY aqu\u00ed nos protegen los \u2018detentes\u2019 religiosos.<\/p>\n<p>\u201cAqu\u00ed podemos salir a comer en fondas, como convida L\u00f3pez Obrador cada que sale a las entidades de la Rep\u00fablica a buscar las frituras y caldos m\u00e1s grasosos.<\/p>\n<p>\u201cAqu\u00ed, a diferencia de los chinos y de los europeos, tenemos al gran cient\u00edfico Hugo L\u00f3pez-Gatell que se las sabe de todas, todas&#8230;<\/p>\n<p>\u201c&#8230;tenemos una gran infraestructura hospitalaria&#8230;<\/p>\n<p>\u201c&#8230;medicamentos para dar y regalar&#8230;<\/p>\n<p>\u201c&#8230;y, eso s\u00ed, un personal sanitario de primera.<\/p>\n<p>\u201cComenzaron ya los fr\u00edos invernales.<\/p>\n<p>\u201cLa pandemia acecha.<\/p>\n<p>\u201cY del saldo mortal, desde hoy ya sabemos qui\u00e9nes ser\u00e1n los responsables.\u201d<\/p>\n<p>S\u00ed, ya sabemos quienes han llevado al matadero a decenas de mexicanos.<\/p>\n<p>\u00bfNo cree usted?<\/p>\n<p><em><u><a href=\"http:\/\/www.indicepolitico.com\" target=\"_blank\" rel=\"noopener noreferrer\">www.indicepolitico.com<\/a><\/u><u><br \/>\n<\/u><a href=\"mailto:indicepolitico@gmail.com\" target=\"_blank\" rel=\"noopener noreferrer\">indicepolitico@gmail.com<\/a><\/em><br \/>\n<em><a href=\"https:\/\/twitter.com\/indicepolitico?lang=es\" target=\"_blank\" rel=\"noopener noreferrer\">@IndicePolitico<\/a><\/em><br \/>\n<em><u><a href=\"https:\/\/twitter.com\/pacorodriguez\" target=\"_blank\" rel=\"noopener noreferrer\">@pacorodriguez<\/a><\/u><\/em><\/p>\n","protected":false},"excerpt":{"rendered":"<p><span style=\"color: #005497;\"><strong>Francisco Rodr\u00edguez<\/strong><\/span><br \/>\n<br \/>\nNuestra historia es una gran consejera.   Contiene el archivo del dolor y los indicadores del presente pol\u00edtico mexicano. Tambi\u00e9n la proyecci\u00f3n a futuro.<\/p>\n","protected":false},"author":3,"featured_media":0,"comment_status":"open","ping_status":"open","sticky":false,"template":"","format":"standard","meta":{"_monsterinsights_skip_tracking":false,"_monsterinsights_sitenote_active":false,"_monsterinsights_sitenote_note":"","_monsterinsights_sitenote_category":0,"footnotes":""},"categories":[549],"tags":[43689,550,43674],"class_list":["post-532267","post","type-post","status-publish","format-standard","hentry","category-francisco-rodriguez","tag-francisco-rodriguez","tag-indice-politico","tag-opinion"],"_links":{"self":[{"href":"https:\/\/www.diarioimagen.net\/index.php?rest_route=\/wp\/v2\/posts\/532267","targetHints":{"allow":["GET"]}}],"collection":[{"href":"https:\/\/www.diarioimagen.net\/index.php?rest_route=\/wp\/v2\/posts"}],"about":[{"href":"https:\/\/www.diarioimagen.net\/index.php?rest_route=\/wp\/v2\/types\/post"}],"author":[{"embeddable":true,"href":"https:\/\/www.diarioimagen.net\/index.php?rest_route=\/wp\/v2\/users\/3"}],"replies":[{"embeddable":true,"href":"https:\/\/www.diarioimagen.net\/index.php?rest_route=%2Fwp%2Fv2%2Fcomments&post=532267"}],"version-history":[{"count":0,"href":"https:\/\/www.diarioimagen.net\/index.php?rest_route=\/wp\/v2\/posts\/532267\/revisions"}],"wp:attachment":[{"href":"https:\/\/www.diarioimagen.net\/index.php?rest_route=%2Fwp%2Fv2%2Fmedia&parent=532267"}],"wp:term":[{"taxonomy":"category","embeddable":true,"href":"https:\/\/www.diarioimagen.net\/index.php?rest_route=%2Fwp%2Fv2%2Fcategories&post=532267"},{"taxonomy":"post_tag","embeddable":true,"href":"https:\/\/www.diarioimagen.net\/index.php?rest_route=%2Fwp%2Fv2%2Ftags&post=532267"}],"curies":[{"name":"wp","href":"https:\/\/api.w.org\/{rel}","templated":true}]}}