{"id":532365,"date":"2022-01-18T00:02:06","date_gmt":"2022-01-18T06:02:06","guid":{"rendered":"https:\/\/www.diarioimagen.net\/?p=532365"},"modified":"2022-01-18T02:10:13","modified_gmt":"2022-01-18T08:10:13","slug":"en-solo-4-dias-115-hospitales-llegan-a-su-maxima-capacidad","status":"publish","type":"post","link":"https:\/\/www.diarioimagen.net\/?p=532365","title":{"rendered":"En s\u00f3lo 4 d\u00edas, 115 hospitales llegan a su m\u00e1xima\u00a0capacidad"},"content":{"rendered":"<p>&nbsp;<\/p>\n<h3 style=\"text-align: center;\">Se agudiza la pandemia en M\u00e9xico<\/h3>\n<p>&nbsp;<\/p>\n<ul>\n<li><strong><em>Van al menos mil 500 casos acumulados por variante \u00d3micron<\/em><\/strong><\/li>\n<\/ul>\n<p>&nbsp;<\/p>\n<div id=\"attachment_532468\" style=\"width: 470px\" class=\"wp-caption aligncenter\"><a href=\"https:\/\/www.diarioimagen.net\/?attachment_id=532468\" rel=\"attachment wp-att-532468\"><img loading=\"lazy\" decoding=\"async\" aria-describedby=\"caption-attachment-532468\" class=\"size-full wp-image-532468\" src=\"https:\/\/www.diarioimagen.net\/wp-content\/uploads\/2022\/01\/hospitales.jpg\" alt=\"\" width=\"460\" height=\"270\" \/><\/a><p id=\"caption-attachment-532468\" class=\"wp-caption-text\">Al menos 115 hospitales est\u00e1n saturados, en lo que se refiere a camas generales de atenci\u00f3n a pacientes Covid-19.<\/p><\/div>\n<p>&nbsp;<\/p>\n<p>Tuvieron que pasar s\u00f3lo cuatro d\u00edas del nuevo rebrote de Covid-19, para que M\u00e9xico alcanzar\u00e1 uno de sus puntos m\u00e1s cr\u00edticos en lo que se refiere a la contingencia sanitaria, pues de acuerdo con la Secretar\u00eda de Salud federal, el fin de semana se alcanz\u00f3 un nuevo pico de contagios con casi 50 mil en 24 horas, adem\u00e1s que para hoy al menos 115 hospitales est\u00e1n saturados, asimismo, hay un conteo de por lo menos 1 mil 500 casos de la variante \u00f3micron en el pa\u00eds.<\/p>\n<p>Es decir, que en tan s\u00f3lo los \u00faltimos cuatro d\u00edas se dispararon las hospitalizaciones por Covid-19 en un 800 por ciento, y es que, al 11 de enero hab\u00eda 14 hospitales que reportaron 100 por ciento de ocupaci\u00f3n de camas, pero para el 15 de enero ya eran 115 centros que alcanzaron su m\u00e1xima capacidad de atenci\u00f3n a este tipo de pacientes en camas generales.<\/p>\n<p>De acuerdo con el Sistema de Informaci\u00f3n de la Red IRAG, son 22 unidades de salud las que reportan 100 por ciento de ocupaci\u00f3n de camas con ventilador, mientras que son 19 los que operan al l\u00edmite de su capacidad con ventilador en la Unidad de Cuidados Intensivos (UCI). Por otro lado, 213 unidades m\u00e9dicas no han reportado en dos d\u00edas el n\u00famero de personas internadas con coronavirus, aunque se sabe que hay mas de 4 mil 500 hospitalizados que no se encuentran en las Unidades de Cuidados Intensivos (UCI).<\/p>\n<p>Entre los estados con instituciones de salud al 100 por ciento en sus unidades de cuidados intensivos est\u00e1n Sonora, Chihuahua, Sinaloa, San Luis Potos\u00ed, Durango, Aguascalientes, Baja California, Yucat\u00e1n, Puebla, Hidalgo, Coahuila, Quintana Roo y Quer\u00e9taro, entre otros.<\/p>\n<p>No obstante, las autoridades de salud en M\u00e9xico mantienen el sem\u00e1foro epidemiol\u00f3gico en verde; aunque nueve estados se encuentran en amarillo y s\u00f3lo tres en color naranja: Baja California Sur, Chihuahua y Tamaulipas, en el norte del pa\u00eds.<\/p>\n<p>Los especialistas afirman que la Covid-19, en sus diferentes variantes, va a continuar entre las personas durante los pr\u00f3ximos a\u00f1os o d\u00e9cadas para transformarse en una enfermedad como la influenza con una periodicidad en los meses invernales.<\/p>\n<p style=\"text-align: center;\"><strong>50% de los mexicanos se contagiar\u00e1n de \u00d3micron <\/strong><\/p>\n<p>Sobre la variante m\u00e1s reciente, \u00d3\u00f3micron, indicaron que en M\u00e9xico se reporta la existencia de al menos mil 500 casos, esto de acuerdo con la base de datos de Global Initiative on Sharing All Influenza Data (GISAID).<\/p>\n<p>En este caso, la Ciudad de M\u00e9xico encabeza el listado de entidades con m\u00e1s casos de la variante \u00d3micron, con 736 casos, mientras que el Estado de M\u00e9xico reporta 122 contagios y Sinaloa 113.<\/p>\n<p>Asimismo se prev\u00e9 que \u00d3micron llegar\u00e1 a infectar al 50% de la poblaci\u00f3n mexicana para finales de febrero y principios de marzo pr\u00f3ximo. El doctor Alejandro Mac\u00edas, ex comisionado de influenza en M\u00e9xico, pronostic\u00f3 que las que las pr\u00f3ximas 2 semanas ser\u00e1n cr\u00edticas.<\/p>\n<p>\u201cNunca una enfermedad infecciosa se hab\u00eda transmitido con la velocidad que lo hace la variante \u00d3micron. A este paso, en M\u00e9xico, la mitad de la poblaci\u00f3n se infectar\u00e1 en las siguientes semanas. Hay proyecciones que pueden sonar aterradoras, pero se estima que hasta el 50% de la poblaci\u00f3n va a ser alcanzada por \u00d3micron.\u201d, se\u00f1al\u00f3.<\/p>\n<p>Por otro lado Sylvain Aldighieri, director adjunto del Departamento de Emergencias Sanitarias de la OPS, confirm\u00f3 que a nivel mundial \u201cLos c\u00e1lculos coinciden con los hechos por la Organizaci\u00f3n Mundial de la Salud (OMS) cuando previ\u00f3 que m\u00e1s de la mitad de los europeos se contagiar\u00e1n debido a la variante \u00d3micron en los pr\u00f3ximos dos meses\u201d.<\/p>\n<p>Y es que, el doctor Michel Mart\u00ednez se\u00f1ala que la raz\u00f3n del aumento de contagios debido a \u00d3micron, es porque dicha variante tiene la capacidad de contagiar hasta 4 veces m\u00e1s que el virus original \u201cTiene que ver con la transmisibilidad; para poner en contexto, el virus original denominado Wuhan era capaz de contagiar a 4 personas. Cu\u00e1ndo llega Delta sube el n\u00famero a 6 personas, pero con esta variante \u00d3micron la estimaci\u00f3n es que una persona pueda contagiar a 16 personas\u201d.<\/p>\n<p>Actualmente la variante \u00f3micron ya es predominante en el mundo con casi un 60% del total de los casos de Coronavirus confirmados a nivel global.<\/p>\n","protected":false},"excerpt":{"rendered":"<p>Tuvieron que pasar s\u00f3lo cuatro d\u00edas del nuevo rebrote de Covid-19, para que M\u00e9xico alcanzar\u00e1 uno de sus puntos m\u00e1s cr\u00edticos en lo que se refiere a la contingencia sanitaria, pues de acuerdo con la Secretar\u00eda de Salud federal, el fin de semana se alcanz\u00f3 un nuevo pico de contagios con casi 50 mil en 24 horas, adem\u00e1s que para hoy al menos 115 hospitales est\u00e1n saturados, asimismo, hay un conteo de por lo menos 1 mil 500 casos de la variante \u00f3micron en el pa\u00eds.\u00a0<\/p>\n","protected":false},"author":3,"featured_media":532468,"comment_status":"open","ping_status":"open","sticky":false,"template":"","format":"standard","meta":{"_monsterinsights_skip_tracking":false,"_monsterinsights_sitenote_active":false,"_monsterinsights_sitenote_note":"","_monsterinsights_sitenote_category":0,"footnotes":""},"categories":[877],"tags":[24428,90021,94345,43692],"class_list":["post-532365","post","type-post","status-publish","format-standard","has-post-thumbnail","hentry","category-salud","tag-capacidad","tag-covid-19","tag-maxima","tag-salud"],"_links":{"self":[{"href":"https:\/\/www.diarioimagen.net\/index.php?rest_route=\/wp\/v2\/posts\/532365","targetHints":{"allow":["GET"]}}],"collection":[{"href":"https:\/\/www.diarioimagen.net\/index.php?rest_route=\/wp\/v2\/posts"}],"about":[{"href":"https:\/\/www.diarioimagen.net\/index.php?rest_route=\/wp\/v2\/types\/post"}],"author":[{"embeddable":true,"href":"https:\/\/www.diarioimagen.net\/index.php?rest_route=\/wp\/v2\/users\/3"}],"replies":[{"embeddable":true,"href":"https:\/\/www.diarioimagen.net\/index.php?rest_route=%2Fwp%2Fv2%2Fcomments&post=532365"}],"version-history":[{"count":0,"href":"https:\/\/www.diarioimagen.net\/index.php?rest_route=\/wp\/v2\/posts\/532365\/revisions"}],"wp:featuredmedia":[{"embeddable":true,"href":"https:\/\/www.diarioimagen.net\/index.php?rest_route=\/wp\/v2\/media\/532468"}],"wp:attachment":[{"href":"https:\/\/www.diarioimagen.net\/index.php?rest_route=%2Fwp%2Fv2%2Fmedia&parent=532365"}],"wp:term":[{"taxonomy":"category","embeddable":true,"href":"https:\/\/www.diarioimagen.net\/index.php?rest_route=%2Fwp%2Fv2%2Fcategories&post=532365"},{"taxonomy":"post_tag","embeddable":true,"href":"https:\/\/www.diarioimagen.net\/index.php?rest_route=%2Fwp%2Fv2%2Ftags&post=532365"}],"curies":[{"name":"wp","href":"https:\/\/api.w.org\/{rel}","templated":true}]}}