{"id":532372,"date":"2022-01-18T00:03:25","date_gmt":"2022-01-18T06:03:25","guid":{"rendered":"https:\/\/www.diarioimagen.net\/?p=532372"},"modified":"2022-01-19T00:15:10","modified_gmt":"2022-01-19T06:15:10","slug":"el-ine-valida-90-de-las-firmas-para-la-revocacion-de-mandato","status":"publish","type":"post","link":"https:\/\/www.diarioimagen.net\/?p=532372","title":{"rendered":"El INE valida 90% de las firmas para la Revocaci\u00f3n de Mandato"},"content":{"rendered":"<p>&nbsp;<\/p>\n<h3 style=\"text-align: center;\">Se prepara para organizar consulta<\/h3>\n<p>&nbsp;<\/p>\n<ul>\n<li><strong><em>S\u00f3lo espera si se autorizar\u00e1n con m\u00e1s recursos para realizar este proceso<\/em><\/strong><\/li>\n<\/ul>\n<p>&nbsp;<\/p>\n<div id=\"attachment_532458\" style=\"width: 470px\" class=\"wp-caption aligncenter\"><a href=\"https:\/\/www.diarioimagen.net\/?attachment_id=532458\" rel=\"attachment wp-att-532458\"><img loading=\"lazy\" decoding=\"async\" aria-describedby=\"caption-attachment-532458\" class=\"size-full wp-image-532458\" src=\"https:\/\/www.diarioimagen.net\/wp-content\/uploads\/2022\/01\/ine.jpg\" alt=\"\" width=\"460\" height=\"270\" \/><\/a><p id=\"caption-attachment-532458\" class=\"wp-caption-text\">El Instituto Nacional Electoral destac\u00f3 que m\u00e1s de 2.4 millones de firmas coinciden con lista de electores, un 90 por ciento, por lo que se alista para realizar Revocaci\u00f3n de Mandato.<\/p><\/div>\n<p>&nbsp;<\/p>\n<p>Lorenzo C\u00f3rdova Vianello, consejero presidente del Instituto Nacional Electoral, destac\u00f3 que m\u00e1s de 2.4 millones de firmas son v\u00e1lidas, por lo que el instituto se prepara para organizar el proceso de Revocaci\u00f3n de Mandato.<\/p>\n<p>Desde el Centro Nacional de Impresi\u00f3n del INE, una de las tres sedes donde se lleva a cabo la verificaci\u00f3n, cuantificaci\u00f3n y captura de las firmas, C\u00f3rdova Vianello detall\u00f3 que de las firmas que ya han sido verificadas, en 608,000 se han detectado inconsistencias y m\u00e1s de 2 millones 400,000 firmas coinciden con la Lista Nominal de Electores. Con ello, de manera preliminar, suman el 90 por ciento de las firmas requeridas para que la consulta sea convocada.<\/p>\n<p>El consejero presidente inform\u00f3 que entre el primero de noviembre y 25 de diciembre fueron entregadas al INE 11.1 millones de firmas, de las cuales 1 mill\u00f3n 382,000 se recabaron a trav\u00e9s de la aplicaci\u00f3n electr\u00f3nica que habilit\u00f3 el instituto, las cuales ya fueron revisadas en su totalidad, adem\u00e1s otras 9.7 millones de firmas fueron entregados en formatos de papel.<\/p>\n<p>\u201cLa revisi\u00f3n de los formatos f\u00edsicos de apoyo a la revocaci\u00f3n de mandato consta de varios pasos y se est\u00e1 llevando a cabo con estrictas medidas sanitarias como pueden ver y con total transparencia, bajo la observaci\u00f3n de medios de comunicaci\u00f3n y de las propias organizaciones que promueven este ejercicio de democracia participativa\u201d, indic\u00f3 Lorenzo C\u00f3rdova.<\/p>\n<p>Inform\u00f3 que 5 millones 652,000 firmas ya han pasado el primer filtro de verificaci\u00f3n, el cual consiste en la revisi\u00f3n f\u00edsica para descartar aquellas que pudieran presentar inconsistencias evidentes; y de \u00e9stas, m\u00e1s de 1 mill\u00f3n 589,000 firmas ya han sido capturadas en los sistemas del instituto para proceder al cotejo con la Lista Nominal de Electores.<\/p>\n<p>Indic\u00f3 que el cotejo en la lista de electores ayuda a detectar firmas duplicadas y registros de credenciales de personas que por alguna raz\u00f3n ya no est\u00e1n en el padr\u00f3n electoral, ya sea por fallecimiento o porque son personas que se encuentran en detenci\u00f3n. El consejero presidente del INE asegur\u00f3 que a pocos d\u00edas de que se complete la verificaci\u00f3n de las firmas, el instituto se est\u00e1 preparando ya para las actividades que se deben llevar a cabo para la organizaci\u00f3n de este proceso que culminar\u00e1 con la jornada de votaci\u00f3n a realizarse el pr\u00f3ximo 10 de abril.<\/p>\n<p>Adem\u00e1s, dijo, se encuentran a la espera de conocer el monto de los recursos con los que contar\u00e1 el INE para llevar a cabo este proceso. Indic\u00f3 que este monto definir\u00e1 la amplitud que tendr\u00e1 la consulta.<\/p>\n<p>La semana pasada, el Consejo General del INE solicit\u00f3 m\u00e1s de 1,700 millones de pesos adicionales a la Secretar\u00eda de Hacienda y Cr\u00e9dito P\u00fablico para completar el gasto que requiere la organizaci\u00f3n de la consulta de revocaci\u00f3n de mandato, pero el gobierno federal ha indicado que no hay margen en el Presupuesto de Egresos de la Federaci\u00f3n que permita destinar cantidades adicionales o una ampliaci\u00f3n presupuestal al instituto.<\/p>\n","protected":false},"excerpt":{"rendered":"<p>Lorenzo C\u00f3rdova Vianello, consejero presidente del Instituto Nacional Electoral, destac\u00f3 que m\u00e1s de 2.4 millones de firmas son v\u00e1lidas, por lo que el instituto se prepara para organizar el proceso de Revocaci\u00f3n de Mandato.<\/p>\n","protected":false},"author":3,"featured_media":532458,"comment_status":"open","ping_status":"open","sticky":false,"template":"","format":"standard","meta":{"_monsterinsights_skip_tracking":false,"_monsterinsights_sitenote_active":false,"_monsterinsights_sitenote_note":"","_monsterinsights_sitenote_category":0,"footnotes":""},"categories":[3],"tags":[29347,28759,43673,83658],"class_list":["post-532372","post","type-post","status-publish","format-standard","has-post-thumbnail","hentry","category-nacional","tag-ine","tag-instituto-nacional-electoral","tag-nacional","tag-revocacion-de-mandato"],"_links":{"self":[{"href":"https:\/\/www.diarioimagen.net\/index.php?rest_route=\/wp\/v2\/posts\/532372","targetHints":{"allow":["GET"]}}],"collection":[{"href":"https:\/\/www.diarioimagen.net\/index.php?rest_route=\/wp\/v2\/posts"}],"about":[{"href":"https:\/\/www.diarioimagen.net\/index.php?rest_route=\/wp\/v2\/types\/post"}],"author":[{"embeddable":true,"href":"https:\/\/www.diarioimagen.net\/index.php?rest_route=\/wp\/v2\/users\/3"}],"replies":[{"embeddable":true,"href":"https:\/\/www.diarioimagen.net\/index.php?rest_route=%2Fwp%2Fv2%2Fcomments&post=532372"}],"version-history":[{"count":0,"href":"https:\/\/www.diarioimagen.net\/index.php?rest_route=\/wp\/v2\/posts\/532372\/revisions"}],"wp:featuredmedia":[{"embeddable":true,"href":"https:\/\/www.diarioimagen.net\/index.php?rest_route=\/wp\/v2\/media\/532458"}],"wp:attachment":[{"href":"https:\/\/www.diarioimagen.net\/index.php?rest_route=%2Fwp%2Fv2%2Fmedia&parent=532372"}],"wp:term":[{"taxonomy":"category","embeddable":true,"href":"https:\/\/www.diarioimagen.net\/index.php?rest_route=%2Fwp%2Fv2%2Fcategories&post=532372"},{"taxonomy":"post_tag","embeddable":true,"href":"https:\/\/www.diarioimagen.net\/index.php?rest_route=%2Fwp%2Fv2%2Ftags&post=532372"}],"curies":[{"name":"wp","href":"https:\/\/api.w.org\/{rel}","templated":true}]}}