{"id":532387,"date":"2022-01-18T00:05:10","date_gmt":"2022-01-18T06:05:10","guid":{"rendered":"https:\/\/www.diarioimagen.net\/?p=532387"},"modified":"2022-01-19T04:28:21","modified_gmt":"2022-01-19T10:28:21","slug":"mediacion-y-conciliacion-fundamentales-en-la-defensa-de-los-derechos-universitarios","status":"publish","type":"post","link":"https:\/\/www.diarioimagen.net\/?p=532387","title":{"rendered":"Mediaci\u00f3n y conciliaci\u00f3n, fundamentales en la defensa de los derechos universitarios"},"content":{"rendered":"<p><em>\u00a0<\/em><\/p>\n<ul>\n<li><strong><em>Durante 2021 se realizaron 76 jornadas de promoci\u00f3n de los derechos universitarios y 87 pl\u00e1ticas sobre el C\u00f3digo de \u00c9tica y Conducta de la UAEM<\/em><\/strong><\/li>\n<\/ul>\n<p><strong>\u00a0<\/strong><\/p>\n<div id=\"attachment_532480\" style=\"width: 470px\" class=\"wp-caption aligncenter\"><a href=\"https:\/\/www.diarioimagen.net\/?attachment_id=532480\" rel=\"attachment wp-att-532480\"><img loading=\"lazy\" decoding=\"async\" aria-describedby=\"caption-attachment-532480\" class=\"size-full wp-image-532480\" src=\"https:\/\/www.diarioimagen.net\/wp-content\/uploads\/2022\/01\/uaem-11.jpg\" alt=\"\" width=\"460\" height=\"270\" \/><\/a><p id=\"caption-attachment-532480\" class=\"wp-caption-text\">Mar\u00eda Jos\u00e9 Bern\u00e1ldez Aguilar, titular de la Defensor\u00eda de los Derechos Universitarios, asegur\u00f3 que al igual que en 2021, durante el presente a\u00f1o est\u00e1n disponibles las v\u00edas digitales, telef\u00f3nicas y presenciales para que todos los integrantes de la comunidad universitaria puedan acercarse a este \u00f3rgano<\/p><\/div>\n<p>&nbsp;<\/p>\n<p><strong>Toluca, Estado de M\u00e9xico.\u2014<\/strong> A trav\u00e9s de 76 jornadas de promoci\u00f3n y 87 pl\u00e1ticas realizadas durante 2021, la Defensor\u00eda de los Derechos Universitarios de la Universidad Aut\u00f3noma del Estado de M\u00e9xico (UAEM) promovi\u00f3 los derechos y obligaciones de los integrantes de la comunidad universitaria y difundi\u00f3 el C\u00f3digo de \u00c9tica y Conducta de esta casa de estudios, respectivamente.<\/p>\n<p>La defensora titular de la Defensor\u00eda de los Derechos Universitarios, Mar\u00eda Jos\u00e9 Bern\u00e1ldez Aguilar, explic\u00f3 que aunado a estas actividades, a trav\u00e9s de esta instancia tambi\u00e9n otorgaron 366 asesor\u00edas, participaron en 15 procedimientos de responsabilidad, consolidaron tres convenios de avenencia, tres procedimientos de mediaci\u00f3n y se dio inicio a una queja, todas en materia de derechos universitarios.<\/p>\n<p>\u201cAsesoramos, podemos mediar y conciliar, podemos tramitar quejas o denuncias, investigamos posibles violaciones de los derechos universitarios\u201d, extern\u00f3.<\/p>\n<p>Bern\u00e1ldez Aguilar dijo que adem\u00e1s de la difusi\u00f3n permanente que se hace al interior de la UAEM sobre los derechos universitarios, la Defensor\u00eda tambi\u00e9n representa a la comunidad universitaria en los procedimientos de responsabilidad que est\u00e1n establecidos en el estatuto universitarios, ya sean presuntos responsables de una falta o las posibles v\u00edctimas.<\/p>\n<p>\u201cEs importante para nosotros que toda la comunidad sepa que existe un cat\u00e1logo de derechos\u00a0 que est\u00e1 contenido en el estatuto universitario y, por extensi\u00f3n, en algunos otros reglamentos y lo que nosotros hacemos es acercarnos para que sepan cu\u00e1les son sus derechos, cu\u00e1les sus obligaciones y en qu\u00e9 casos se pueden acercar a la Defensor\u00eda, que tiene algunas limitaciones, por ejemplo, nosotros no conocemos de conflictos laborales, aunque s\u00ed se puede asesorar y canalizar al \u00e1rea correspondiente\u201d, detall\u00f3.<\/p>\n<p>La defensora asegur\u00f3 que al igual que en 2021, durante el presente a\u00f1o est\u00e1n disponibles las v\u00edas digitales, telef\u00f3nicas y presenciales para que todos los integrantes de la comunidad universitaria puedan acercarse a este \u00f3rgano, en caso de requerir atenci\u00f3n y apoyo en materia de derechos universitarios.<\/p>\n<p>Los tel\u00e9fonos disponibles para atenci\u00f3n son el 722 5 425510 y 722 5 42 55 11, en un horario de 9:00 a 19:00 horas.<\/p>\n<p>La defensora invit\u00f3 a la comunidad universitaria a conocer la Legislaci\u00f3n Universitaria para conocer de sus derechos y obligaciones al ser parte de la UAEM.<\/p>\n","protected":false},"excerpt":{"rendered":"<p>A trav\u00e9s de 76 jornadas de promoci\u00f3n y 87 pl\u00e1ticas realizadas durante 2021, la Defensor\u00eda de los Derechos Universitarios de la Universidad Aut\u00f3noma del Estado de M\u00e9xico (UAEM) promovi\u00f3 los derechos y obligaciones de los integrantes de la comunidad universitaria y difundi\u00f3 el C\u00f3digo de \u00c9tica y Conducta de esta casa de estudios, respectivamente.<\/p>\n","protected":false},"author":3,"featured_media":532480,"comment_status":"open","ping_status":"open","sticky":false,"template":"","format":"standard","meta":{"_monsterinsights_skip_tracking":false,"_monsterinsights_sitenote_active":false,"_monsterinsights_sitenote_note":"","_monsterinsights_sitenote_category":0,"footnotes":""},"categories":[5],"tags":[94351,43675,452,1491],"class_list":["post-532387","post","type-post","status-publish","format-standard","has-post-thumbnail","hentry","category-estado-de-mexico","tag-defensoria-de-los-derechos-universitarios","tag-estado-de-mexico","tag-toluca","tag-uaem"],"_links":{"self":[{"href":"https:\/\/www.diarioimagen.net\/index.php?rest_route=\/wp\/v2\/posts\/532387","targetHints":{"allow":["GET"]}}],"collection":[{"href":"https:\/\/www.diarioimagen.net\/index.php?rest_route=\/wp\/v2\/posts"}],"about":[{"href":"https:\/\/www.diarioimagen.net\/index.php?rest_route=\/wp\/v2\/types\/post"}],"author":[{"embeddable":true,"href":"https:\/\/www.diarioimagen.net\/index.php?rest_route=\/wp\/v2\/users\/3"}],"replies":[{"embeddable":true,"href":"https:\/\/www.diarioimagen.net\/index.php?rest_route=%2Fwp%2Fv2%2Fcomments&post=532387"}],"version-history":[{"count":0,"href":"https:\/\/www.diarioimagen.net\/index.php?rest_route=\/wp\/v2\/posts\/532387\/revisions"}],"wp:featuredmedia":[{"embeddable":true,"href":"https:\/\/www.diarioimagen.net\/index.php?rest_route=\/wp\/v2\/media\/532480"}],"wp:attachment":[{"href":"https:\/\/www.diarioimagen.net\/index.php?rest_route=%2Fwp%2Fv2%2Fmedia&parent=532387"}],"wp:term":[{"taxonomy":"category","embeddable":true,"href":"https:\/\/www.diarioimagen.net\/index.php?rest_route=%2Fwp%2Fv2%2Fcategories&post=532387"},{"taxonomy":"post_tag","embeddable":true,"href":"https:\/\/www.diarioimagen.net\/index.php?rest_route=%2Fwp%2Fv2%2Ftags&post=532387"}],"curies":[{"name":"wp","href":"https:\/\/api.w.org\/{rel}","templated":true}]}}