{"id":532389,"date":"2022-01-18T00:01:21","date_gmt":"2022-01-18T06:01:21","guid":{"rendered":"https:\/\/www.diarioimagen.net\/?p=532389"},"modified":"2022-01-18T02:26:53","modified_gmt":"2022-01-18T08:26:53","slug":"entrega-el-edil-pedro-rodriguez-cobijas-en-varias-comunidades-de-atizapan","status":"publish","type":"post","link":"https:\/\/www.diarioimagen.net\/?p=532389","title":{"rendered":"Entrega el edil Pedro Rodr\u00edguez cobijas en varias comunidades de Atizap\u00e1n"},"content":{"rendered":"<p>&nbsp;<\/p>\n<ul>\n<li><strong><em>Exhort\u00f3 a ciudadanos a continuar con medidas sanitarias<\/em><\/strong><\/li>\n<\/ul>\n<p>&nbsp;<\/p>\n<div id=\"attachment_532502\" style=\"width: 470px\" class=\"wp-caption aligncenter\"><a href=\"https:\/\/www.diarioimagen.net\/?attachment_id=532502\" rel=\"attachment wp-att-532502\"><img loading=\"lazy\" decoding=\"async\" aria-describedby=\"caption-attachment-532502\" class=\"size-full wp-image-532502\" src=\"https:\/\/www.diarioimagen.net\/wp-content\/uploads\/2022\/01\/atizapan-7.jpg\" alt=\"\" width=\"460\" height=\"270\" \/><\/a><p id=\"caption-attachment-532502\" class=\"wp-caption-text\">El edil Pedro Rodr\u00edguez Villegas, entreg\u00f3 2 mil cobijas\u00a0 a vecinos atizapenses.<\/p><\/div>\n<p>&nbsp;<\/p>\n<p><strong>Atizap\u00e1n, Estado de M\u00e9xico.\u2014<\/strong> Presidente\u00a0 Municipal de Atizap\u00e1n de Zaragoza, Pedro Rodr\u00edguez Villegas, entreg\u00f3 2 mil cobijas a vecinos\u00a0 atizapenses.<\/p>\n<p>El apoyo forma parte del\u00a0 programa \u201cCobijando Atizap\u00e1n\u201d\u00a0 y fue otorgado a residentes de\u00a0 las colonia Las Pe\u00f1itas, Atizap\u00e1n\u00a0 2000, UAM, Emiliano Zapata\u00a0 y la Ampliaci\u00f3n Demetrio Vallejo. Acompa\u00f1ado de la Directora del Sistema Municipal DIF,\u00a0 Juana Mendoza Bece rril; y Alfredo S\u00e1nche Flores, Coordinador Regional del DIFEM, el Alcalde resalt\u00f3 la importancia de\u00a0 que lo pobladores se protejan de\u00a0 las bajas temperaturas durante\u00a0 la \u00e9poca invernal, y exhort\u00f3 a\u00a0 ciudadanos a continuar con las\u00a0 medidas sanitarias ante los repuntes de Covid19.<\/p>\n<p>\u201cLos invito a ser responsables, a que guardemos la sana\u00a0 distancia, usemos el cubrebocas\u00a0 en todo momento.<\/p>\n<p>\u201cLa pandemia no ha terminado, todos los d\u00edas tenemos cifras r\u00e9cord en cuanto a contagios pero los decesos han disminuido,\u00a0 esto es gracias a la vacuna. Los\u00a0 invito a vacunarse en las jornadas que se seguir\u00e1n desplegando\u00a0 en Atizap\u00e1n\u201d, insisti\u00f3.<\/p>\n<p>Finalmente, Pedro Rodr\u00edguez agradeci\u00f3 el apoyo brindado por el Gobierno del Estado\u00a0 de M\u00e9xico para llevar a cabo\u00a0 este programa en la demarcaci\u00f3n.<\/p>\n<p>En\u00a0 la\u00a0 entrega\u00a0 de\u00a0 los\u00a0 apoyos\u00a0 participaron:\u00a0 Silvia\u00a0 M\u00e1rquez\u00a0 Velasco,\u00a0 Primer\u00a0 S\u00edndico Municipal;\u00a0\u00a0\u00a0 Efra\u00edn\u00a0 Medina\u00a0 Moreno,\u00a0 Tercer\u00a0 Regidor;\u00a0 Marycarmen\u00a0 Reyes\u00a0 Orozco, Cuarta\u00a0 Regidora;\u00a0 Daniel\u00a0 Altamirano\u00a0 Guti\u00e9rrez,\u00a0 Quinto\u00a0 Regidor;\u00a0 Mariana\u00a0 Ch\u00e1vez Reyes,\u00a0 Sexta Regidora;\u00a0 Lilia\u00a0 Mar\u00eda\u00a0 del\u00a0 Pilar\u00a0 Cedillo\u00a0 Olivares,\u00a0 D\u00e9cima\u00a0 Regidora; Diego\u00a0 Mart\u00ednez\u00a0 Rosillo,\u00a0 D\u00e9cimo\u00a0 Segundo\u00a0 Regidor;\u00a0 Fredy\u00a0 Hern\u00e1ndez\u00a0 B\u00e1rcenas , Director\u00a0 de\u00a0 Educaci\u00f3n;\u00a0 H\u00e9ctor\u00a0 Elorriaga\u00a0 Mej\u00eda,\u00a0 Coordinador\u00a0 Municipal\u00a0 de\u00a0 Protecci\u00f3n Civil,\u00a0 Bomberos\u00a0 y\u00a0 Medio\u00a0 Ambiente; y\u00a0 Brenda\u00a0 Mart\u00ednez\u00a0 Bautista,\u00a0 Subdirectora\u00a0 de Juventud.<\/p>\n","protected":false},"excerpt":{"rendered":"<p>Presidente\u00a0 Municipal de Atizap\u00e1n de Zaragoza, Pedro Rodr\u00edguez Villegas, entreg\u00f3 2 mil cobijas a vecinos\u00a0 atizapenses.<\/p>\n","protected":false},"author":3,"featured_media":532502,"comment_status":"open","ping_status":"open","sticky":false,"template":"","format":"standard","meta":{"_monsterinsights_skip_tracking":false,"_monsterinsights_sitenote_active":false,"_monsterinsights_sitenote_note":"","_monsterinsights_sitenote_category":0,"footnotes":""},"categories":[5],"tags":[969,94352,24769,43675,74164],"class_list":["post-532389","post","type-post","status-publish","format-standard","has-post-thumbnail","hentry","category-estado-de-mexico","tag-atizapan","tag-cobijas","tag-entrega","tag-estado-de-mexico","tag-pedro-rodriguez-villegas"],"_links":{"self":[{"href":"https:\/\/www.diarioimagen.net\/index.php?rest_route=\/wp\/v2\/posts\/532389","targetHints":{"allow":["GET"]}}],"collection":[{"href":"https:\/\/www.diarioimagen.net\/index.php?rest_route=\/wp\/v2\/posts"}],"about":[{"href":"https:\/\/www.diarioimagen.net\/index.php?rest_route=\/wp\/v2\/types\/post"}],"author":[{"embeddable":true,"href":"https:\/\/www.diarioimagen.net\/index.php?rest_route=\/wp\/v2\/users\/3"}],"replies":[{"embeddable":true,"href":"https:\/\/www.diarioimagen.net\/index.php?rest_route=%2Fwp%2Fv2%2Fcomments&post=532389"}],"version-history":[{"count":0,"href":"https:\/\/www.diarioimagen.net\/index.php?rest_route=\/wp\/v2\/posts\/532389\/revisions"}],"wp:featuredmedia":[{"embeddable":true,"href":"https:\/\/www.diarioimagen.net\/index.php?rest_route=\/wp\/v2\/media\/532502"}],"wp:attachment":[{"href":"https:\/\/www.diarioimagen.net\/index.php?rest_route=%2Fwp%2Fv2%2Fmedia&parent=532389"}],"wp:term":[{"taxonomy":"category","embeddable":true,"href":"https:\/\/www.diarioimagen.net\/index.php?rest_route=%2Fwp%2Fv2%2Fcategories&post=532389"},{"taxonomy":"post_tag","embeddable":true,"href":"https:\/\/www.diarioimagen.net\/index.php?rest_route=%2Fwp%2Fv2%2Ftags&post=532389"}],"curies":[{"name":"wp","href":"https:\/\/api.w.org\/{rel}","templated":true}]}}