{"id":532415,"date":"2022-01-18T00:02:18","date_gmt":"2022-01-18T06:02:18","guid":{"rendered":"https:\/\/www.diarioimagen.net\/?p=532415"},"modified":"2022-01-19T02:26:12","modified_gmt":"2022-01-19T08:26:12","slug":"comunidad-udlap-pide-al-ministro-arturo-zaldivar-resolucion-al-conflicto","status":"publish","type":"post","link":"https:\/\/www.diarioimagen.net\/?p=532415","title":{"rendered":"Comunidad UDLAP pide al ministro Arturo Zald\u00edvar resoluci\u00f3n al conflicto"},"content":{"rendered":"<h2>La Retaguardia<\/h2>\n<h5>Adriana Moreno Cordero<\/h5>\n<p>&nbsp;<\/p>\n<p>Ante lo que consideran la violaci\u00f3n de derechos humanos fundamentales, la comunidad de estudiantes, acad\u00e9micos y empleados de la Universidad de las Am\u00e9ricas Puebla (UDLAP) solicitaron al ministro <strong>Arturo Zald\u00edvar<\/strong> ejerza \u2014en su calidad de presidente de la Suprema Corte de Justicia de la Naci\u00f3n\u2014 todas sus facultades constitucionales para brindar resoluci\u00f3n al conflicto que vive la instituci\u00f3n desde hace seis meses.<\/p>\n<p>En un desplegado a nivel nacional, solicitan que el ministro Zald\u00edvar les otorgue una audiencia con el objetivo de brindarle detalles sobre la intromisi\u00f3n a su vida universitaria y las irregularidades cometidas en el caso UDLAP dentro del \u00e1mbito judicial.<\/p>\n<p>El texto, firmado por la rectora interina de dicha Universidad, <strong>Cecilia Anaya Berr\u00edos<\/strong> y <strong>Fernando Rosas Ordaz<\/strong>, presidente del Poder Ejecutivo del Consejo Estudiantil de la Universidad de las Am\u00e9ricas Puebla (CEUDLAP) establece que todo ese conflicto ha puesto en riesgo, tanto el futuro acad\u00e9mico y profesional de m\u00e1s de diez mil j\u00f3venes, como el sustento econ\u00f3mico de una numerosa plantilla laboral y hasta de los habitantes de las comunidades que albergan las instalaciones.<\/p>\n<p>Se destaca adem\u00e1s, que desde el pasado 29 de junio, fecha en que los cuerpos policiacos tomaron por la fuerza el campus de la universidad, \u00abel actuar de autoridades del Poder Judicial del estado de Puebla han violado e ignorado diversas \u00f3rdenes, suspensiones y exhortos judiciales de car\u00e1cter local y federal que exigen la liberaci\u00f3n y restituci\u00f3n del campus universitario a sus administradores leg\u00edtimos\u00bb.<\/p>\n<p>Afirma tambi\u00e9n que \u201cla comunidad UDLAP y sus representantes legales han ganado por la v\u00eda del derecho todos y cada uno de los recursos necesarios para que la normalidad retorne a la universidad; pero esto no ha sucedido, por lo que es evidente que nos enfrentamos no s\u00f3lo a un tema de voluntad pol\u00edtica, sino a una violaci\u00f3n flagrante al orden jur\u00eddico, a la justicia y \u2014principalmente\u2014 a los derechos de estudiantes y trabajadores que ven afectadas necesidades primarias como educaci\u00f3n y sustento\u201d.<\/p>\n<p>No cabe duda que el fortalecimiento de las instituciones educativas es de vital importancia y que un conflicto altere su labor es un grave error, por lo que ser\u00e1 crucial la intervenci\u00f3n del ministro Zald\u00edvar para la resoluci\u00f3n de este conflicto.<\/p>\n<p style=\"text-align: center;\"><strong>Municiones<\/strong><\/p>\n<p>*** El tema de la controvertida reforma energ\u00e9tica que tuvo un <em>impasse<\/em> en los \u00faltimos d\u00edas del a\u00f1o pasado, justo cuando el embajador de M\u00e9xico en Estados Unidos, <strong>Ken Salazar<\/strong>, se reuni\u00f3 en Palacio Nacional con el presidente L\u00f3pez Obrador, ayer retorn\u00f3 a la palestra pol\u00edtica en el Palacio Legislativo de San L\u00e1zaro, donde arrancaron los foros donde se analiza. Ah\u00ed se dieron cita nueve gobernadores de Morena y s\u00f3lo el priista <strong>Omar Fayad<\/strong>, en su calidad de la Conago, estuvo presente. En su intervenci\u00f3n el gobernador hidalguense pidi\u00f3 que se incentiven los est\u00edmulos a quienes adquieran veh\u00edculos el\u00e9ctricos y que a los mandatarios estatales se les incluya aunque sea s\u00f3lo con voz en el sistema de planeaci\u00f3n de dicha reforma, al tiempo que propuso elevar a rango constitucional el derecho a la electricidad. Por cierto, el secretario de Gobernaci\u00f3n, <strong>Ad\u00e1n Augusto L\u00f3pez<\/strong>, estaba invitado, pero no lleg\u00f3.<\/p>\n<p>*** Dichos foros durar\u00e1n hasta el 15 de febrero y los gobernadores morenistas est\u00e1n tan alineados que si de ellos dependiera esta decisi\u00f3n, la reforma el\u00e9ctrica ya habr\u00eda sido aprobada. Pero no, eso depende del Congreso, donde los legisladores del partido oficial deben tener el 50 m\u00e1s uno y no lo re\u00fanen. Una de las m\u00e1s alineadas a la voluntad presidencial fue, desde luego, la jefa de Gobierno de la Ciudad de M\u00e9xico, <strong>Claudia Sheinbaum<\/strong>, quien emocionada, desde San L\u00e1zaro invit\u00f3 al resto de los mandatarios estatales a hacer historia y aprobar la controvertida reforma energ\u00e9tica que con calzador o como sea quiere meter el inquilino de Palacio Nacional. Obediente, leal y con \u201cl\u00ednea\u201d presidencial, la flamante funcionaria capitalina dijo que dicha reforma otorga soberan\u00eda energ\u00e9tica; garantiza energ\u00eda el\u00e9ctrica, internet, etc\u00e9tera, y habl\u00f3 de la urgencia de transitar hacia las energ\u00edas renovables que mitiguen el cambio clim\u00e1tico. Entonces, \u00bfpor qu\u00e9 su jefe compra refiner\u00edas y le apuesta al carb\u00f3n as\u00ed como a las energ\u00edas sucias? A ver, que responda la flamante funcionaria.<\/p>\n<p>*** No faltan los que piensan que estos foros, no son m\u00e1s que un distractor, en el af\u00e1n del tabasque\u00f1o por minorizar los efectos de la Covid-19 en su variante \u00d3micron, porque no hay que olvidar que en su espectacular reaparici\u00f3n en el gustad\u00edsimo \u201cstand-up\u201d ma\u00f1anero, L\u00f3pez Obrador insisti\u00f3 en los remedios caseros, ahora con las \u201ctalladitas\u201d en el pecho, espalda y plantas de los pies. Verdaderamente pat\u00e9tico se ve el tabasque\u00f1o.<\/p>\n<p>*** Justo en el d\u00eda de su cumplea\u00f1os n\u00famero 49, el gobernador de Morelos, <strong>Cuauht\u00e9moc Blanco<\/strong>, se aperson\u00f3 en la Fiscal\u00eda General de la Rep\u00fablica, a cargo de <strong>Alejandro Gertz<\/strong> para presentar denuncia ante ante lo que llam\u00f3 los narcopol\u00edticos de estado, que seg\u00fan \u00e9l, han instrumentado una guerra sucia en su contra porque \u201cles est\u00e1 pisando los callos\u201d. Todo es por la famosa fotograf\u00eda que en d\u00edas pasados se public\u00f3, donde aparece el ex futbolista con narcodelincuentes y que ha terminado por meterlo en serios problemas; m\u00e1s todav\u00eda que cuando se tom\u00f3 unas vacaciones por dos semanas en Brasil, acompa\u00f1ado por su esposa, mientras el estado que gobierna se encuentra ardiendo y asegur\u00f3 muy \u201cengallado\u201d que est\u00e1 firme dando la cara porque los mismos pantalones que tuvo a lo largo de su carrera como futbolista, los sigue teniendo para la pol\u00edtica, \u00bfser\u00e1? Finalmente, dio un par de nombres al lanzarse duro a la yugular al ex gobernador Graco Ram\u00edrez y el ex secretario de Seguridad, Alberto Capella. Asegur\u00f3 Blanco que <strong>Santiago Mazari Hern\u00e1ndez<\/strong>, mejor conocido como \u201c<strong>El carrete<\/strong>\u201d, habr\u00eda pactado con el ex mandatario estatal y con quien era secretario de seguridad en la entidad. Cabe destacar que quien tambi\u00e9n es el l\u00edder del cartel \u201cLos Rojos\u201d, fue detenido en agosto del a\u00f1o pasado, y sentenciado a 20 a\u00f1os de prisi\u00f3n.<\/p>\n<p>*** Hay varios nombramientos que hizo L\u00f3pez Obrador de embajadores y c\u00f3nsules, que son dignos de un comentario m\u00e1s amplio. Por ejemplo, a la autora de la novela <em>Como Agua para Chocolate<\/em>, <strong>Laura Beatriz Esquivel<\/strong>, la design\u00f3 en la embajada en Brasil. La ex gobernadora de Sonora, <strong>Claudia, Pavlovich<\/strong>, es la nueva c\u00f3nsul en Barcelona, mientras que otro ex mandatario estatal, el campechano <strong>Carlos Miguel Aysa Gonz\u00e1lez<\/strong> es el nuevo embajador de M\u00e9xico en Rep\u00fablica Dominicana y el ex secretario de Gobierno de la Ciudad de M\u00e9xico, \u00a0<strong>Alfonso Su\u00e1rez del Real<\/strong>, fue designado titular en la Oficina de M\u00e9xico en Estrasburgo. Por cierto, el nombramiento de <strong>Quirino Ordaz<\/strong>, ex gobernador de Sinaloa, sigue en veremos. \u00bfQu\u00e9 estar\u00e1 pasando con eso?<\/p>\n<p><u><a href=\"mailto:morcora@gmail.com\" target=\"_blank\" rel=\"noopener noreferrer\"><em>morcora@gmail.com<\/em><\/a><\/u><\/p>\n","protected":false},"excerpt":{"rendered":"<p><span style=\"color: #005497;\"><strong>Adriana Moreno Cordero<\/strong><\/span><\/p>\n","protected":false},"author":3,"featured_media":0,"comment_status":"open","ping_status":"open","sticky":false,"template":"","format":"standard","meta":{"_monsterinsights_skip_tracking":false,"_monsterinsights_sitenote_active":false,"_monsterinsights_sitenote_note":"","_monsterinsights_sitenote_category":0,"footnotes":""},"categories":[69370],"tags":[69369,69368,43674],"class_list":["post-532415","post","type-post","status-publish","format-standard","hentry","category-adriana-moreno-cordero","tag-adriana-moreno-cordero","tag-la-retaguardia","tag-opinion"],"_links":{"self":[{"href":"https:\/\/www.diarioimagen.net\/index.php?rest_route=\/wp\/v2\/posts\/532415","targetHints":{"allow":["GET"]}}],"collection":[{"href":"https:\/\/www.diarioimagen.net\/index.php?rest_route=\/wp\/v2\/posts"}],"about":[{"href":"https:\/\/www.diarioimagen.net\/index.php?rest_route=\/wp\/v2\/types\/post"}],"author":[{"embeddable":true,"href":"https:\/\/www.diarioimagen.net\/index.php?rest_route=\/wp\/v2\/users\/3"}],"replies":[{"embeddable":true,"href":"https:\/\/www.diarioimagen.net\/index.php?rest_route=%2Fwp%2Fv2%2Fcomments&post=532415"}],"version-history":[{"count":0,"href":"https:\/\/www.diarioimagen.net\/index.php?rest_route=\/wp\/v2\/posts\/532415\/revisions"}],"wp:attachment":[{"href":"https:\/\/www.diarioimagen.net\/index.php?rest_route=%2Fwp%2Fv2%2Fmedia&parent=532415"}],"wp:term":[{"taxonomy":"category","embeddable":true,"href":"https:\/\/www.diarioimagen.net\/index.php?rest_route=%2Fwp%2Fv2%2Fcategories&post=532415"},{"taxonomy":"post_tag","embeddable":true,"href":"https:\/\/www.diarioimagen.net\/index.php?rest_route=%2Fwp%2Fv2%2Ftags&post=532415"}],"curies":[{"name":"wp","href":"https:\/\/api.w.org\/{rel}","templated":true}]}}