{"id":532417,"date":"2022-01-18T00:04:14","date_gmt":"2022-01-18T06:04:14","guid":{"rendered":"https:\/\/www.diarioimagen.net\/?p=532417"},"modified":"2022-01-18T00:09:59","modified_gmt":"2022-01-18T06:09:59","slug":"centenario-de-echeverria","status":"publish","type":"post","link":"https:\/\/www.diarioimagen.net\/?p=532417","title":{"rendered":"Centenario de Echeverr\u00eda"},"content":{"rendered":"<h2>Desde el portal<\/h2>\n<h5>\u00c1ngel Soriano<\/h5>\n<p>&nbsp;<\/p>\n<p>La celebraci\u00f3n del centenario del natalicio del ex presidente Luis Echeverr\u00eda es un gran acontecimiento, no s\u00f3lo por la longevidad del pol\u00edtico mexicano, \u00faltimo Presidente de la Revoluci\u00f3n Mexicana \u2014en definici\u00f3n del tambi\u00e9n ex presidente L\u00f3pez Portillo\u2014, sino porque dej\u00f3 una profunda huella nacional, que se sigue en la actualidad.<\/p>\n<p>No s\u00f3lo sus cuadros pol\u00edticos est\u00e1n vigentes \u2014Porfirio Mu\u00f1oz Ledo, Augusto G\u00f3mez Villanueva, Ignacio Ovalle, Heladio Ram\u00edrez L\u00f3pez, Mauro Jim\u00e9nez Lazcano\u2014, sino porque su pol\u00edtica dirigida a los marginados est\u00e1 vigente, lo mismo que importante infraestructura e instituciones en beneficio de la Naci\u00f3n.<\/p>\n<p>Como ocurre con los estadistas, hechos lamentables en los que se vio involucrado manchan su administraci\u00f3n. Desde su paso por la Secretar\u00eda de Gobernaci\u00f3n, con la persecuci\u00f3n de dirigentes sociales y represi\u00f3n al movimiento estudiantil del 68, lo mismo que los sucesos del 10 de junio, demuestran tambi\u00e9n el alto grado de violencia en la lucha pol\u00edtica del pa\u00eds.<\/p>\n<p>Sin embargo, su legado, su vigencia, su impulso al desarrollo nacional est\u00e1 actuante y vigente. Fue sin duda un gran Presidente y sus m\u00e1s cercanos colaboradores se encargan de difundir su obra y su escuela pol\u00edtica que cobra actualidad porque el pa\u00eds requiere de hombres y mujeres decididos a recorrer la geograf\u00eda nacional para superar los rezagos nacionales.<\/p>\n<p style=\"text-align: center;\"><strong>Turbulencias<br \/>\nSupera AMLO Covid compra medicinas<\/strong><\/p>\n<p>El presidente Andr\u00e9s Manuel L\u00f3pez Obrador ha superado la variante \u00d3micron de la Covid-19 y entre sus primeras acciones ha dispuesto la adquisici\u00f3n, para distribuirlas en la poblaci\u00f3n, de las nuevas presentaciones de medicamentos para combatir la pandemia que mantiene aterrorizado al mundo y que arrasa con personas de todos los niveles sociales, pol\u00edticos y econ\u00f3micos. Seguramente pronto se encontrar\u00e1 el mecanismo m\u00e1s eficaz para hacerle frente\u2026 Sobre el rumor en Oaxaca de que con la postulaci\u00f3n del ex secretario de Gobierno de la actual administraci\u00f3n, Alejandro Avil\u00e9s \u00c1vila, cesado por disponer de un helic\u00f3ptero oficial para trasladar a sus hijos a Huatulco en fin de semana, es la entrega de la plaza a otro pol\u00edtico de la misma cala\u00f1a, por lo que la entidad no se salva de caer en manos de vivales que han encontrado en la pol\u00edtica una forma de beneficiarse personal, familiar y sectariamente\u2026 Da se\u00f1ales de vida el veterano Porfirio Mu\u00f1oz Ledo, una vez que, tras largo recorrido en la vida nacional, se ha dado cuenta de que el \u00fanico que manda en el pa\u00eds es el Presidente de M\u00e9xico. Su posici\u00f3n belicosa -respeta-, le cost\u00f3 que fuera bajado de la curul en San L\u00e1zaro y aislado, pese a sus aportaciones en materia legislativa e ideol\u00f3gica. Ahora se da cuenta que el presidente L\u00f3pez Obrador ejerce un real liderazgo en Am\u00e9rica Latina\u2026 Ignora el canciller Marcelo Ebrard que la valiosa colecci\u00f3n de obras de arte de nuestro pa\u00eds que Banamex vendi\u00f3 a Citigroup pertenece a la Naci\u00f3n. No se trata de una colecci\u00f3n de particulares, sino que forman parte de la riqueza nacional que pas\u00f3 a manos particulares que la vendieron a extranjeros y estos nuevamente nos la vuelven a vender. Lo que debe investigarse es qui\u00e9n o qui\u00e9nes se han beneficiado de esos valores que, como otras concesiones y permisos que otorga el gobierno federal, s\u00f3lo beneficia a unos cuantos\u2026 El mismo banquero que vendi\u00f3 Banamex se ha apoderado de valiosos edificios del Centro Hist\u00f3rico de Oaxaca y destruido emblem\u00e1ticos edificios como el ex convento de San Pablo, sede del Instituto de Ciencias y Artes, donde fue alumno, catedr\u00e1tico y rector don Benito Ju\u00e1rez.<\/p>\n<p><u><a href=\"mailto:asorianocarrasco@yahoo.com\" target=\"_blank\" rel=\"noopener noreferrer\"><em>asorianocarrasco@yahoo.com<\/em><\/a><br \/>\n<em><a href=\"https:\/\/revistabrecha.com\" target=\"_blank\" rel=\"noopener noreferrer\">www.revistabrecha.com<\/a><br \/>\n<a href=\"https:\/\/twitter.com\/brecharevista\" target=\"_blank\" rel=\"noopener noreferrer\">@BrechaRevista<\/a><\/em><\/u><\/p>\n","protected":false},"excerpt":{"rendered":"<p><span style=\"color: #005497;\"><strong>\u00c1ngel Soriano<\/strong><\/span><\/p>\n","protected":false},"author":3,"featured_media":0,"comment_status":"open","ping_status":"open","sticky":false,"template":"","format":"standard","meta":{"_monsterinsights_skip_tracking":false,"_monsterinsights_sitenote_active":false,"_monsterinsights_sitenote_note":"","_monsterinsights_sitenote_category":0,"footnotes":""},"categories":[135],"tags":[85,86,43674],"class_list":["post-532417","post","type-post","status-publish","format-standard","hentry","category-angel-soriano-opinion","tag-angel-soriano","tag-desde-el-portal","tag-opinion"],"_links":{"self":[{"href":"https:\/\/www.diarioimagen.net\/index.php?rest_route=\/wp\/v2\/posts\/532417","targetHints":{"allow":["GET"]}}],"collection":[{"href":"https:\/\/www.diarioimagen.net\/index.php?rest_route=\/wp\/v2\/posts"}],"about":[{"href":"https:\/\/www.diarioimagen.net\/index.php?rest_route=\/wp\/v2\/types\/post"}],"author":[{"embeddable":true,"href":"https:\/\/www.diarioimagen.net\/index.php?rest_route=\/wp\/v2\/users\/3"}],"replies":[{"embeddable":true,"href":"https:\/\/www.diarioimagen.net\/index.php?rest_route=%2Fwp%2Fv2%2Fcomments&post=532417"}],"version-history":[{"count":0,"href":"https:\/\/www.diarioimagen.net\/index.php?rest_route=\/wp\/v2\/posts\/532417\/revisions"}],"wp:attachment":[{"href":"https:\/\/www.diarioimagen.net\/index.php?rest_route=%2Fwp%2Fv2%2Fmedia&parent=532417"}],"wp:term":[{"taxonomy":"category","embeddable":true,"href":"https:\/\/www.diarioimagen.net\/index.php?rest_route=%2Fwp%2Fv2%2Fcategories&post=532417"},{"taxonomy":"post_tag","embeddable":true,"href":"https:\/\/www.diarioimagen.net\/index.php?rest_route=%2Fwp%2Fv2%2Ftags&post=532417"}],"curies":[{"name":"wp","href":"https:\/\/api.w.org\/{rel}","templated":true}]}}