{"id":532420,"date":"2022-01-18T00:08:01","date_gmt":"2022-01-18T06:08:01","guid":{"rendered":"https:\/\/www.diarioimagen.net\/?p=532420"},"modified":"2022-01-18T00:14:12","modified_gmt":"2022-01-18T06:14:12","slug":"lea-el-genocida-centenario","status":"publish","type":"post","link":"https:\/\/www.diarioimagen.net\/?p=532420","title":{"rendered":"LEA, el genocida centenario"},"content":{"rendered":"<h2>Punto por punto<\/h2>\n<h5>Augusto Corro<\/h5>\n<p>&nbsp;<\/p>\n<p>El 17 de enero, el genocida Luis Echeverr\u00eda Alvarez cumpli\u00f3 cien a\u00f1os de vida.<\/p>\n<p>El ex presidente de M\u00e9xico fue art\u00edfice como secretario de Gobernaci\u00f3n de Gustavo D\u00edaz Ordaz de la matanza del 2 de octubre en Tlatelolco, en 1968.<\/p>\n<p>Ya como mandatario fue responsable de la represi\u00f3n sangrienta del Jueves de Corpus de 1971.<\/p>\n<p>Durante su vida pol\u00edtica se dedic\u00f3 a combatir los movimientos populares. Fue acusado de genocidio, sentenciado y absuelto.<\/p>\n<p>La Historia, con may\u00fascula, lo tiene registrado como un pol\u00edtico criminal que llen\u00f3 de luto y dolor a miles de padres de familia que perdieron a sus hijos.<\/p>\n<p>En su visi\u00f3n de muerte, LEA se enfrent\u00f3 a los l\u00edderes de la izquierda y la derecha. Fue un enemigo declarado de la guerrilla y de la libertad de prensa.<\/p>\n<p>El ex presidente priista fue el gran represor de M\u00e9xico, pa\u00eds en el que la palabra justicia no existe y por lo tanto no ser\u00e1 castigado.<\/p>\n<p>Sin embargo, quedar\u00e1n en su conciencia, si es que tiene, las decenas de j\u00f3venes asesinados que luchaban por sus ideales.<\/p>\n<p style=\"text-align: center;\"><strong>La producci\u00f3n de lim\u00f3n<\/strong><\/p>\n<p>Quiz\u00e1s escuch\u00f3 usted que el lim\u00f3n se encuentra por las nubes.<\/p>\n<p>Si logra localizar el producto, conseguir\u00e1 el kilo a alrededor de ochenta pesos. El problema es visto por los pol\u00edticos como algo fr\u00edvolo, chuscho, que los mueve a risa.<\/p>\n<p>Aunque el asunto requiere seriedad para encontrar soluciones a la ca\u00edda de la producci\u00f3n del c\u00edtrico.<\/p>\n<p>Por ejemplo, la escasez de lim\u00f3n obedece a la inseguridad que se vive en la regi\u00f3n de Tierra Caliente sumado a condiciones clim\u00e1ticas y encarecimiento de insumos agr\u00edcolas.<\/p>\n<p>Derivado de la inseguridad miles de hect\u00e1reas de huertas de lim\u00f3n quedaron en el olvido.<\/p>\n<p>Tampoco hay suficiente mano de obra para trabajar la tierra y cuidar los terrenos de producci\u00f3n. En general, hay menos gente para cultivar y cosechar el fruto.<\/p>\n<p>La guerra entre los c\u00e1rteles de la droga alter\u00f3 la vida econ\u00f3mica de la regi\u00f3n.<\/p>\n<p>Se trata de un conflicto que las autoridades municipales, estatales y federales \u00fanicamente ven de lejos. Prefieren que la poblaci\u00f3n viva en la total inseguridad.<\/p>\n<p style=\"text-align: center;\"><strong>Cuauhtemoc, en la Fiscal\u00eda<\/strong><\/p>\n<p>El gobernador de Morelos, Cuauht\u00e9moc Blanco anunci\u00f3 que acudir\u00eda a la Fiscal\u00eda General de la Rep\u00fablica (FGR) a denunciar los dichos de que fue objeto en d\u00edas recientes.<\/p>\n<p>Como se\u00f1alamos en este espacio, el ex futbolista metido a pol\u00edtico apareci\u00f3 en una fotograf\u00eda al lado de integrantes del crimen organizado. Tras confirmar la autenticidad de la foto, el mandatario buscar\u00e1 frenar lo que considera una guerra sucia.<\/p>\n<p>Por cierto, Cuauht\u00e9moc Blanco no ha podido brindar seguridad a los morelenses.<\/p>\n<p>Cuernavaca, la llamada \u201cCiudad de la eterna primavera\u201d, ahora la se\u00f1alan como la \u201cCiudad de la eterna balacera\u201d.<\/p>\n<p style=\"text-align: center;\"><strong>Cada quien con su responsabilidad<\/strong><\/p>\n<p>Da envidia de la buena ver las playas llenas de paseantes.<\/p>\n<p>Miles de personas llenan los destinos tur\u00edsticos, a pesar del repunte de contagios por Covid-19.<\/p>\n<p>No se justifica la conducta de muchas personas, pero s\u00ed se entiende que las medidas sanitarias tienen cansada a la poblaci\u00f3n.<\/p>\n<p>Lo grave de la situaci\u00f3n es que son familias enteras las que salen a pasear, pero sin tomar los cuidados correspondientes.<\/p>\n<p>Esos paseantes no portan cubrebocas, tampoco guardan la sana distancia.<\/p>\n<p>Pese a la ola de contagios por Covid-19 el fin de semana, los sitios para pasear estuvieron llenos.<\/p>\n<p>Se registraron fiestas y las playas se llenaron de visitantes. As\u00ed sucedi\u00f3 en Acapulco y en otros sitios tur\u00edsticos.<\/p>\n<p>Ya se le perdi\u00f3 el miedo al coronavirus. Cuidado. Es tiempo de cuidarnos y no bajar la guardia.<\/p>\n<p>La pandemia sigue amenazando.<\/p>\n<p>\u00bfUsted qu\u00e9 opina amable lector?<\/p>\n<p><a href=\"mailto:aco2742@hotmail.com\" target=\"_blank\" rel=\"noopener noreferrer\"><em>aco2742@hotmail.com<\/em><\/a><\/p>\n","protected":false},"excerpt":{"rendered":"<p><span style=\"color: #005497;\"><strong>Augusto Corro<\/strong><\/span><\/p>\n","protected":false},"author":3,"featured_media":0,"comment_status":"open","ping_status":"open","sticky":false,"template":"","format":"standard","meta":{"_monsterinsights_skip_tracking":false,"_monsterinsights_sitenote_active":false,"_monsterinsights_sitenote_note":"","_monsterinsights_sitenote_category":0,"footnotes":""},"categories":[157],"tags":[43686,43674,11515],"class_list":["post-532420","post","type-post","status-publish","format-standard","hentry","category-augusto-corro","tag-augusto-corro","tag-opinion","tag-punto-por-punto"],"_links":{"self":[{"href":"https:\/\/www.diarioimagen.net\/index.php?rest_route=\/wp\/v2\/posts\/532420","targetHints":{"allow":["GET"]}}],"collection":[{"href":"https:\/\/www.diarioimagen.net\/index.php?rest_route=\/wp\/v2\/posts"}],"about":[{"href":"https:\/\/www.diarioimagen.net\/index.php?rest_route=\/wp\/v2\/types\/post"}],"author":[{"embeddable":true,"href":"https:\/\/www.diarioimagen.net\/index.php?rest_route=\/wp\/v2\/users\/3"}],"replies":[{"embeddable":true,"href":"https:\/\/www.diarioimagen.net\/index.php?rest_route=%2Fwp%2Fv2%2Fcomments&post=532420"}],"version-history":[{"count":0,"href":"https:\/\/www.diarioimagen.net\/index.php?rest_route=\/wp\/v2\/posts\/532420\/revisions"}],"wp:attachment":[{"href":"https:\/\/www.diarioimagen.net\/index.php?rest_route=%2Fwp%2Fv2%2Fmedia&parent=532420"}],"wp:term":[{"taxonomy":"category","embeddable":true,"href":"https:\/\/www.diarioimagen.net\/index.php?rest_route=%2Fwp%2Fv2%2Fcategories&post=532420"},{"taxonomy":"post_tag","embeddable":true,"href":"https:\/\/www.diarioimagen.net\/index.php?rest_route=%2Fwp%2Fv2%2Ftags&post=532420"}],"curies":[{"name":"wp","href":"https:\/\/api.w.org\/{rel}","templated":true}]}}