{"id":532573,"date":"2022-01-19T00:05:28","date_gmt":"2022-01-19T06:05:28","guid":{"rendered":"https:\/\/www.diarioimagen.net\/?p=532573"},"modified":"2022-01-19T23:41:37","modified_gmt":"2022-01-20T05:41:37","slug":"reacciones-de-la-vacuna-contra-covid-19-son-pasajeras-senala-investigador-de-la-uaem","status":"publish","type":"post","link":"https:\/\/www.diarioimagen.net\/?p=532573","title":{"rendered":"Reacciones de la vacuna contra COVID-19 son pasajeras, se\u00f1ala investigador de la UAEM"},"content":{"rendered":"<p><em>\u00a0<\/em><\/p>\n<ul>\n<li><strong><em>Miguel \u00c1ngel Karam Calder\u00f3n, epidemi\u00f3logo de la Facultad de Medicina, explic\u00f3 que las reacciones a las vacunas se presentan de manera general en cualquier persona, dependiendo de su susceptibilidad individual<\/em><\/strong><\/li>\n<\/ul>\n<p>&nbsp;<\/p>\n<div id=\"attachment_532673\" style=\"width: 470px\" class=\"wp-caption aligncenter\"><a href=\"https:\/\/www.diarioimagen.net\/?attachment_id=532673\" rel=\"attachment wp-att-532673\"><img loading=\"lazy\" decoding=\"async\" aria-describedby=\"caption-attachment-532673\" class=\"size-full wp-image-532673\" src=\"https:\/\/www.diarioimagen.net\/wp-content\/uploads\/2022\/01\/uaem-12.jpg\" alt=\"\" width=\"460\" height=\"270\" \/><\/a><p id=\"caption-attachment-532673\" class=\"wp-caption-text\">En el caso de M\u00e9xico, el investigador en el \u00e1rea de epidemiolog\u00eda social de la Facultad de Medicina de la UAEM, Miguel \u00c1ngel Karam Calder\u00f3n, sostuvo que la reacci\u00f3n m\u00e1s generalizada es el dolor de brazo.<\/p><\/div>\n<p>&nbsp;<\/p>\n<p><strong>Toluca, Estado de M\u00e9xico.\u2014<\/strong> El dolor de brazo tras aplicarse la vacuna contra la Covid-19 es una reacci\u00f3n normal y pasajera, documentada a nivel mundial y que no pone en riesgo la vida de las personas, afirm\u00f3 el investigador en el \u00e1rea de epidemiolog\u00eda social de la Facultad de Medicina de la Universidad Aut\u00f3noma del Estado de M\u00e9xico (UAEM), Miguel \u00c1ngel Karam Calder\u00f3n.<\/p>\n<p>El docente universitario explic\u00f3 que las reacciones a las vacunas y medicamentos se presentan de manera general en cualquier persona, dependiendo de su susceptibilidad individual, donde factores como la gen\u00e9tica o aspectos psicol\u00f3gicos como el miedo o la ansiedad tendr\u00e1n incidencia para que ocurra o no.<\/p>\n<p>\u201cCualquier sustancia qu\u00edmica, como en este caso las vacunas, que ingresa a nuestro cuerpo, f\u00e1rmacos o cualquier situaci\u00f3n que se ingiere puede ocasionar una reacci\u00f3n en nosotros, puede generar diversas respuestas\u201d, asever\u00f3.<\/p>\n<p>En el caso de M\u00e9xico, el m\u00e9dico sostuvo que la reacci\u00f3n m\u00e1s generalizada es el dolor de brazo, aunque tambi\u00e9n hay respuestas como el enrojecimiento de la zona, salpullido rojizo, dolor de cabeza o malestar del cuerpo.<\/p>\n<p>Karam Calder\u00f3n explic\u00f3 que el dolor en el brazo se debe a que la inyecci\u00f3n se aplica en un m\u00fasculo que adem\u00e1s de tener muchos vasos de sangre, est\u00e1 encargado de dar movilidad a esta extremidad, por lo tanto, se resiente m\u00e1s la respuesta.<\/p>\n<p>En caso de sentir dolor o malestar, el m\u00e9dico universitario recomend\u00f3 reposo o disminuir la movilidad con ese brazo, aplicar hielo en el \u00e1rea unos 20 minutos y repetirlo cada 6 u 8 horas y, en caso de ser necesario, administrar analg\u00e9sicos como el paracetamol.<\/p>\n<p>\u201cEs importante que tengamos claro que todas estas reacciones, dentro de lo que cabe, son normales como respuesta de los organismos a la vacuna que se nos est\u00e1 poniendo; obviamente, tambi\u00e9n hay respuestas al\u00e9rgicas mayores y la gente ha requerido hospitalizaci\u00f3n, pero puede pasar con cualquier otro f\u00e1rmaco, el ejemplo cl\u00e1sico es la penicilina\u201d, detall\u00f3.<\/p>\n<p>Karam Calder\u00f3n refiri\u00f3 que la \u00fanica manera de saber c\u00f3mo va a reaccionar el cuerpo ante un f\u00e1rmaco es aplicarlo y en el caso de la vacuna contra la Covid-19, de manera generalizada, tiene respuestas normales en la poblaci\u00f3n.<\/p>\n<p>En ese sentido, el m\u00e9dico universitario exhort\u00f3 a quienes tienen el privilegio de recibir la vacuna por primera vez o como refuerzo a aplicarla con seguridad, ya que eso ayudar\u00e1 a prevenir mayor contagio y a disminuir la posibilidad de que el virus siga mutando y, por lo tanto, generando nuevas variantes.<\/p>\n<p>Karam Calder\u00f3n invit\u00f3 a la poblaci\u00f3n a mantener las medidas sanitarias de prevenci\u00f3n contra la Covid-19, que en esta etapa de la pandemia presenta la cepa \u00d3micron, una variante que se propaga con mayor velocidad y se contagia con m\u00e1s facilidad.<\/p>\n","protected":false},"excerpt":{"rendered":"<p>El dolor de brazo tras aplicarse la vacuna contra la Covid-19 es una reacci\u00f3n normal y pasajera, documentada a nivel mundial y que no pone en riesgo la vida de las personas, afirm\u00f3 el investigador en el \u00e1rea de epidemiolog\u00eda social de la Facultad de Medicina de la Universidad Aut\u00f3noma del Estado de M\u00e9xico (UAEM), Miguel \u00c1ngel Karam Calder\u00f3n.<\/p>\n","protected":false},"author":3,"featured_media":532673,"comment_status":"open","ping_status":"open","sticky":false,"template":"","format":"standard","meta":{"_monsterinsights_skip_tracking":false,"_monsterinsights_sitenote_active":false,"_monsterinsights_sitenote_note":"","_monsterinsights_sitenote_category":0,"footnotes":""},"categories":[5],"tags":[43675,94370,452,1491,4713],"class_list":["post-532573","post","type-post","status-publish","format-standard","has-post-thumbnail","hentry","category-estado-de-mexico","tag-estado-de-mexico","tag-pasajeras","tag-toluca","tag-uaem","tag-vacuna"],"_links":{"self":[{"href":"https:\/\/www.diarioimagen.net\/index.php?rest_route=\/wp\/v2\/posts\/532573","targetHints":{"allow":["GET"]}}],"collection":[{"href":"https:\/\/www.diarioimagen.net\/index.php?rest_route=\/wp\/v2\/posts"}],"about":[{"href":"https:\/\/www.diarioimagen.net\/index.php?rest_route=\/wp\/v2\/types\/post"}],"author":[{"embeddable":true,"href":"https:\/\/www.diarioimagen.net\/index.php?rest_route=\/wp\/v2\/users\/3"}],"replies":[{"embeddable":true,"href":"https:\/\/www.diarioimagen.net\/index.php?rest_route=%2Fwp%2Fv2%2Fcomments&post=532573"}],"version-history":[{"count":0,"href":"https:\/\/www.diarioimagen.net\/index.php?rest_route=\/wp\/v2\/posts\/532573\/revisions"}],"wp:featuredmedia":[{"embeddable":true,"href":"https:\/\/www.diarioimagen.net\/index.php?rest_route=\/wp\/v2\/media\/532673"}],"wp:attachment":[{"href":"https:\/\/www.diarioimagen.net\/index.php?rest_route=%2Fwp%2Fv2%2Fmedia&parent=532573"}],"wp:term":[{"taxonomy":"category","embeddable":true,"href":"https:\/\/www.diarioimagen.net\/index.php?rest_route=%2Fwp%2Fv2%2Fcategories&post=532573"},{"taxonomy":"post_tag","embeddable":true,"href":"https:\/\/www.diarioimagen.net\/index.php?rest_route=%2Fwp%2Fv2%2Ftags&post=532573"}],"curies":[{"name":"wp","href":"https:\/\/api.w.org\/{rel}","templated":true}]}}