{"id":532589,"date":"2022-01-19T00:03:26","date_gmt":"2022-01-19T06:03:26","guid":{"rendered":"https:\/\/www.diarioimagen.net\/?p=532589"},"modified":"2022-01-19T04:58:35","modified_gmt":"2022-01-19T10:58:35","slug":"arrancan-jornadas-nocturnas-mejoramiento-de-la-imagen-urbana-en-tlalnepantla-de-baz","status":"publish","type":"post","link":"https:\/\/www.diarioimagen.net\/?p=532589","title":{"rendered":"Arrancan jornadas nocturnas \u201cMejoramiento de la Imagen Urbana, en Tlalnepantla de Baz"},"content":{"rendered":"<p>&nbsp;<\/p>\n<ul>\n<li><strong><em>Las encabeza Marco Antonio Rodr\u00edguez Hurtado<\/em><\/strong><\/li>\n<\/ul>\n<p>&nbsp;<\/p>\n<div id=\"attachment_532718\" style=\"width: 470px\" class=\"wp-caption aligncenter\"><a href=\"https:\/\/www.diarioimagen.net\/?attachment_id=532718\" rel=\"attachment wp-att-532718\"><img loading=\"lazy\" decoding=\"async\" aria-describedby=\"caption-attachment-532718\" class=\"size-full wp-image-532718\" src=\"https:\/\/www.diarioimagen.net\/wp-content\/uploads\/2022\/01\/tlalnepantla-5.jpg\" alt=\"\" width=\"460\" height=\"270\" \/><\/a><p id=\"caption-attachment-532718\" class=\"wp-caption-text\">Marco Antonio Rodr\u00edguez Hurtado encabez\u00f3 la primera jornada nocturna \u201cMejoramiento de la Imagen Urbana\u201d en avenida Jinetes, Arboledas.<\/p><\/div>\n<p>&nbsp;<\/p>\n<p><strong>Tlalnepantla, Estado de M\u00e9xico.\u2014<\/strong> El Alcalde de Tlalnepantla, Marco Antonio Rodr\u00edguez Hurtado encabez\u00f3 la primera jornada nocturna \u201cMejoramiento de la Imagen Urbana\u201d en avenida Jinetes, Arboledas, en la que se realizaron trabajos de balizamiento, cambio de 65 luminarias, poda y limpieza en general, a fin de que los tlalnepantlenses cuenten con espacios dignos y seguros.<\/p>\n<p>El Presidente Municipal inform\u00f3 que \u00e9ste es el inicio de dichas jornadas en las que intervendr\u00e1n cuadrillas de servicios p\u00fablicos para efectuar trabajos integrales de mantenimiento y dar una mejor imagen en avenidas principales y camellones.<\/p>\n<p>\u201cEn las jornadas \u2018Mejoramiento de la Imagen Urbana\u2019 vamos a trabajar durante la noche para evitar, en la medida de lo posible, ocasionar molestias tanto a los automovilistas como a los vecinos de las zonas en las que vamos a intervenir, queremos que disfruten de sus espacios, pero sin ocasionar inconvenientes\u201d, afirm\u00f3 Marco Antonio Rodr\u00edguez.<\/p>\n<p>En avenida Jinetes se efectuaron trabajos a lo largo de 2.5 kil\u00f3metros, en ambos sentidos, se balizaron guarniciones y se pintaron pasos peatonales en los cruces de avenidas y en las entradas a calles de este fraccionamiento, adem\u00e1s de las 65 luminarias que forman parte de las dos mil que se han cambiado en los primeros 15 d\u00edas de la administraci\u00f3n 2022-2024.<\/p>\n<p>En estas labores en las que el Alcalde estuvo acompa\u00f1ado de integrantes del Cuerpo Edilicio y directores de distintas \u00e1reas, participaron cerca de 40 trabajadores de alumbrado p\u00fablico, balizamiento, parques y jardines y limpia.<\/p>\n","protected":false},"excerpt":{"rendered":"<p>El Alcalde de Tlalnepantla, Marco Antonio Rodr\u00edguez Hurtado encabez\u00f3 la primera jornada nocturna \u201cMejoramiento de la Imagen Urbana\u201d en avenida Jinetes, Arboledas, en la que se realizaron trabajos de balizamiento, cambio de 65 luminarias, poda y limpieza en general, a fin de que los tlalnepantlenses cuenten con espacios dignos y seguros.<\/p>\n","protected":false},"author":3,"featured_media":532718,"comment_status":"open","ping_status":"open","sticky":false,"template":"","format":"standard","meta":{"_monsterinsights_skip_tracking":false,"_monsterinsights_sitenote_active":false,"_monsterinsights_sitenote_note":"","_monsterinsights_sitenote_category":0,"footnotes":""},"categories":[5],"tags":[43675,34759,93153,169],"class_list":["post-532589","post","type-post","status-publish","format-standard","has-post-thumbnail","hentry","category-estado-de-mexico","tag-estado-de-mexico","tag-jornadas","tag-marco-antonio-rodriguez-hurtado","tag-tlalnepantla"],"_links":{"self":[{"href":"https:\/\/www.diarioimagen.net\/index.php?rest_route=\/wp\/v2\/posts\/532589","targetHints":{"allow":["GET"]}}],"collection":[{"href":"https:\/\/www.diarioimagen.net\/index.php?rest_route=\/wp\/v2\/posts"}],"about":[{"href":"https:\/\/www.diarioimagen.net\/index.php?rest_route=\/wp\/v2\/types\/post"}],"author":[{"embeddable":true,"href":"https:\/\/www.diarioimagen.net\/index.php?rest_route=\/wp\/v2\/users\/3"}],"replies":[{"embeddable":true,"href":"https:\/\/www.diarioimagen.net\/index.php?rest_route=%2Fwp%2Fv2%2Fcomments&post=532589"}],"version-history":[{"count":0,"href":"https:\/\/www.diarioimagen.net\/index.php?rest_route=\/wp\/v2\/posts\/532589\/revisions"}],"wp:featuredmedia":[{"embeddable":true,"href":"https:\/\/www.diarioimagen.net\/index.php?rest_route=\/wp\/v2\/media\/532718"}],"wp:attachment":[{"href":"https:\/\/www.diarioimagen.net\/index.php?rest_route=%2Fwp%2Fv2%2Fmedia&parent=532589"}],"wp:term":[{"taxonomy":"category","embeddable":true,"href":"https:\/\/www.diarioimagen.net\/index.php?rest_route=%2Fwp%2Fv2%2Fcategories&post=532589"},{"taxonomy":"post_tag","embeddable":true,"href":"https:\/\/www.diarioimagen.net\/index.php?rest_route=%2Fwp%2Fv2%2Ftags&post=532589"}],"curies":[{"name":"wp","href":"https:\/\/api.w.org\/{rel}","templated":true}]}}