{"id":532592,"date":"2022-01-19T00:04:12","date_gmt":"2022-01-19T06:04:12","guid":{"rendered":"https:\/\/www.diarioimagen.net\/?p=532592"},"modified":"2022-01-19T04:57:54","modified_gmt":"2022-01-19T10:57:54","slug":"jornadas-medico-asistenciales-y-entrega-de-apoyos-alimentarios-en-comunidades-de-huixquilucan","status":"publish","type":"post","link":"https:\/\/www.diarioimagen.net\/?p=532592","title":{"rendered":"Jornadas m\u00e9dico-asistenciales y entrega de apoyos alimentarios en comunidades de Huixquilucan"},"content":{"rendered":"<p>&nbsp;<\/p>\n<ul>\n<li><strong><em>Ayuda a la econom\u00eda de las familias m\u00e1s vulnerables<\/em><\/strong><\/li>\n<\/ul>\n<p>&nbsp;<\/p>\n<div id=\"attachment_532715\" style=\"width: 470px\" class=\"wp-caption aligncenter\"><a href=\"https:\/\/www.diarioimagen.net\/?attachment_id=532715\" rel=\"attachment wp-att-532715\"><img loading=\"lazy\" decoding=\"async\" aria-describedby=\"caption-attachment-532715\" class=\"size-full wp-image-532715\" src=\"https:\/\/www.diarioimagen.net\/wp-content\/uploads\/2022\/01\/huixquilucan-12.jpg\" alt=\"\" width=\"460\" height=\"270\" \/><\/a><p id=\"caption-attachment-532715\" class=\"wp-caption-text\">Romina Contreras Carrasco dio arranque a las jornadas m\u00e9dico-asistenciales y de entrega de apoyos alimentarios, las cuales visitar\u00e1n las 49 comunidades que integran Huixquilucan.<\/p><\/div>\n<p>&nbsp;<\/p>\n<p><strong>Huixquilucan, Estado de M\u00e9xico.\u2014<\/strong> Con el objetivo de brindar servicios m\u00e9dicos y odontol\u00f3gicos a la poblaci\u00f3n y privilegiar su salud y alimentaci\u00f3n, la presidenta municipal, Romina Contreras Carrasco, dio arranque a las jornadas m\u00e9dico-asistenciales y de entrega de apoyos alimentarios, las cuales visitar\u00e1n las 49 comunidades que integran Huixquilucan, para apoyar la econom\u00eda de las familias m\u00e1s vulnerables.<\/p>\n<p>Al visitar la comunidad de El Cerrito, Romina Contreras indic\u00f3 que su administraci\u00f3n recorrer\u00e1 todo el municipio con estas jornadas asistenciales, en las que el Sistema Municipal DIF ofrece consultas m\u00e9dicas y odontol\u00f3gicas sin costo a trav\u00e9s de las unidades m\u00f3viles, al tiempo en que las familias reciben un apoyo alimenticio y otros insumos, como es el caso de cobijas en esta temporada invernal, lo que ayuda a reducir el gasto diario que tienen las y los huixquiluquenses.<\/p>\n<p>Se\u00f1al\u00f3 que, como lo comprometi\u00f3 durante su campa\u00f1a pol\u00edtica, recorrer\u00e1 nuevamente todas las comunidades de Huixquilucan durante su gesti\u00f3n, para llevar apoyos a la gente, lo que demuestra que todos los d\u00edas su gobierno trabaja para mejorar las condiciones de vida de la gente.<\/p>\n<p>Romina Contreras apunt\u00f3 que estas jornadas tambi\u00e9n le permiten escuchar a la ciudadan\u00eda para seguir avanzando en la atenci\u00f3n de las necesidades que tiene cada comunidad, pues su administraci\u00f3n seguir\u00e1 trabajando 24\/7 para que Huixquilucan siga calificado como el mejor municipio del Estado de M\u00e9xico y se contin\u00fae posicionando como uno de los mejores calificados del pa\u00eds.<\/p>\n<p>Durante los \u00faltimos d\u00edas, la presidenta municipal de Huixquilucan ha visitado las comunidades Tierra y Libertad, Canteras, San Ram\u00f3n y El Cerrito, para acercar estos apoyos a la poblaci\u00f3n huixquiluquense, especialmente, a quienes contin\u00faan afectados econ\u00f3micamente por los efectos de la pandemia de la Covid-19.<\/p>\n<p>Autoridades auxiliares de estas colonias y comunidades reconocieron la importancia de contar con estos apoyos que brindan tranquilidad a las familias, al generarles ahorros en sus finanzas, al tiempo en que les permite atender otras prioridades como el tener un abrigo adicional y otros alimentos sanos en su mesa.<\/p>\n","protected":false},"excerpt":{"rendered":"<p>Con el objetivo de brindar servicios m\u00e9dicos y odontol\u00f3gicos a la poblaci\u00f3n y privilegiar su salud y alimentaci\u00f3n, la presidenta municipal, Romina Contreras Carrasco, dio arranque a las jornadas m\u00e9dico-asistenciales y de entrega de apoyos alimentarios, las cuales visitar\u00e1n las 49 comunidades que integran Huixquilucan, para apoyar la econom\u00eda de las familias m\u00e1s vulnerables.<\/p>\n","protected":false},"author":3,"featured_media":532715,"comment_status":"open","ping_status":"open","sticky":false,"template":"","format":"standard","meta":{"_monsterinsights_skip_tracking":false,"_monsterinsights_sitenote_active":false,"_monsterinsights_sitenote_note":"","_monsterinsights_sitenote_category":0,"footnotes":""},"categories":[5],"tags":[94376,2701,43675,1097],"class_list":["post-532592","post","type-post","status-publish","format-standard","has-post-thumbnail","hentry","category-estado-de-mexico","tag-alimentarios","tag-apoyo","tag-estado-de-mexico","tag-huixquilucan"],"_links":{"self":[{"href":"https:\/\/www.diarioimagen.net\/index.php?rest_route=\/wp\/v2\/posts\/532592","targetHints":{"allow":["GET"]}}],"collection":[{"href":"https:\/\/www.diarioimagen.net\/index.php?rest_route=\/wp\/v2\/posts"}],"about":[{"href":"https:\/\/www.diarioimagen.net\/index.php?rest_route=\/wp\/v2\/types\/post"}],"author":[{"embeddable":true,"href":"https:\/\/www.diarioimagen.net\/index.php?rest_route=\/wp\/v2\/users\/3"}],"replies":[{"embeddable":true,"href":"https:\/\/www.diarioimagen.net\/index.php?rest_route=%2Fwp%2Fv2%2Fcomments&post=532592"}],"version-history":[{"count":0,"href":"https:\/\/www.diarioimagen.net\/index.php?rest_route=\/wp\/v2\/posts\/532592\/revisions"}],"wp:featuredmedia":[{"embeddable":true,"href":"https:\/\/www.diarioimagen.net\/index.php?rest_route=\/wp\/v2\/media\/532715"}],"wp:attachment":[{"href":"https:\/\/www.diarioimagen.net\/index.php?rest_route=%2Fwp%2Fv2%2Fmedia&parent=532592"}],"wp:term":[{"taxonomy":"category","embeddable":true,"href":"https:\/\/www.diarioimagen.net\/index.php?rest_route=%2Fwp%2Fv2%2Fcategories&post=532592"},{"taxonomy":"post_tag","embeddable":true,"href":"https:\/\/www.diarioimagen.net\/index.php?rest_route=%2Fwp%2Fv2%2Ftags&post=532592"}],"curies":[{"name":"wp","href":"https:\/\/api.w.org\/{rel}","templated":true}]}}