{"id":532599,"date":"2022-01-19T00:01:42","date_gmt":"2022-01-19T06:01:42","guid":{"rendered":"https:\/\/www.diarioimagen.net\/?p=532599"},"modified":"2022-01-19T02:28:04","modified_gmt":"2022-01-19T08:28:04","slug":"chaquetazos-y-conjura","status":"publish","type":"post","link":"https:\/\/www.diarioimagen.net\/?p=532599","title":{"rendered":"Chaquetazos y conjura"},"content":{"rendered":"<h2>De pe a pa<\/h2>\n<h5>Alberto Vieyra G.<\/h5>\n<p>&nbsp;<\/p>\n<p>\u00a1Qu\u00e9 burda conjura encabeza AMLO desde Palacio Nacional contra el INE! Ese complot forma parte de una peligrosa ret\u00f3rica de AMLO y sus secuaces de Morena para desprestigiar al \u00e1rbitro electoral de M\u00e9xico.<\/p>\n<p>Al reaparecer en la ma\u00f1anera de este lunes y ya completamente curado con \u201cparacetamol, Vick Vaporub en los pies, miel con lim\u00f3n y tecitos caseros\u201d, que ubican a AMLO en la era de la edad de piedra, confirmar\u00eda lo que ya sab\u00edamos por conducto del titular de gobernaci\u00f3n, Ad\u00e1n Augusto L\u00f3pez de que Hacienda no le dar\u00e1 al INE ni un peso partido por la mitad y que adem\u00e1s tendr\u00e1 que realizar la absurda Revocaci\u00f3n de Mandato para saciar la vanidad del presidente de la rep\u00fablica, instalando m\u00e1s de 160 mil casillas en todo el pa\u00eds como si fuera una elecci\u00f3n presidencial, seg\u00fan lo consagra el art\u00edculo 35 constitucional.<\/p>\n<p>Ya antes, AMLO hab\u00eda dicho que el INE podr\u00eda realizar una \u201crevocacioncita de mandato o consultita\u201d instalando 30, 40 o 60 mil casillas, pero que ten\u00eda que hacerlo porque tiene presupuesto, aunque todo M\u00e9xico sabe que la mayor\u00eda morenista y sus r\u00e9moras aliadas en la C\u00e1mara de Diputados le negaron al INE 4 mil 900 millones de pesos; As\u00ed que la l\u00f3gica nos dice que, si no hay dinero, pues no habr\u00e1 Revocaci\u00f3n de Mandato y ese es el meollo de la conjura pol\u00edtica contra el INE para desprestigiarlo y hacerlo ver ante los mexicanos como una instituci\u00f3n que no garantiza la democracia en M\u00e9xico, pero no la democracia que quiere el Presidente de la Rep\u00fablica para apoderarse del aparato electoral con el \u00e1nimo de perpetuarse en el poder, aunque nos jure y perjure que \u00e9l se ir\u00e1 a \u201cLa chingada\u201d, que as\u00ed se llama su rancho, una vez que concluya su mandato.<\/p>\n<p>Esa peligrosa conjura se convertir\u00e1 en una cortina de humo para que AMLO esconda los asuntos torales de M\u00e9xico como la cat\u00e1strofe de salud p\u00fablica, la devastaci\u00f3n econ\u00f3mica, la barbarie provocada por las mafias criminales con m\u00e1s de 110 mil muertos ante la incapacidad de un gobierno que la enfrenta con \u201cabrazos y no balazos\u201d y una feroz radicalizaci\u00f3n de AMLO contra sus opositores y cr\u00edticos que le exigen resultados y no ret\u00f3ricas baratas.<\/p>\n<p>Entre esas ret\u00f3ricas baratas figura el hecho de que AMLO se hace pasar por un dem\u00f3crata, lo cual es falso y que ese dem\u00f3crata es capaz de sumar voluntades mediante los chaquetazos de ex gobernadores priistas, que seg\u00fan \u00e9l fueron leales y \u201cbuenos servidores p\u00fablicos\u201d como Claudia Pavlovich, de Sonora; Quirino Ordaz, de Sinaloa y Carlos Aysa Gonz\u00e1lez, de Campeche, que est\u00e1n en espera de un elegante destierro para ocupar embajadas en el extranjero, igual que el historiador Pedro Agust\u00edn Salmer\u00f3n en la embajada de M\u00e9xico en Panam\u00e1.<\/p>\n<p>Ya el alto mando del PRI sentenci\u00f3 que expulsar\u00e1 de sus filas a los chaqueteros, en caso de aceptar el ofrecimiento de AMLO. \u00bfEso no raya en el terreno de la corrupci\u00f3n? Claro que s\u00ed. Pero, adem\u00e1s, en la \u00e9tica pol\u00edtica, a ese chaqueterismo se le llama traici\u00f3n por deslealtad al partido que los postul\u00f3 a los cargos de gobernadores.<\/p>\n<p>En el caso de Quirino Ordaz, el gobierno espa\u00f1ol anticip\u00f3 en la \u00faltima semana de diciembre que no otorgar\u00e1 el benepl\u00e1cito a Quirino Ordaz. \u00bfY sabe usted, por qu\u00e9 no lo va a aceptar Espa\u00f1a? Porque AMLO cometi\u00f3 la torpeza de exigir a la monarqu\u00eda espa\u00f1ola una disculpa por las atrocidades que causaron en M\u00e9xico los conquistadores espa\u00f1oles. Eso nos habla de una muy mala relaci\u00f3n diplom\u00e1tica entre M\u00e9xico y Espa\u00f1a o mejor dicho, una mala relaci\u00f3n con el gobierno de AMLO.<\/p>\n<p>Aqu\u00ed entre nos: \u00bfUsted qu\u00e9 opina de los chaquetazos de priistas y la conjura de AMLO contra el INE?<\/p>\n<p><a href=\"mailto:info@agenciamn.com\" target=\"_blank\" rel=\"noopener noreferrer\"><em>info@agenciamn.com<\/em><\/a><\/p>\n","protected":false},"excerpt":{"rendered":"<p><span style=\"color: #005497;\"><strong>Alberto Vieyra G.<\/strong><\/span><\/p>\n","protected":false},"author":3,"featured_media":0,"comment_status":"open","ping_status":"open","sticky":false,"template":"","format":"standard","meta":{"_monsterinsights_skip_tracking":false,"_monsterinsights_sitenote_active":false,"_monsterinsights_sitenote_note":"","_monsterinsights_sitenote_category":0,"footnotes":""},"categories":[4596],"tags":[43697,4597,43674],"class_list":["post-532599","post","type-post","status-publish","format-standard","hentry","category-alberto-vieyra-g","tag-alberto-vieyra-g","tag-de-pe-a-pa","tag-opinion"],"_links":{"self":[{"href":"https:\/\/www.diarioimagen.net\/index.php?rest_route=\/wp\/v2\/posts\/532599","targetHints":{"allow":["GET"]}}],"collection":[{"href":"https:\/\/www.diarioimagen.net\/index.php?rest_route=\/wp\/v2\/posts"}],"about":[{"href":"https:\/\/www.diarioimagen.net\/index.php?rest_route=\/wp\/v2\/types\/post"}],"author":[{"embeddable":true,"href":"https:\/\/www.diarioimagen.net\/index.php?rest_route=\/wp\/v2\/users\/3"}],"replies":[{"embeddable":true,"href":"https:\/\/www.diarioimagen.net\/index.php?rest_route=%2Fwp%2Fv2%2Fcomments&post=532599"}],"version-history":[{"count":0,"href":"https:\/\/www.diarioimagen.net\/index.php?rest_route=\/wp\/v2\/posts\/532599\/revisions"}],"wp:attachment":[{"href":"https:\/\/www.diarioimagen.net\/index.php?rest_route=%2Fwp%2Fv2%2Fmedia&parent=532599"}],"wp:term":[{"taxonomy":"category","embeddable":true,"href":"https:\/\/www.diarioimagen.net\/index.php?rest_route=%2Fwp%2Fv2%2Fcategories&post=532599"},{"taxonomy":"post_tag","embeddable":true,"href":"https:\/\/www.diarioimagen.net\/index.php?rest_route=%2Fwp%2Fv2%2Ftags&post=532599"}],"curies":[{"name":"wp","href":"https:\/\/api.w.org\/{rel}","templated":true}]}}