{"id":532600,"date":"2022-01-19T00:02:35","date_gmt":"2022-01-19T06:02:35","guid":{"rendered":"https:\/\/www.diarioimagen.net\/?p=532600"},"modified":"2022-01-19T02:27:01","modified_gmt":"2022-01-19T08:27:01","slug":"oms-le-enmienda-la-plana-a-lopez-obrador","status":"publish","type":"post","link":"https:\/\/www.diarioimagen.net\/?p=532600","title":{"rendered":"OMS le enmienda la plana a L\u00f3pez Obrador"},"content":{"rendered":"<h2>La Retaguardia<\/h2>\n<h5>Adriana Moreno Cordero<\/h5>\n<p>&nbsp;<\/p>\n<ul>\n<li><strong><em>No hay priista que pueda resistirse a un \u201cca\u00f1onazo\u201d de un cargo diplom\u00e1tico<\/em><\/strong><\/li>\n<\/ul>\n<p>&nbsp;<\/p>\n<p>Y ahora resulta que el titular de la Organizaci\u00f3n Mundial de la Salud, (OMS), <strong>Tedros Adhanom Ghebreyesus<\/strong>, a querer o no, le enmienda la plana ni m\u00e1s ni menos que el presidente <strong>Andr\u00e9s Manuel L\u00f3pez Obrador<\/strong>, -con sus \u201ctalladitas\u201d con Vick Vaporub y remedios caseros-, que sigue obstinado en minimizar esta cuarta ola de Covid-19, en su variante \u00d3micron, para que no se vea afectada su imagen.<\/p>\n<p>A la voz de la cabeza de la OMS se sumaron las de diversos especialistas que insisten en que con esa inequidad que ha dictaminado el de Tepetit\u00e1n en cuanto a la realizaci\u00f3n de pruebas: las inhibe para que los n\u00fameros se \u201cmaquillen\u201d por s\u00ed solos. El doctor Ghebreyesus\u00a0 se\u00f1al\u00f3 algo que deber\u00eda tener en cuenta el Presidente, que \u201cesta pandemia est\u00e1 lejos de terminar y teniendo en cuenta el incre\u00edble crecimiento de \u00d3micron en el mundo, es probable que nuevas variantes aparecer\u00e1n\u00bb,<\/p>\n<p>Hay detalles, sin duda, que el Presidente no quiere ver, pero valdr\u00eda la pena recordarle. Hasta ayer, la cifra de contagios de toda la pandemia, -no s\u00f3lo respecto a la cuarta ola de coronavirus-, se registraron 49 mil 343 nuevos contagios en 24 horas, mientras que la cifra de fallecimientos fue de 320.<\/p>\n<p>Los especialistas coinciden en que esta alt\u00edsima cifra de contagios, son la punta del iceberg, m\u00e1s a\u00fan si consideramos que existe un subregistro, sobre todo en esta errada y llamada cuarta transformaci\u00f3n que vive M\u00e9xico.<\/p>\n<p>Esos mismos especialistas, indican que en un estimado muy burdo, la cifra de contagios se podr\u00eda multiplicar por 30 -esto, entre otras razones por la baja aplicaci\u00f3n de pruebas-, entonces habr\u00eda realmente alrededor de un mill\u00f3n de contagios.<\/p>\n<p>Vale la pena recordar que enfrentamos una variante -\u00d3micron- que es cuatro veces m\u00e1s contagiosa que Covid-19 Delta y basta con poner atenci\u00f3n cada vez es m\u00e1s frecuente tener a uno o m\u00e1s familiares o conocidos contagiados. Ahora bien, si en Europa se espera que en unas semanas el 50 por ciento est\u00e9 contagiada, lo mismo o peor puede pasar en nuestro pa\u00eds.<\/p>\n<p>Tampoco es una gripa, ese concepto ya no existe; cualquier demostraci\u00f3n de gripa puede ser Covid hasta que no se demuestre lo contrario. Esto tambi\u00e9n es el resultado de las pasadas fiestas navide\u00f1as, sin olvidar la verbena que se le ocurri\u00f3 instalar en pleno Z\u00f3calo capitalino al inquilino de Palacio Nacional.<\/p>\n<p>En otro tema muy diferente, pero igual de importante, en su gustad\u00edsimo \u201cstand-up\u201d ma\u00f1anero, el presidente L\u00f3pez Obrador opin\u00f3 que el dirigente del PRI, <strong>Alejandro Moreno C\u00e1rdenas<\/strong>, se vio muy duro, muy poco pol\u00edtico y tolerante, cuando \u201ctwitte\u00f3\u201d aquello de que en caso de que <strong>Miguel Aysa<\/strong> y <strong>Claudia Pavlovich<\/strong>, acepten los cargos diplom\u00e1ticos a los que fueron propuestos, incluso podr\u00edan ser expulsados de las filas del Revolucionario Institucional. Eso no les importar\u00e1 mucho, ni siquiera poco a los referidos a\u00fan priistas.<\/p>\n<p>Por cierto, <strong>Omar Fayad<\/strong>, sali\u00f3 a la defensa de sus a\u00fan correligionarios a la voz de que no tiene nada de malo que Aysa y Pavlovich sean invitados a representar a M\u00e9xico en el exterior. Es muy conocido que el mandatario hidalguense est\u00e1 m\u00e1s que ansioso por ver qu\u00e9 cargo le ofrecen una vez que deje la gubernatura de Hidalgo. \u201cNo los est\u00e1n invitando a formar parte de otro partido, no van a ser enemigos de su militancia y seguir\u00e1n siendo priistas\u201d.<\/p>\n<p>No hay que soslayar que Fayad Meneses suspira por tener un cargo diplom\u00e1tico en Francia y a su favor, p\u00fablicamente dice que en esa versi\u00f3n, \u201ctodo eso ha sido un rejuego, precisamente porque han invitado a otros y no a m\u00ed\u201d, esto \u00faltimo lo dijo medio triste en una entrevista radiof\u00f3nica, aunque acot\u00f3 que \u00e9l ni lo ha pedido, pero tampoco se la han ofrecido. \u00bfSer\u00e1?<\/p>\n<p>Aqu\u00ed lo que no se puede negar, es que esta es una de las pocas veces en las que el inquilino de Palacio Nacional sigue una estrategia correcta para aniquilar a sus enemigos, esto es, la m\u00e1xima que reza: divide y vencer\u00e1s y en ello se ha aprovechado de varios factores como por ejemplo, la disputa que hay entre Omar Fayad y Alito, que supuestamente ya se habr\u00eda resuelto, pero no.<\/p>\n<p>Antes se dec\u00eda, y a\u00fan ahora, que nadie podr\u00eda aguantar \u201cun ca\u00f1onazo\u201d, de varios miles de pesos y en una peque\u00f1a modificaci\u00f3n se podr\u00eda concluir que no hay priista que pueda resistirse a \u201cun ca\u00f1onazo\u201d de un cargo diplom\u00e1tico.<\/p>\n<p style=\"text-align: center;\"><strong>Municiones<\/strong><\/p>\n<p>*** Hay muchas mujeres en el Penal de Santa Martha Acatitla que se han contagiado de coronavirus, esto lo inform\u00f3 <strong>Mariana Moguel<\/strong>, hija de la ex titular de la Sedatu, <strong>Rosario Robles<\/strong>, que report\u00f3 haberse contagiado. Ah\u00ed tambi\u00e9n, familiares de las reclusas, exigieron la realizaci\u00f3n de pruebas. Moguel manifest\u00f3 su confianza en que el gobierno actuar\u00e1 en consecuencia, lo cual se ve muy dif\u00edcil, pues si a la poblaci\u00f3n en general se le ignora, \u00bfqu\u00e9 se puede esperar en cuanto a los penales?<\/p>\n<p>*** De acuerdo a diversos sondeos, alrededor de 35 veces L\u00f3pez Obrador\u00a0 p\u00fablicamente ha respaldado al gobernador de Veracruz, <strong>Cuitl\u00e1huac Garc\u00eda Jim\u00e9nez<\/strong>; no en balde es su consentido. \u00a1L\u00e1stima!, que ayer fallara el internet en Palacio Nacional, que si no, el mandatario estatal habr\u00eda visto al borde del llanto, c\u00f3mo el de Tepetit\u00e1n le daba el en\u00e9simo espaldarazo. Sobre el estado que guarda la entidad gracias a los \u201cbuenos oficios\u201d del mandatario estatal, hay que se\u00f1alar que alrededor de 2 mil 400 personas han sido detenidas por esta \u201ccacer\u00eda de brujas\u201d que desat\u00f3 el propio mandatario estatal llamada \u201cultrajes a la autoridad\u201d. Ahora se trata de derogarlo, pero los morenistas se resisten, tan acostumbrados que est\u00e1n a seguir la \u201cl\u00ednea\u201d de Palacio Nacional.<\/p>\n<p>*** Por las \u201cex benditas redes sociales\u201d, empez\u00f3 el pleito entre el dirigente del PAN, <strong>Marko Cort\u00e9s<\/strong>, y el de\u00a0Morena,\u00a0<strong>Mario Mart\u00edn Delgado<\/strong>. Resulta que el dirigente albiazul exhort\u00f3 a su hom\u00f3logo morenista a aclarar los<strong>\u00a0<\/strong>presuntos v\u00ednculos de \u00e9ste\u00a0con\u00a0<strong>Sergio Carmona<\/strong>, se\u00f1alado por el supuesto contrabando de combustibles o \u201chuachicol\u201d. En el \u201ctwitter\u201d se pudo leer: \u201c\u00bfPor qu\u00e9 no comienzas por aclarar tus presuntos v\u00ednculos con Sergio Carmona, ejecutado despu\u00e9s de que fue se\u00f1alado por el contrabando de combustibles y por financiar varias campa\u00f1as de\u00a0Morena?\u201d.<\/p>\n<p>*** C\u00f3mo recuerda el caso del designado embajador de M\u00e9xico en Panam\u00e1, <strong>Pedro Salmer\u00f3n<\/strong> con el #UnVioladorNoSer\u00e1Embajador, a lo que pas\u00f3 hace alg\u00fan tiempo ni m\u00e1s ni menos que en Morena, cuando el senador <strong>F\u00e9lix Salgado Macedonio<\/strong> fue el candidato del partido oficial al gobierno de Guerrero y entonces se dec\u00eda: #UnVioladorNoSer\u00e1Gobernador. C\u00f3mo se recordar\u00e1, Salgado puso a su hija para ser \u00e9l quien gobierne Guerrero; \u00bfa qui\u00e9n pondr\u00e1 Salmer\u00f3n?<\/p>\n<p><u><a href=\"mailto:morcora@gmail.com\" target=\"_blank\" rel=\"noopener noreferrer\"><em>morcora@gmail.com<\/em><\/a><\/u><\/p>\n","protected":false},"excerpt":{"rendered":"<p><span style=\"color: #005497;\"><strong>Adriana Moreno Cordero<\/strong><\/span><\/p>\n","protected":false},"author":3,"featured_media":0,"comment_status":"open","ping_status":"open","sticky":false,"template":"","format":"standard","meta":{"_monsterinsights_skip_tracking":false,"_monsterinsights_sitenote_active":false,"_monsterinsights_sitenote_note":"","_monsterinsights_sitenote_category":0,"footnotes":""},"categories":[69370],"tags":[69369,69368,43674],"class_list":["post-532600","post","type-post","status-publish","format-standard","hentry","category-adriana-moreno-cordero","tag-adriana-moreno-cordero","tag-la-retaguardia","tag-opinion"],"_links":{"self":[{"href":"https:\/\/www.diarioimagen.net\/index.php?rest_route=\/wp\/v2\/posts\/532600","targetHints":{"allow":["GET"]}}],"collection":[{"href":"https:\/\/www.diarioimagen.net\/index.php?rest_route=\/wp\/v2\/posts"}],"about":[{"href":"https:\/\/www.diarioimagen.net\/index.php?rest_route=\/wp\/v2\/types\/post"}],"author":[{"embeddable":true,"href":"https:\/\/www.diarioimagen.net\/index.php?rest_route=\/wp\/v2\/users\/3"}],"replies":[{"embeddable":true,"href":"https:\/\/www.diarioimagen.net\/index.php?rest_route=%2Fwp%2Fv2%2Fcomments&post=532600"}],"version-history":[{"count":0,"href":"https:\/\/www.diarioimagen.net\/index.php?rest_route=\/wp\/v2\/posts\/532600\/revisions"}],"wp:attachment":[{"href":"https:\/\/www.diarioimagen.net\/index.php?rest_route=%2Fwp%2Fv2%2Fmedia&parent=532600"}],"wp:term":[{"taxonomy":"category","embeddable":true,"href":"https:\/\/www.diarioimagen.net\/index.php?rest_route=%2Fwp%2Fv2%2Fcategories&post=532600"},{"taxonomy":"post_tag","embeddable":true,"href":"https:\/\/www.diarioimagen.net\/index.php?rest_route=%2Fwp%2Fv2%2Ftags&post=532600"}],"curies":[{"name":"wp","href":"https:\/\/api.w.org\/{rel}","templated":true}]}}