{"id":532607,"date":"2022-01-19T00:08:46","date_gmt":"2022-01-19T06:08:46","guid":{"rendered":"https:\/\/www.diarioimagen.net\/?p=532607"},"modified":"2022-01-19T02:33:43","modified_gmt":"2022-01-19T08:33:43","slug":"otro-reportero-asesinado","status":"publish","type":"post","link":"https:\/\/www.diarioimagen.net\/?p=532607","title":{"rendered":"Otro reportero asesinado"},"content":{"rendered":"<h2>Punto por punto<\/h2>\n<h5>Augusto Corro<\/h5>\n<p>&nbsp;<\/p>\n<p>M\u00e9xico es uno de los pa\u00edses m\u00e1s peligrosos para la pr\u00e1ctica del periodismo.<\/p>\n<p>En los \u00faltimos sexenios decenas de comunicadores fueron privados de la vida.<\/p>\n<p>Cabe se\u00f1alar tambi\u00e9n, que los asesinos de los periodistas dif\u00edcilmente son castigados.<\/p>\n<p>La impunidad de que gozan los criminales es casi total.\u00a0 Son miles las agresiones contra los representantes de los medios de comunicaci\u00f3n en todo el territorio nacional.<\/p>\n<p>La delincuencia organizada y los pol\u00edticos, que se desempe\u00f1an como caciques, saben que los asesinatos de los periodistas no ser\u00e1n investigados.<\/p>\n<p>El lunes 17, al mediod\u00eda, fue ultimado de un balazo el reportero gr\u00e1fico de <em>ZETA<\/em>, Margarito Mart\u00ednez Esquivel. El hecho se registr\u00f3 frente al domicilio del comunicador, en las inmediaciones de la colonia Camino Verde, en Tijuana.<\/p>\n<p>Margarito Mart\u00ednez Esquivel es el segundo periodista asesinado en lo que va de 2022. Colaboraba en Cadena de Noticias.<\/p>\n<p>Por otra parte, el periodista Jos\u00e9 Luis Gamboa Arenas, director general del diario digital <em>Inforegio,<\/em> fue asesinado a pu\u00f1aladas en el puerto de Veracruz. El homicidio de Gamboa Arenas ocurri\u00f3 el lunes 10 de enero, pero fue hasta el viernes 14 cuando sus familiares lo identificaron oficialmente.<\/p>\n<p>Mientras los funcionarios defensores de los derechos humanos y los pol\u00edticos condenaron los homicidios como lo hacen tradicionalmente.<\/p>\n<p>Y como ocurre en todos los casos de agresiones a los periodistas, los expedientes de los mencionados casos ser\u00e1n archivados, olvidados.<\/p>\n<p style=\"text-align: center;\"><strong>Embajadores de la oposici\u00f3n<\/strong><\/p>\n<p>Algunos partidos de la oposici\u00f3n son tratados con magnanimidad por el presidente L\u00f3pez Obrador.<\/p>\n<p>Sin saber a\u00fan cu\u00e1l fue su desempe\u00f1o como gobernadores, por lo menos dos priistas representar\u00e1n a M\u00e9xico, en el exterior.<\/p>\n<p>Nos referimos a Carlos Miguel Aysa, de Campeche; y de Sonora, Claudia Pavlovich. El primero ir\u00e1 de embajador a Santo Domingo y la segunda, al consulado de Barcelona.<\/p>\n<p>Interesante la estrategia de la Cuarta Transformaci\u00f3n (4T) que les permite seguir con ox\u00edgeno a sus adversarios pol\u00edticos, en algo parecido a las concertaciones priistas-panistas.<\/p>\n<p>Luego del anuncio de los nuevos diplom\u00e1ticos, en los partidos pol\u00edticos surgieron inconformidades de los militantes y de los dirigentes.<\/p>\n<p>Por cierto, a\u00fan no se concreta el nombramiento del ex gobernador de Sinaloa, Quirino Ordaz Coppel, como embajador de M\u00e9xico en Espa\u00f1a.<\/p>\n<p>Falta la aceptaci\u00f3n del gobierno espa\u00f1ol. La proposici\u00f3n fue hecha por el presidente L\u00f3pez Obrador hace cuatro meses.<\/p>\n<p>El l\u00edder del Revolucionario Institucional, Alejandro Moreno (a) \u201cAlito\u201d o \u201cAmlito\u201d, pidi\u00f3 a los ex gobernadores Claudia Pavlovich y Carlos Miguel Aysa tener lealtad al partido y respetar sus estatutos.\u00a0 Tambi\u00e9n amenaz\u00f3 a los ex mandatarios con expulsarlos del partido si aceptan el cargo.<\/p>\n<p>El presidente L\u00f3pez Obrador sali\u00f3 en defensa de los tricolores. Sobre la amenaza del dirigente priista dijo que se le hace muy rudo, no dejan su militancia, no est\u00e1n vendi\u00e9ndose como se dec\u00eda antes. \u201cCon todo respeto se me hace muy poco pol\u00edtico, muy poco tolerante, ojal\u00e1 cambie de opini\u00f3n (Alejandro Moreno)\u201d, declar\u00f3 el mandatario tabasque\u00f1o. Entre los nuevos cargos diplom\u00e1ticos, el del historiador Pedro Salmer\u00f3n levant\u00f3 una ola de protestas en las redes.<\/p>\n<p>Salmer\u00f3n fue designado para la embajada de M\u00e9xico en Panam\u00e1, a pesar de las denuncias de acoso sexual en su contra por parte de quienes fueron sus alumnas en el ITAM.<\/p>\n<p>Entre otras cosas no falt\u00f3 quien se quejar\u00e1 de la congruencia de la Cuarta Transformaci\u00f3n (4T), \u201cque por un lado pregonan la paridad de g\u00e9nero y por otra \u201cpremian\u201d a presuntos agresores de mujeres\u201d.<\/p>\n<p style=\"text-align: center;\"><strong>La tragedia de Tlahuelilpan<\/strong><\/p>\n<p>Hace tres a\u00f1os se incendi\u00f3 un ducto de Petr\u00f3leos Mexicanos (Pemex) en Tlahuelilpan, Hidalgo. En ese siniestro perdieron la vida 137 personas.<\/p>\n<p>Ahora, los vecinos del lugar se quejan de que no reciben la ayuda en los t\u00e9rminos que se les ofreci\u00f3.<\/p>\n<p>Dicen que algunos programas sociales funcionaron temporalmente, luego se suspendieron.<\/p>\n<p>Las autoridades est\u00e1n obligadas a revisar el cumplimiento de sus compromisos, principalmente en zonas donde golpea la pobreza.<\/p>\n<p>\u00bfUsted qu\u00e9 opina amable lector?<\/p>\n<p><a href=\"mailto:aco2742@hotmail.com\" target=\"_blank\" rel=\"noopener noreferrer\"><em>aco2742@hotmail.com<\/em><\/a><\/p>\n","protected":false},"excerpt":{"rendered":"<p><span style=\"color: #005497;\"><strong>Augusto Corro<\/strong><\/span><\/p>\n","protected":false},"author":3,"featured_media":0,"comment_status":"open","ping_status":"open","sticky":false,"template":"","format":"standard","meta":{"_monsterinsights_skip_tracking":false,"_monsterinsights_sitenote_active":false,"_monsterinsights_sitenote_note":"","_monsterinsights_sitenote_category":0,"footnotes":""},"categories":[157],"tags":[43686,43674,11515],"class_list":["post-532607","post","type-post","status-publish","format-standard","hentry","category-augusto-corro","tag-augusto-corro","tag-opinion","tag-punto-por-punto"],"_links":{"self":[{"href":"https:\/\/www.diarioimagen.net\/index.php?rest_route=\/wp\/v2\/posts\/532607","targetHints":{"allow":["GET"]}}],"collection":[{"href":"https:\/\/www.diarioimagen.net\/index.php?rest_route=\/wp\/v2\/posts"}],"about":[{"href":"https:\/\/www.diarioimagen.net\/index.php?rest_route=\/wp\/v2\/types\/post"}],"author":[{"embeddable":true,"href":"https:\/\/www.diarioimagen.net\/index.php?rest_route=\/wp\/v2\/users\/3"}],"replies":[{"embeddable":true,"href":"https:\/\/www.diarioimagen.net\/index.php?rest_route=%2Fwp%2Fv2%2Fcomments&post=532607"}],"version-history":[{"count":0,"href":"https:\/\/www.diarioimagen.net\/index.php?rest_route=\/wp\/v2\/posts\/532607\/revisions"}],"wp:attachment":[{"href":"https:\/\/www.diarioimagen.net\/index.php?rest_route=%2Fwp%2Fv2%2Fmedia&parent=532607"}],"wp:term":[{"taxonomy":"category","embeddable":true,"href":"https:\/\/www.diarioimagen.net\/index.php?rest_route=%2Fwp%2Fv2%2Fcategories&post=532607"},{"taxonomy":"post_tag","embeddable":true,"href":"https:\/\/www.diarioimagen.net\/index.php?rest_route=%2Fwp%2Fv2%2Ftags&post=532607"}],"curies":[{"name":"wp","href":"https:\/\/api.w.org\/{rel}","templated":true}]}}