{"id":532609,"date":"2022-01-19T00:03:31","date_gmt":"2022-01-19T06:03:31","guid":{"rendered":"https:\/\/www.diarioimagen.net\/?p=532609"},"modified":"2022-01-19T02:35:00","modified_gmt":"2022-01-19T08:35:00","slug":"lea-lo-negativo-borra-lo-positivo","status":"publish","type":"post","link":"https:\/\/www.diarioimagen.net\/?p=532609","title":{"rendered":"LEA, lo negativo borra lo positivo"},"content":{"rendered":"<h2>Espacio Electoral<\/h2>\n<h5>Eleazar Flores<\/h5>\n<p>&nbsp;<\/p>\n<p><strong>PERO LO HUBO-.<\/strong> Inconcebible, ni pensar siquiera la m\u00ednima insinuaci\u00f3n de defensa para el ex presidente Luis Echeverr\u00eda \u00c1lvarez, cuyo sexenio fue de sombras pero tambi\u00e9n hubo luces, apagadas por dos hechos, el holocausto del 68 y junio de 72 en el entonces Distrito Federal.<\/p>\n<p>Ac\u00e9ptese o\u00a0 no, lo del 68 debe acreditarse al Presidente en turno, Gustavo D\u00edaz Ordaz, as\u00ed como los fallecidos a manos de los halcones el 10 de junio de 1972, a Luis Echeverr\u00eda.<\/p>\n<p>M\u00e1s \u201cnegritos\u201d en un arroz blanco ejemplificado \u00e9ste en instituciones s\u00f3lidas creadas en el odiado echeverrismo, son el Infonavit y el Fonacot para prestaciones sociales de la clase trabajadora, el Conacyt y el CIDE para albergar a la plural intelectualidad y para la juventud estudiosa el Colegio de Bachilleres y la Universidad Aut\u00f3noma Metropolitana, UAM.<\/p>\n<p>Muchos trabajadores de salario m\u00ednimo o un poco m\u00e1s jam\u00e1s tendr\u00edan casa si no fuera por un cr\u00e9dito -r\u00e1pido cuando empez\u00f3-, del Infonavit y tampoco podr\u00edan amueblar sus hogares sin\u00a0 financiamiento sin intereses del Fonacot, me consta desde antes por compa\u00f1eros del gremio.<\/p>\n<p>Para la causa gremial LEA cre\u00f3 la hoy tambaleante agencia Notimex, pues antes el gobierno se apoyaba, sin decirlo y menos aceptarlo, en informaci\u00f3n period\u00edstica de la OPGV, (Organizaci\u00f3n Period\u00edstica Garc\u00eda Valseca) cubriendo todo el pa\u00eds por medio del medio centenar de peri\u00f3dicos que se editaban y editan, ahora como miembros de la OEM. (Organizaci\u00f3n Editorial Mexicana).<\/p>\n<p>Otro ejemplo gremial como \u201cnegrote\u201d en el arroz fue el \u201ccabildazo\u201d en el <em>Exc\u00e9lsior <\/em>por la salida de don Julio Sherer y \u00e9ste como buen \u201cemprendedor\u201d ve y aprovecha la oportunidad para crear la \u201cconciencia nacional\u201d como muchos bautizamos a la revista <em>Proceso<\/em>, y cuando este semanario entr\u00f3 en su primera crisis surgi\u00f3 otra oportunidad de emprendedores para crear La Jornada, despu\u00e9s el <em>Unomasuno<\/em> y <em>Cambio<\/em>.<\/p>\n<p>A cien a\u00f1os de edad y 46 de haber dejado el cargo, a Luis Echeverr\u00eda \u00c1lvarez se le recuerda chuscamente por el antag\u00f3nico de su frase de campa\u00f1a, con el \u201cABAJO Y HACIA ATR\u00c1S\u201d, pero adem\u00e1s de sus yerros que le hicieron perder piso y creerse digno de la Secretar\u00eda General de la Organizaci\u00f3n de las Naciones Unidas, ONU, lo imperdonable fue equivocarse al elegir sucesor.<\/p>\n<p>Aceptando que el \u201chubiera no existe\u201d y despu\u00e9s de recetarnos la \u201cdocena tr\u00e1gica\u201d entre su sexenio y el de su compa\u00f1ero que dicen le hac\u00eda las tareas \u2014Jos\u00e9 L\u00f3pez Portillo y Pacheco\u2014 florecieron las especulaciones \u2014in\u00fatiles pero ni modo\u2014 del papel que hubiera desempe\u00f1ado quien en esos setenta parec\u00eda m\u00e1s fuerte, Mario Moya Palencia,\u00a0 secretario de Gobernaci\u00f3n.<\/p>\n<p>De m\u00e1s cr\u00edmenes pol\u00edticos durante el echeverrismo, ni hablar, el Grupo Monterrey sabe mejor que nadie\u2026 que lo descabez\u00f3.<\/p>\n<p><em><a href=\"mailto:elefa44@gmail.com\" target=\"_blank\" rel=\"noopener noreferrer\">elefa44@gmail.com<\/a><\/em><\/p>\n","protected":false},"excerpt":{"rendered":"<p><span style=\"color: #005497;\"><strong>Eleazar Flores<\/strong><\/span><\/p>\n","protected":false},"author":3,"featured_media":0,"comment_status":"open","ping_status":"open","sticky":false,"template":"","format":"standard","meta":{"_monsterinsights_skip_tracking":false,"_monsterinsights_sitenote_active":false,"_monsterinsights_sitenote_note":"","_monsterinsights_sitenote_category":0,"footnotes":""},"categories":[81743],"tags":[81744,81776,43674],"class_list":["post-532609","post","type-post","status-publish","format-standard","hentry","category-eleazar-flores","tag-eleazar-flores","tag-espacio-electoral","tag-opinion"],"_links":{"self":[{"href":"https:\/\/www.diarioimagen.net\/index.php?rest_route=\/wp\/v2\/posts\/532609","targetHints":{"allow":["GET"]}}],"collection":[{"href":"https:\/\/www.diarioimagen.net\/index.php?rest_route=\/wp\/v2\/posts"}],"about":[{"href":"https:\/\/www.diarioimagen.net\/index.php?rest_route=\/wp\/v2\/types\/post"}],"author":[{"embeddable":true,"href":"https:\/\/www.diarioimagen.net\/index.php?rest_route=\/wp\/v2\/users\/3"}],"replies":[{"embeddable":true,"href":"https:\/\/www.diarioimagen.net\/index.php?rest_route=%2Fwp%2Fv2%2Fcomments&post=532609"}],"version-history":[{"count":0,"href":"https:\/\/www.diarioimagen.net\/index.php?rest_route=\/wp\/v2\/posts\/532609\/revisions"}],"wp:attachment":[{"href":"https:\/\/www.diarioimagen.net\/index.php?rest_route=%2Fwp%2Fv2%2Fmedia&parent=532609"}],"wp:term":[{"taxonomy":"category","embeddable":true,"href":"https:\/\/www.diarioimagen.net\/index.php?rest_route=%2Fwp%2Fv2%2Fcategories&post=532609"},{"taxonomy":"post_tag","embeddable":true,"href":"https:\/\/www.diarioimagen.net\/index.php?rest_route=%2Fwp%2Fv2%2Ftags&post=532609"}],"curies":[{"name":"wp","href":"https:\/\/api.w.org\/{rel}","templated":true}]}}