{"id":532624,"date":"2022-01-19T00:09:52","date_gmt":"2022-01-19T06:09:52","guid":{"rendered":"https:\/\/www.diarioimagen.net\/?p=532624"},"modified":"2022-01-20T00:03:24","modified_gmt":"2022-01-20T06:03:24","slug":"servicio-exterior-premios-ignominiosos","status":"publish","type":"post","link":"https:\/\/www.diarioimagen.net\/?p=532624","title":{"rendered":"Servicio Exterior, premios ignominiosos"},"content":{"rendered":"<h2>Poder y dinero<\/h2>\n<h5>V\u00edctor S\u00e1nchez Ba\u00f1os<\/h5>\n<p>&nbsp;<\/p>\n<ul>\n<li><strong><em>Embajadas y consulados, \u00bfplurales?<\/em><\/strong><\/li>\n<li><strong><em>\u00bfBuscan debilitar a la oposici\u00f3n?<\/em><\/strong><\/li>\n<li><strong><em>\u201cAlito\u201d, de risa loca la expulsi\u00f3n<\/em><\/strong><\/li>\n<li><strong><em>La mano de Beatriz en prospectos<\/em><\/strong><\/li>\n<li><strong><em>ASOFARMA<\/em><\/strong><\/li>\n<li><strong><em>EDOMEX sin presupuesto<\/em><\/strong><\/li>\n<li><strong><em>Orient Business Park<\/em><\/strong><\/li>\n<li><strong><em>Grupo Ruba<\/em><\/strong><\/li>\n<\/ul>\n<p>&nbsp;<\/p>\n<p style=\"text-align: right;\"><em>La capacidad de entusiasmo es signo de salud espiritual<br \/>\n<\/em><strong>Gregorio Mara\u00f1\u00f3n<\/strong> (1887-1960), m\u00e9dico y escritor espa\u00f1ol<\/p>\n<p>&nbsp;<\/p>\n<p>El Servicio Exterior Mexicano siempre ha sido el retiro de oro para algunos pol\u00edticos que el Presidente en turno los quiere tener lejos, pero con presencia en la administraci\u00f3n p\u00fablica.<\/p>\n<p>Andr\u00e9s Manuel L\u00f3pez Obrador no es la excepci\u00f3n. Sabe que en las embajadas y consulados puede conocer a personajes que no le sirvan, que hagan ruido por su sola presencia en el pa\u00eds, que sirvan de se\u00f1uelo pol\u00edtico y para darle a alg\u00fan personaje vida artificial.<\/p>\n<p>En la \u00faltima camada de prospectos a embajadores o c\u00f3nsules, enviar\u00e1 a 8 inexpertos y otros 8 que tienen carrera diplom\u00e1tica.<\/p>\n<p>La promesa que hizo AMLO a los diplom\u00e1ticos de carrera era que no usar\u00edan esas posiciones como trampol\u00edn pol\u00edtico o como salas de espera para otras chambas en el sector p\u00fablico.<\/p>\n<p>Lo que s\u00ed vemos es la mano de Claudia Sheinbaum y de Beatriz Guti\u00e9rrez M\u00fcller, en las propuestas. Al mismo tiempo, no se vio ning\u00fan personaje cercano a Marcelo Ebrard, por lo que AMLO manda se\u00f1ales sobre la sucesi\u00f3n presidencial.<\/p>\n<p>L\u00f3pez Obrador renovar\u00e1 16 cargos en el servicio diplom\u00e1tico en embajadas y consulados. La mitad de las propuestas presidenciales, carece de trayectoria diplom\u00e1tica de carrera.<\/p>\n<p>Va un activista, Leopoldo de Gyves, quien mantiene subyugada a la regi\u00f3n del Istmo de Tehuantepec, en Oaxaca. La familia del pr\u00f3ximo embajador en Venezuela, se distingui\u00f3 por no acatar la ley.<\/p>\n<p>Durante muchos a\u00f1os milit\u00f3 en el priismo, pero siempre estuvo en favor de fortalecer sus lazos pol\u00edticos en la regi\u00f3n a trav\u00e9s de la COCEI, la Coalici\u00f3n Obrero Campesino Estudiantil del Istmo de Tehuantepec, que fund\u00f3 su padre Leopoldo de Gyves Pineda.<\/p>\n<p>As\u00ed, con el apoyo de su padre y las organizaciones campesinas de la regi\u00f3n gan\u00f3 sorpresivamente las elecciones por la alcald\u00eda de Juchit\u00e1n en 1981. Se considera, ahora, como el primer alcalde de izquierda en ganar una alcald\u00eda.<\/p>\n<p>Sus lazos con grupos guerrilleros los exhib\u00eda.<\/p>\n<p>Fue el 5 de enero, cuando fue llamado a Palacio Nacional, donde se reuni\u00f3 con AMLO, quien le ofreci\u00f3 la embajada, luego que Morena lo dej\u00f3 en \u00faltimo lugar en la candidatura por el gobierno del estado.<\/p>\n<p>En Nicaragua, Guillermo Zamora fue nominado por el Ejecutivo.<\/p>\n<p>Dos posiciones llaman la atenci\u00f3n, ya que se aprecia la mano de la esposa del Presidente: La escritora Laura Esquivel ir\u00e1 a la embajada de Brasil y el historiador Agust\u00edn Salmer\u00f3n a Panam\u00e1. Sobre \u00e9ste \u00faltimo pesan las acusaciones, las graves acusaciones, de acoso sexual. Varios grupos feministas piden a L\u00f3pez Obrador que no proponga oficialmente a Salmer\u00f3n, quien pide que salgan a la luz quienes lo acusan.<\/p>\n<p>En s\u00edntesis, 8 no tienen experiencia diplom\u00e1tica y entre ellos, sobresalen los ex gobernadores priistas Claudia Pavlovich, de Sonora, quien fue nombrada c\u00f3nsul en Barcelona; y Carlos Aysa, ex gobernador en Campeche, se va a la embajada en Rep\u00fablica Dominicana.<\/p>\n<p>Atr\u00e1s del nombramiento de Alfonso Su\u00e1rez del Real, como titular de la oficina de enlace de M\u00e9xico en Estrasburgo, sede del Parlamento Europeo, est\u00e1 la mano de Claudia Sheinbaum.<\/p>\n<p>Hasta el momento, no hay pl\u00e1cet o benepl\u00e1cito del gobierno espa\u00f1ol para el ex gobernador de Sinaloa, Quirino Ordaz. La semana pasada el rey Felipe II se reuni\u00f3 con nuevos embajadores y no estaba el mexicano. Esto fue tomado como una se\u00f1al de rechazo a Ordaz. Sin embargo, tenemos conocimiento que Quirino no ha completado todos los tr\u00e1mites necesarios para la nominaci\u00f3n y aprobaci\u00f3n de su nombramiento, seg\u00fan una fuente consultada por este reportero en el gobierno espa\u00f1ol.<\/p>\n<p>Y otro inexperto en diplomacia es Eduardo Villegas, coordinador de Memoria Hist\u00f3rica y Cultural de M\u00e9xico, se va a Rusia. La ahora ex embajadora en Rusia se va a Dinamarca.<\/p>\n<p>Una vez m\u00e1s, llegan pol\u00edticos a consulados y embajadas. Los diplom\u00e1ticos de carrera, como muchos funcionarios p\u00fablicos de carrera los dejan marinados. Por eso nos va como nos va en la administraci\u00f3n p\u00fablica.<\/p>\n<p style=\"text-align: center;\"><strong>PODEROSOS CABALLEROS<\/strong><\/p>\n<p><strong>\u201cORIENT BUSINESS PARK\u201d: <\/strong>Con el prop\u00f3sito de continuar impulsando el desarrollo econ\u00f3mico de la regi\u00f3n Laja-Baj\u00edo, se inici\u00f3 la construcci\u00f3n de la Microciudad Orient Business Park, bajo el liderazgo de Omar Antonio P\u00e9rez Enr\u00edquez, en Apaseo el Grande, Guanajuato, entidad gobernada por Diego Sinhue Rodr\u00edguez. El Parque Industrial \u00abOrient Business Park\u00bb, ser\u00e1 la primera Microciudad Industrial del Baj\u00edo, un concepto dise\u00f1ado para aportar a la sociedad una comunidad econ\u00f3micamente activa, comprometida con los seres humanos, que le genere mayores rendimientos a las empresas que operen. Los accionistas invertir\u00e1n 40 millones de d\u00f3lares para la edificaci\u00f3n de 97 naves industriales.<\/p>\n<p><strong>GRUPO RUBA: <\/strong>Con una inversi\u00f3n estimada en los 150 millones de pesos, Grupo RUBA, que preside Luis Enrique Terrazas Seyffert, arranc\u00f3 la construcci\u00f3n de dos mil 600 nuevas viviendas media-alta, en Coahuila, entidad gobernada por Miguel Riquelme. En Torre\u00f3n, se construir\u00e1n viviendas en el llamado \u00abRinc\u00f3n del Marqu\u00e9s\u00bb en una superficie de 22 hect\u00e1reas.<\/p>\n<p><strong>EDOMEX, SIN PRESUPUESTO: <\/strong>La Legislatura mexiquense cumpli\u00f3 19 d\u00edas sin aprobar el presupuesto. Todo est\u00e1 atorado porque Morena se niega a aprobar la deuda p\u00fablica de la entidad. Los diputados, que comanda el morenista Maurilio Hern\u00e1ndez, ven s\u00f3lo las elecciones del a\u00f1o pr\u00f3ximo y en la sucesi\u00f3n del priista Alfredo del Mazo. Saben que la maquinaria del PRI ganar\u00eda los comicios y los tiene apanicados. Todo lo dem\u00e1s, es alegor\u00eda y demagogia.<\/p>\n<p style=\"text-align: center;\"><strong>RESPONSABILIDAD SOCIAL CORPORATIVA<\/strong><\/p>\n<p><strong>ASOFARMA: <\/strong>En el marco de su programa de responsabilidad social, Asofarma, bajo la direcci\u00f3n M\u00e9dica de Arturo V\u00e1zquez Leduc, inici\u00f3 2022 con el lanzamiento de la p\u00e1gina electr\u00f3nica\u00a0<a href=\"http:\/\/laprevencionempiezaadentro.com\/\" target=\"_blank\" rel=\"noopener\">laprevencionempiezaadentro.com<\/a>\u00a0para sensibilizar a la poblaci\u00f3n mayor de 45 a\u00f1os, sobre la importancia de la colonoscop\u00eda, un estudio m\u00e9dico con eficacia superior a 98% para la prevenci\u00f3n y diagn\u00f3stico del c\u00e1ncer colorrectal. Este c\u00e1ncer es el tercero m\u00e1s frecuente y el cuarto con mayor mortalidad en M\u00e9xico y cada a\u00f1o se diagnostican casi 15 mil nuevos casos en nuestro pa\u00eds de acuerdo a datos del Globocan 2020. En dicha p\u00e1gina se ofrece un panorama sobre el c\u00e1ncer colorrectal, informaci\u00f3n sobre la colonoscop\u00eda y se enlaza al directorio de especialistas de la Asociaci\u00f3n Mexicana de Endoscop\u00eda Gastrointestinal (AMEG).<\/p>\n<p>&nbsp;<\/p>\n<blockquote>\n<h4 style=\"text-align: right;\"><strong>Esc\u00fachame de lunes a viernes, de 21 a 22 horas,<br \/>\nen \u201cV\u00edctor S\u00e1nchez Ba\u00f1os en MVS\u201d<\/strong><\/h4>\n<\/blockquote>\n<p>&nbsp;<\/p>\n<p><a href=\"https:\/\/mvsnoticias.com\/\" target=\"_blank\" rel=\"noopener noreferrer\"><em>MVSnoticias.com<\/em><\/a><br \/>\n<a href=\"http:\/\/poderydinero.mx\" target=\"_blank\" rel=\"noopener noreferrer\"><em>poderydinero.mx<\/em><\/a><em><b><br \/>\n<\/b><a href=\"mailto:vsb@poderydinero.mx\" target=\"_blank\" rel=\"noopener noreferrer\">vsb@poderydinero.mx<\/a><a href=\"mailto:vsanchezb@gmail.com\" target=\"_blank\" rel=\"noopener noreferrer\"><br \/>\n<\/a><strong>Twitter:<\/strong><a href=\"https:\/\/twitter.com\/vsanchezbanos\" target=\"_blank\" rel=\"noopener noreferrer\">@vsanchezbanos<br \/>\n<\/a><strong>Facebook: <\/strong><a href=\"https:\/\/www.facebook.com\/vsanchezbanos?fref=ts\" target=\"_blank\" rel=\"noopener noreferrer\">vsanchezbanos<\/a><\/em><\/p>\n","protected":false},"excerpt":{"rendered":"<p><span style=\"color: #005497;\"><strong>V\u00edctor S\u00e1nchez Ba\u00f1os<\/strong><\/span<\/span><\/p>\n","protected":false},"author":3,"featured_media":0,"comment_status":"open","ping_status":"open","sticky":false,"template":"","format":"standard","meta":{"_monsterinsights_skip_tracking":false,"_monsterinsights_sitenote_active":false,"_monsterinsights_sitenote_note":"","_monsterinsights_sitenote_category":0,"footnotes":""},"categories":[38844],"tags":[43674,38847,38848],"class_list":["post-532624","post","type-post","status-publish","format-standard","hentry","category-victor-sanchez-banos","tag-opinion","tag-poder-y-dinero","tag-victor-sanchez-banos"],"_links":{"self":[{"href":"https:\/\/www.diarioimagen.net\/index.php?rest_route=\/wp\/v2\/posts\/532624","targetHints":{"allow":["GET"]}}],"collection":[{"href":"https:\/\/www.diarioimagen.net\/index.php?rest_route=\/wp\/v2\/posts"}],"about":[{"href":"https:\/\/www.diarioimagen.net\/index.php?rest_route=\/wp\/v2\/types\/post"}],"author":[{"embeddable":true,"href":"https:\/\/www.diarioimagen.net\/index.php?rest_route=\/wp\/v2\/users\/3"}],"replies":[{"embeddable":true,"href":"https:\/\/www.diarioimagen.net\/index.php?rest_route=%2Fwp%2Fv2%2Fcomments&post=532624"}],"version-history":[{"count":0,"href":"https:\/\/www.diarioimagen.net\/index.php?rest_route=\/wp\/v2\/posts\/532624\/revisions"}],"wp:attachment":[{"href":"https:\/\/www.diarioimagen.net\/index.php?rest_route=%2Fwp%2Fv2%2Fmedia&parent=532624"}],"wp:term":[{"taxonomy":"category","embeddable":true,"href":"https:\/\/www.diarioimagen.net\/index.php?rest_route=%2Fwp%2Fv2%2Fcategories&post=532624"},{"taxonomy":"post_tag","embeddable":true,"href":"https:\/\/www.diarioimagen.net\/index.php?rest_route=%2Fwp%2Fv2%2Ftags&post=532624"}],"curies":[{"name":"wp","href":"https:\/\/api.w.org\/{rel}","templated":true}]}}