{"id":532768,"date":"2022-01-20T00:01:45","date_gmt":"2022-01-20T06:01:45","guid":{"rendered":"https:\/\/www.diarioimagen.net\/?p=532768"},"modified":"2022-01-20T01:44:36","modified_gmt":"2022-01-20T07:44:36","slug":"priorizaremos-la-calidad-de-servicio-y-la-atencion-personalizada-pedro-rodriguez","status":"publish","type":"post","link":"https:\/\/www.diarioimagen.net\/?p=532768","title":{"rendered":"Priorizaremos la calidad de servicio y la atenci\u00f3n personalizada: Pedro Rodr\u00edguez"},"content":{"rendered":"<p>&nbsp;<\/p>\n<ul>\n<li><strong><em>Profesionalizaci\u00f3n a servidores p\u00fablicos en Atizap\u00e1n<\/em><\/strong><\/li>\n<\/ul>\n<p>&nbsp;<\/p>\n<div id=\"attachment_532886\" style=\"width: 470px\" class=\"wp-caption aligncenter\"><a href=\"https:\/\/www.diarioimagen.net\/?attachment_id=532886\" rel=\"attachment wp-att-532886\"><img loading=\"lazy\" decoding=\"async\" aria-describedby=\"caption-attachment-532886\" class=\"size-full wp-image-532886\" src=\"https:\/\/www.diarioimagen.net\/wp-content\/uploads\/2022\/01\/atizapan-9.jpg\" alt=\"\" width=\"460\" height=\"270\" \/><\/a><p id=\"caption-attachment-532886\" class=\"wp-caption-text\">El alcalde Pedro Rodr\u00edguez anunci\u00f3 que los titulares de las 18 dependencias que conforman la Administraci\u00f3n participaron en la primer sesi\u00f3n de capacitaci\u00f3n en materia de atenci\u00f3n ciudadana.<\/p><\/div>\n<p>&nbsp;<\/p>\n<p><strong>Atizap\u00e1n de Zaragoza, Estado de M\u00e9xico.\u2014<\/strong> Como parte de la profesionalizaci\u00f3n a servidores p\u00fablicos del Gobierno de Atizap\u00e1n de Zaragoza, los titulares de las 18 dependencias que conforman la Administraci\u00f3n participaron en la primer sesi\u00f3n de capacitaci\u00f3n en materia de atenci\u00f3n ciudadana.<\/p>\n<p>El Presidente Municipal, Pedro Rodr\u00edguez Villegas, reconoci\u00f3 la importancia de estas acciones, pues dijo, se trata de adquirir las herramientas necesarias para brindar un enfoque integral a la atenci\u00f3n brindada a los atizapenses, ya sea en informaci\u00f3n, tr\u00e1mites, asesor\u00edas o servicios.<\/p>\n<p>Este nuevo modelo de atenci\u00f3n, tiene como bases el modelo de gesti\u00f3n por competencias laborales, con el cual, se busca recuperar la confianza y credibilidad del ciudadano en la atenci\u00f3n p\u00fablica.<\/p>\n<p>\u201cEn esta Administraci\u00f3n vamos a priorizar la calidad de servicio y la atenci\u00f3n personalizada, queremos tener al mejor equipo, por ello es importante continuar capacit\u00e1ndonos, que nunca dejemos de aprender\u201d, refiri\u00f3.<\/p>\n<p>Bajo el lema \u201cGobierna con la ciudadan\u00eda\u201d, Pedro Rodr\u00edguez pidi\u00f3 a su Gabinete coordinar a cada dependencia, para trabajar con mayor profesionalismo.<\/p>\n<p>\u201cComo ya lo hicimos en la Administraci\u00f3n pasada, fuimos el municipio con m\u00e1s funcionarios p\u00fablicos certificados por el Instituto Hacendario del Estado de M\u00e9xico, esta vez no ser\u00e1 la excepci\u00f3n.<\/p>\n<p>\u201cQue Atizap\u00e1n sea el municipio con m\u00e1s servidores p\u00fablicos certificados, y que esto hable de la vocaci\u00f3n de servicio que tenemos, y de mayor profesionalismo en la gesti\u00f3n que cada \u00e1rea est\u00e1 realizando\u201d, puntualiz\u00f3.<\/p>\n","protected":false},"excerpt":{"rendered":"<p>Como parte de la profesionalizaci\u00f3n a servidores p\u00fablicos del Gobierno de Atizap\u00e1n de Zaragoza, los titulares de las 18 dependencias que conforman la Administraci\u00f3n participaron en la primer sesi\u00f3n de capacitaci\u00f3n en materia de atenci\u00f3n ciudadana.<\/p>\n","protected":false},"author":3,"featured_media":532886,"comment_status":"open","ping_status":"open","sticky":false,"template":"","format":"standard","meta":{"_monsterinsights_skip_tracking":false,"_monsterinsights_sitenote_active":false,"_monsterinsights_sitenote_note":"","_monsterinsights_sitenote_category":0,"footnotes":""},"categories":[5],"tags":[969,19954,43675,24504],"class_list":["post-532768","post","type-post","status-publish","format-standard","has-post-thumbnail","hentry","category-estado-de-mexico","tag-atizapan","tag-calidad","tag-estado-de-mexico","tag-servicio"],"_links":{"self":[{"href":"https:\/\/www.diarioimagen.net\/index.php?rest_route=\/wp\/v2\/posts\/532768","targetHints":{"allow":["GET"]}}],"collection":[{"href":"https:\/\/www.diarioimagen.net\/index.php?rest_route=\/wp\/v2\/posts"}],"about":[{"href":"https:\/\/www.diarioimagen.net\/index.php?rest_route=\/wp\/v2\/types\/post"}],"author":[{"embeddable":true,"href":"https:\/\/www.diarioimagen.net\/index.php?rest_route=\/wp\/v2\/users\/3"}],"replies":[{"embeddable":true,"href":"https:\/\/www.diarioimagen.net\/index.php?rest_route=%2Fwp%2Fv2%2Fcomments&post=532768"}],"version-history":[{"count":0,"href":"https:\/\/www.diarioimagen.net\/index.php?rest_route=\/wp\/v2\/posts\/532768\/revisions"}],"wp:featuredmedia":[{"embeddable":true,"href":"https:\/\/www.diarioimagen.net\/index.php?rest_route=\/wp\/v2\/media\/532886"}],"wp:attachment":[{"href":"https:\/\/www.diarioimagen.net\/index.php?rest_route=%2Fwp%2Fv2%2Fmedia&parent=532768"}],"wp:term":[{"taxonomy":"category","embeddable":true,"href":"https:\/\/www.diarioimagen.net\/index.php?rest_route=%2Fwp%2Fv2%2Fcategories&post=532768"},{"taxonomy":"post_tag","embeddable":true,"href":"https:\/\/www.diarioimagen.net\/index.php?rest_route=%2Fwp%2Fv2%2Ftags&post=532768"}],"curies":[{"name":"wp","href":"https:\/\/api.w.org\/{rel}","templated":true}]}}