{"id":532770,"date":"2022-01-20T00:02:15","date_gmt":"2022-01-20T06:02:15","guid":{"rendered":"https:\/\/www.diarioimagen.net\/?p=532770"},"modified":"2022-01-20T04:17:03","modified_gmt":"2022-01-20T10:17:03","slug":"inicia-el-edil-aldo-ledezma-programa-de-pruebas-gratuitas-de-covid-19-en-cuautitlan","status":"publish","type":"post","link":"https:\/\/www.diarioimagen.net\/?p=532770","title":{"rendered":"Inicia\u00a0el edil Aldo Ledezma Programa de Pruebas Gratuitas de Covid-19 en Cuautitl\u00e1n"},"content":{"rendered":"<p>&nbsp;<\/p>\n<ul>\n<li><strong><em>Garantiza la salud de los habitantes<\/em><\/strong><\/li>\n<\/ul>\n<p>&nbsp;<\/p>\n<div id=\"attachment_532889\" style=\"width: 470px\" class=\"wp-caption aligncenter\"><a href=\"https:\/\/www.diarioimagen.net\/?attachment_id=532889\" rel=\"attachment wp-att-532889\"><img loading=\"lazy\" decoding=\"async\" aria-describedby=\"caption-attachment-532889\" class=\"size-full wp-image-532889\" src=\"https:\/\/www.diarioimagen.net\/wp-content\/uploads\/2022\/01\/cuautitlan-4.jpg\" alt=\"\" width=\"460\" height=\"270\" \/><\/a><p id=\"caption-attachment-532889\" class=\"wp-caption-text\">El presidente municipal Aldo Ledezma Reyna inici\u00f3 la Jornada de Pruebas Gratuitas de Covid 19 en el fraccionamiento Galaxia.<\/p><\/div>\n<p>&nbsp;<\/p>\n<p><strong>Cuautitl\u00e1n, Estado de M\u00e9xico.\u2014<\/strong> Con el objetivo de garantizar la salud de los habitantes y frenar los contagios ante la cuarta ola de la pandemia, el presidente municipal, Aldo Ledezma Reyna inici\u00f3 la Jornada de Pruebas Gratuitas de Covid 19 en el fraccionamiento Galaxia.<\/p>\n<p>El Ayuntamiento de Cuautitl\u00e1n a trav\u00e9s de la Direcci\u00f3n de Desarrollo Social y DIF Cuautitl\u00e1n puso en marcha este programa para beneficiar a la poblaci\u00f3n con pruebas para detectar este padecimiento de manera gratuita.<\/p>\n<p>En el fraccionamiento Galaxia se instal\u00f3 un m\u00f3dulo con personal capacitado para realizar las pruebas a la ciudadan\u00eda que presenta s\u00edntomas y ma\u00f1ana se ubicar\u00e1 en el parque de la 3\u00aa secci\u00f3n del fraccionamiento Los Morales, a partir de las 9:00 horas.<\/p>\n<p>Aldo Ledezma hizo un llamado a la ciudadan\u00eda para estar atentos a la informaci\u00f3n y conocer las fechas, sedes y requisitos para la aplicaci\u00f3n de las pruebas.<\/p>\n","protected":false},"excerpt":{"rendered":"<p>Con el objetivo de garantizar la salud de los habitantes y frenar los contagios ante la cuarta ola de la pandemia, el presidente municipal, Aldo Ledezma Reyna inici\u00f3 la Jornada de Pruebas Gratuitas de Covid 19 en el fraccionamiento Galaxia.<\/p>\n","protected":false},"author":3,"featured_media":532889,"comment_status":"open","ping_status":"open","sticky":false,"template":"","format":"standard","meta":{"_monsterinsights_skip_tracking":false,"_monsterinsights_sitenote_active":false,"_monsterinsights_sitenote_note":"","_monsterinsights_sitenote_category":0,"footnotes":""},"categories":[5],"tags":[681,43675,94387],"class_list":["post-532770","post","type-post","status-publish","format-standard","has-post-thumbnail","hentry","category-estado-de-mexico","tag-cuautitlan","tag-estado-de-mexico","tag-programa-de-pruebas-gratuitas"],"_links":{"self":[{"href":"https:\/\/www.diarioimagen.net\/index.php?rest_route=\/wp\/v2\/posts\/532770","targetHints":{"allow":["GET"]}}],"collection":[{"href":"https:\/\/www.diarioimagen.net\/index.php?rest_route=\/wp\/v2\/posts"}],"about":[{"href":"https:\/\/www.diarioimagen.net\/index.php?rest_route=\/wp\/v2\/types\/post"}],"author":[{"embeddable":true,"href":"https:\/\/www.diarioimagen.net\/index.php?rest_route=\/wp\/v2\/users\/3"}],"replies":[{"embeddable":true,"href":"https:\/\/www.diarioimagen.net\/index.php?rest_route=%2Fwp%2Fv2%2Fcomments&post=532770"}],"version-history":[{"count":0,"href":"https:\/\/www.diarioimagen.net\/index.php?rest_route=\/wp\/v2\/posts\/532770\/revisions"}],"wp:featuredmedia":[{"embeddable":true,"href":"https:\/\/www.diarioimagen.net\/index.php?rest_route=\/wp\/v2\/media\/532889"}],"wp:attachment":[{"href":"https:\/\/www.diarioimagen.net\/index.php?rest_route=%2Fwp%2Fv2%2Fmedia&parent=532770"}],"wp:term":[{"taxonomy":"category","embeddable":true,"href":"https:\/\/www.diarioimagen.net\/index.php?rest_route=%2Fwp%2Fv2%2Fcategories&post=532770"},{"taxonomy":"post_tag","embeddable":true,"href":"https:\/\/www.diarioimagen.net\/index.php?rest_route=%2Fwp%2Fv2%2Ftags&post=532770"}],"curies":[{"name":"wp","href":"https:\/\/api.w.org\/{rel}","templated":true}]}}