{"id":532774,"date":"2022-01-20T00:04:46","date_gmt":"2022-01-20T06:04:46","guid":{"rendered":"https:\/\/www.diarioimagen.net\/?p=532774"},"modified":"2022-01-20T01:48:06","modified_gmt":"2022-01-20T07:48:06","slug":"habilita-naucalpan-el-cobro-del-impuesto-predial-en-el-parque-naucalli","status":"publish","type":"post","link":"https:\/\/www.diarioimagen.net\/?p=532774","title":{"rendered":"Habilita Naucalpan el cobro del impuesto predial en el Parque Naucalli"},"content":{"rendered":"<p>&nbsp;<\/p>\n<p><a href=\"https:\/\/www.diarioimagen.net\/?attachment_id=532894\" rel=\"attachment wp-att-532894\"><img loading=\"lazy\" decoding=\"async\" class=\"aligncenter size-full wp-image-532894\" src=\"https:\/\/www.diarioimagen.net\/wp-content\/uploads\/2022\/01\/naucalpan-5.jpg\" alt=\"\" width=\"460\" height=\"270\" \/><\/a><\/p>\n<p>&nbsp;<\/p>\n<p><strong>Naucalpan, Estado de M\u00e9xico.\u2014 <\/strong>Los contribuyentes del municipio, ahora tambi\u00e9n podr\u00e1n realizar el pago de su impuesto predial en la receptor\u00eda del Parque Naucalli con un horario de lunes a viernes de 8:00 a 17:00 horas y los s\u00e1bados de 9:00 a 13:00 horas.<\/p>\n<p>El gobierno de Naucalpan habilit\u00f3 una carpa por la entrada que se encuentra ubicada sobre el Perif\u00e9rico, donde los vecinos podr\u00e1n cumplir con esta obligaci\u00f3n ciudadana y aprovechar el programa de descuentos que se ofrecer\u00e1n durante el primer trimestre del a\u00f1o.<\/p>\n","protected":false},"excerpt":{"rendered":"<p>Los contribuyentes del municipio, ahora tambi\u00e9n podr\u00e1n realizar el pago de su impuesto predial en la receptor\u00eda del Parque Naucalli con un horario de lunes a viernes de 8:00 a 17:00 horas y los s\u00e1bados de 9:00 a 13:00 horas.<\/p>\n","protected":false},"author":3,"featured_media":532894,"comment_status":"open","ping_status":"open","sticky":false,"template":"","format":"standard","meta":{"_monsterinsights_skip_tracking":false,"_monsterinsights_sitenote_active":false,"_monsterinsights_sitenote_note":"","_monsterinsights_sitenote_category":0,"footnotes":""},"categories":[5],"tags":[43675,970,36117],"class_list":["post-532774","post","type-post","status-publish","format-standard","has-post-thumbnail","hentry","category-estado-de-mexico","tag-estado-de-mexico","tag-naucalpan","tag-parque-naucalli"],"_links":{"self":[{"href":"https:\/\/www.diarioimagen.net\/index.php?rest_route=\/wp\/v2\/posts\/532774","targetHints":{"allow":["GET"]}}],"collection":[{"href":"https:\/\/www.diarioimagen.net\/index.php?rest_route=\/wp\/v2\/posts"}],"about":[{"href":"https:\/\/www.diarioimagen.net\/index.php?rest_route=\/wp\/v2\/types\/post"}],"author":[{"embeddable":true,"href":"https:\/\/www.diarioimagen.net\/index.php?rest_route=\/wp\/v2\/users\/3"}],"replies":[{"embeddable":true,"href":"https:\/\/www.diarioimagen.net\/index.php?rest_route=%2Fwp%2Fv2%2Fcomments&post=532774"}],"version-history":[{"count":0,"href":"https:\/\/www.diarioimagen.net\/index.php?rest_route=\/wp\/v2\/posts\/532774\/revisions"}],"wp:featuredmedia":[{"embeddable":true,"href":"https:\/\/www.diarioimagen.net\/index.php?rest_route=\/wp\/v2\/media\/532894"}],"wp:attachment":[{"href":"https:\/\/www.diarioimagen.net\/index.php?rest_route=%2Fwp%2Fv2%2Fmedia&parent=532774"}],"wp:term":[{"taxonomy":"category","embeddable":true,"href":"https:\/\/www.diarioimagen.net\/index.php?rest_route=%2Fwp%2Fv2%2Fcategories&post=532774"},{"taxonomy":"post_tag","embeddable":true,"href":"https:\/\/www.diarioimagen.net\/index.php?rest_route=%2Fwp%2Fv2%2Ftags&post=532774"}],"curies":[{"name":"wp","href":"https:\/\/api.w.org\/{rel}","templated":true}]}}