{"id":532796,"date":"2022-01-20T00:03:28","date_gmt":"2022-01-20T06:03:28","guid":{"rendered":"https:\/\/www.diarioimagen.net\/?p=532796"},"modified":"2022-01-21T01:57:35","modified_gmt":"2022-01-21T07:57:35","slug":"embajadas-y-fichitas-morenas","status":"publish","type":"post","link":"https:\/\/www.diarioimagen.net\/?p=532796","title":{"rendered":"Embajadas y fichitas \u201cmorenas\u201d"},"content":{"rendered":"<h2>Espacio Electoral<\/h2>\n<h5>Eleazar Flores<\/h5>\n<p>&nbsp;<\/p>\n<p><strong>DERECHO A DEFENDERSE-.<\/strong> Ciertamente siempre que hay nombramientos -antes y ahora- sobran opiniones favorables o divergentes en torno a las propuestas presidenciales, en este caso para la renovaci\u00f3n de cuadros diplom\u00e1ticos o sea, embajadores y c\u00f3nsules.<\/p>\n<p>Conociendo nuestra memoria flaca, por ejemplo el gobierno cree que ya olvidamos una de las designaciones\u00a0 m\u00e1s discutidas que se dio para un consulado, el de Isabel Arvide, no tanto por su personalidad que todos la tenemos, sino porque se dio el hecho luego de que la periodista asisti\u00f3 a una ma\u00f1anera\u2026y caso resuelto.<\/p>\n<p>Al padre de la Cuarta Transformaci\u00f3n le hicieron lo que el viento a Ju\u00e1rez las innumerables cr\u00edticas por esta designaci\u00f3n\u2026 pero tambi\u00e9n a Isabel Arvide, como si le hubieran dado una bienvenida.<\/p>\n<p>Algo similar pasa con la eficiente operadora de diezmos para Morena y titular de la SEP, do\u00f1a Delfina G\u00f3mez, pues los otros datos presidenciales son diferentes a los del Tribunal Electoral del Poder Judicial de la Federaci\u00f3n, por lo que la texcocana ni suda ni se acongoja, si acaso el mill\u00f3n de docentes que con algo de verg\u00fcenza integran este numeroso gremio nacional<\/p>\n<p>No obstante\u00a0 nuestra flaca memoria, tambi\u00e9n recordamos la imposici\u00f3n presidencial que nombr\u00f3 a Paco Ignacio Jaibol II, perd\u00f3n Taibo II,\u00a0 director del Fondo de Cultura Econ\u00f3mica, no obstante el impedimento de su nacionalidad, pero para eso est\u00e1n los obedientes diputados \u201cmorenos\u201d, para modificar la ley y santo remedio.<\/p>\n<p><strong>HISTORIA DEL HISTORIADOR-.<\/strong> Ahora quien est\u00e1 en el candelero medi\u00e1tico es el historiador Pedro Agust\u00edn Salmer\u00f3n Sangin\u00e9s, propuesto por el presidente L\u00f3pez Obrador para embajador de nuestro pa\u00eds en el cercano Panam\u00e1, pero no crea que la objeci\u00f3n es por haber defendido a los \u201ch\u00e9roes\u201d de la Liga 23 de septiembre, nada de eso, sino por presunto abuso sexual.<\/p>\n<p>Pedro Agust\u00edn Salmer\u00f3n Sangu\u00e7in\u00e9s fue nombrado en 2018 director general del Instituto Nacional de Estudios Hist\u00f3ricos de la Revoluci\u00f3n Mexicana, INEHRM, y renunci\u00f3 en septiembre de 2019, tras haber declarado que quienes mataron al empresario regiomontano Eugenio Garza Sada fue un \u201ccomando de j\u00f3venes valientes\u201d. Seguramente como historiador ten\u00eda otros datos desconocidos por todos quienes calificaron de criminales a los integrantes de esa banda.<\/p>\n<p>Ante la escasez de historiadores, 90-10 (noventa por ciento de lealtad y diez por ciento de eficiencia, ahora Pedrito Salmer\u00f3n es propuesto nuevamente por el padre de la Cuarta Transformaci\u00f3n como futuro embajador en Panam\u00e1.<\/p>\n<p>El Presidente est\u00e1 en su derecho de proponer, lo \u00fanico que nos descubre son las caracter\u00edsticas de sus amistades, no m\u00e1s.<\/p>\n<p>Sin embargo en el caso de los embajadores, la \u00faltima palabra la siguen teniendo nuestros per\u00ednclitos senadores, cuyo coordinador, por ahora ha dejado de desayunar con ya saben qui\u00e9n.<\/p>\n<p><em><a href=\"mailto:elefa44@gmail.com\" target=\"_blank\" rel=\"noopener noreferrer\">elefa44@gmail.com<\/a><\/em><\/p>\n","protected":false},"excerpt":{"rendered":"<p><span style=\"color: #005497;\"><strong>Eleazar Flores<\/strong><\/span><\/p>\n","protected":false},"author":3,"featured_media":0,"comment_status":"open","ping_status":"open","sticky":false,"template":"","format":"standard","meta":{"_monsterinsights_skip_tracking":false,"_monsterinsights_sitenote_active":false,"_monsterinsights_sitenote_note":"","_monsterinsights_sitenote_category":0,"footnotes":""},"categories":[81743],"tags":[81744,81776,43674],"class_list":["post-532796","post","type-post","status-publish","format-standard","hentry","category-eleazar-flores","tag-eleazar-flores","tag-espacio-electoral","tag-opinion"],"_links":{"self":[{"href":"https:\/\/www.diarioimagen.net\/index.php?rest_route=\/wp\/v2\/posts\/532796","targetHints":{"allow":["GET"]}}],"collection":[{"href":"https:\/\/www.diarioimagen.net\/index.php?rest_route=\/wp\/v2\/posts"}],"about":[{"href":"https:\/\/www.diarioimagen.net\/index.php?rest_route=\/wp\/v2\/types\/post"}],"author":[{"embeddable":true,"href":"https:\/\/www.diarioimagen.net\/index.php?rest_route=\/wp\/v2\/users\/3"}],"replies":[{"embeddable":true,"href":"https:\/\/www.diarioimagen.net\/index.php?rest_route=%2Fwp%2Fv2%2Fcomments&post=532796"}],"version-history":[{"count":0,"href":"https:\/\/www.diarioimagen.net\/index.php?rest_route=\/wp\/v2\/posts\/532796\/revisions"}],"wp:attachment":[{"href":"https:\/\/www.diarioimagen.net\/index.php?rest_route=%2Fwp%2Fv2%2Fmedia&parent=532796"}],"wp:term":[{"taxonomy":"category","embeddable":true,"href":"https:\/\/www.diarioimagen.net\/index.php?rest_route=%2Fwp%2Fv2%2Fcategories&post=532796"},{"taxonomy":"post_tag","embeddable":true,"href":"https:\/\/www.diarioimagen.net\/index.php?rest_route=%2Fwp%2Fv2%2Ftags&post=532796"}],"curies":[{"name":"wp","href":"https:\/\/api.w.org\/{rel}","templated":true}]}}