{"id":532898,"date":"2022-01-21T00:05:34","date_gmt":"2022-01-21T06:05:34","guid":{"rendered":"https:\/\/www.diarioimagen.net\/?p=532898"},"modified":"2022-01-23T20:12:31","modified_gmt":"2022-01-24T02:12:31","slug":"servicio-universitario-de-empleo-de-la-uaem-util-para-acercarse-a-primera-experiencia-laboral","status":"publish","type":"post","link":"https:\/\/www.diarioimagen.net\/?p=532898","title":{"rendered":"Servicio Universitario de Empleo de la UAEM, \u00fatil para acercarse a primera experiencia laboral"},"content":{"rendered":"<p><em>\u00a0<\/em><\/p>\n<ul>\n<li><strong><em>Gracias al SUE, Rosmery Becerril Contreras, ingres\u00f3 a su primer empleo formal, luego de haber culminado sus estudios de nivel superior<\/em><\/strong><\/li>\n<\/ul>\n<p>&nbsp;<\/p>\n<div id=\"attachment_533028\" style=\"width: 470px\" class=\"wp-caption aligncenter\"><img loading=\"lazy\" decoding=\"async\" aria-describedby=\"caption-attachment-533028\" class=\"wp-image-533028 size-full\" src=\"https:\/\/www.diarioimagen.net\/wp-content\/uploads\/2022\/01\/uaem-14.jpg\" alt=\"\" width=\"460\" height=\"270\" \/><p id=\"caption-attachment-533028\" class=\"wp-caption-text\">Rosmery Becerril Contreras, egresada de la Facultad de Contadur\u00eda y Administraci\u00f3n de la UAEM, indic\u00f3 que luego de enviar su curr\u00edculum la contactaron una semana despu\u00e9s para realizarle una entrevista y a los tres d\u00edas se incorpor\u00f3 a su actual lugar de trabajo.<\/p><\/div>\n<p>&nbsp;<\/p>\n<p><strong>Toluca, Estado de M\u00e9xico.\u2014<\/strong> Gracias al Servicio Universitario de Empleo (SUE), la egresada de la Facultad de Contadur\u00eda y Administraci\u00f3n de la Universidad Aut\u00f3noma del Estado de M\u00e9xico (UAEM), Rosmery Becerril Contreras, ingres\u00f3 a su primer empleo formal luego de haber culminado sus estudios de nivel superior.<\/p>\n<p>En entrevista, mencion\u00f3 que en redes sociales se acerc\u00f3 al perfil \u201cMercado Laboral UAEM\u00e9x\u201d, donde se enter\u00f3 del SUE, \u201cuna plataforma sencilla y amigable donde te piden datos personales, experiencia acad\u00e9mica y, si es el caso, experiencia laboral\u201d.<\/p>\n<p>Consider\u00f3 que es una buena herramienta que le puede servir a muchas personas para acercarse a su primera experiencia laboral. \u201cSi nunca has trabajado y te preguntas por d\u00f3nde puedes iniciar, el SUE es una v\u00eda para desarrollarte profesionalmente\u201d.<\/p>\n<p>Una vez dentro, dijo, tienes la posibilidad de buscar empleos de acuerdo con el \u00e1rea de conocimiento en la que est\u00e9s especializado. Tambi\u00e9n puedes buscar por palabras clave y dejar abierto tu curr\u00edculum para que cualquier empleador tenga la posibilidad de verlo.<\/p>\n<p>Indic\u00f3 que luego de enviar su curr\u00edculum la contactaron una semana despu\u00e9s para realizarle una entrevista y a los tres d\u00edas se incorpor\u00f3 a su actual lugar de trabajo.<\/p>\n<p>Rosmery labora como gerente de finanzas en una hipotecaria que ayuda a la poblaci\u00f3n en general a solicitar cr\u00e9ditos con cualquier instituci\u00f3n. Tiene a su cargo las cuentas por cobrar y pagar, as\u00ed como la n\u00f3mina.<\/p>\n<p>La universitaria refiri\u00f3 que los conocimientos que adquiri\u00f3 a lo largo de su formaci\u00f3n profesional resultaron claves para desenvolverse adecuadamente en su lugar de trabajo. \u201cLas materias optativas que decid\u00ed cursar son las que ahorita me est\u00e1n sirviendo\u201d.<\/p>\n<p>Rosmery Becerril ingres\u00f3 a laborar dos semanas antes de que iniciara el confinamiento por la pandemia. \u201cAprend\u00ed a trabajar en la nueva normalidad, a veces me toca estar en casa y otras en la oficina. Fue un reto, pero lo he podido afrontar\u201d.<\/p>\n<p>Manifest\u00f3 que el modelo h\u00edbrido de trabajo le ha dado la posibilidad de ser m\u00e1s productiva y enfocarse en proyectos personales. \u201cTe da la posibilidad de distribuir tu tiempo de la forma que m\u00e1s te convenga\u201d.<\/p>\n","protected":false},"excerpt":{"rendered":"<p>Gracias al Servicio Universitario de Empleo (SUE), la egresada de la Facultad de Contadur\u00eda y Administraci\u00f3n de la Universidad Aut\u00f3noma del Estado de M\u00e9xico (UAEM), Rosmery Becerril Contreras, ingres\u00f3 a su primer empleo formal luego de haber culminado sus estudios de nivel superior.<\/p>\n","protected":false},"author":3,"featured_media":533028,"comment_status":"open","ping_status":"open","sticky":false,"template":"","format":"standard","meta":{"_monsterinsights_skip_tracking":false,"_monsterinsights_sitenote_active":false,"_monsterinsights_sitenote_note":"","_monsterinsights_sitenote_category":0,"footnotes":""},"categories":[5],"tags":[43675,94389,452,1491],"class_list":["post-532898","post","type-post","status-publish","format-standard","has-post-thumbnail","hentry","category-estado-de-mexico","tag-estado-de-mexico","tag-experiencia-laboralo","tag-toluca","tag-uaem"],"_links":{"self":[{"href":"https:\/\/www.diarioimagen.net\/index.php?rest_route=\/wp\/v2\/posts\/532898","targetHints":{"allow":["GET"]}}],"collection":[{"href":"https:\/\/www.diarioimagen.net\/index.php?rest_route=\/wp\/v2\/posts"}],"about":[{"href":"https:\/\/www.diarioimagen.net\/index.php?rest_route=\/wp\/v2\/types\/post"}],"author":[{"embeddable":true,"href":"https:\/\/www.diarioimagen.net\/index.php?rest_route=\/wp\/v2\/users\/3"}],"replies":[{"embeddable":true,"href":"https:\/\/www.diarioimagen.net\/index.php?rest_route=%2Fwp%2Fv2%2Fcomments&post=532898"}],"version-history":[{"count":0,"href":"https:\/\/www.diarioimagen.net\/index.php?rest_route=\/wp\/v2\/posts\/532898\/revisions"}],"wp:featuredmedia":[{"embeddable":true,"href":"https:\/\/www.diarioimagen.net\/index.php?rest_route=\/wp\/v2\/media\/533028"}],"wp:attachment":[{"href":"https:\/\/www.diarioimagen.net\/index.php?rest_route=%2Fwp%2Fv2%2Fmedia&parent=532898"}],"wp:term":[{"taxonomy":"category","embeddable":true,"href":"https:\/\/www.diarioimagen.net\/index.php?rest_route=%2Fwp%2Fv2%2Fcategories&post=532898"},{"taxonomy":"post_tag","embeddable":true,"href":"https:\/\/www.diarioimagen.net\/index.php?rest_route=%2Fwp%2Fv2%2Ftags&post=532898"}],"curies":[{"name":"wp","href":"https:\/\/api.w.org\/{rel}","templated":true}]}}