{"id":532933,"date":"2022-01-21T00:01:50","date_gmt":"2022-01-21T06:01:50","guid":{"rendered":"https:\/\/www.diarioimagen.net\/?p=532933"},"modified":"2022-01-23T21:41:48","modified_gmt":"2022-01-24T03:41:48","slug":"desafiando-la-expansion-del-omicron-los-reyes-de-espana-inauguran-la-fitur-2022","status":"publish","type":"post","link":"https:\/\/www.diarioimagen.net\/?p=532933","title":{"rendered":"Desafiando la expansi\u00f3n del \u00d3micron, los Reyes de Espa\u00f1a, inauguran la Fitur 2022"},"content":{"rendered":"<h2>De cinco estrellas<\/h2>\n<h5>Victoria Gonz\u00e1lez Prado<\/h5>\n<p>&nbsp;<\/p>\n<ul>\n<li><strong><em>La <\/em>online<em> Ya Vas firm\u00f3 acuerdo con BWH Hotel Group para ofrecer excelentes tarifas<\/em><\/strong><\/li>\n<li><strong><em>Inici\u00f3 el <\/em>Sundance Film Festival<em>, en Park City, concluye el 30 de enero <\/em><\/strong><\/li>\n<li><strong>Hard Rock<em> estrenar\u00e1 hotel dentro de b\u00fanker de la Segunda Guerra Mundial<\/em><\/strong><\/li>\n<\/ul>\n<p>&nbsp;<\/p>\n<div id=\"attachment_533015\" style=\"width: 470px\" class=\"wp-caption aligncenter\"><img loading=\"lazy\" decoding=\"async\" aria-describedby=\"caption-attachment-533015\" class=\"size-full wp-image-533015\" src=\"https:\/\/www.diarioimagen.net\/wp-content\/uploads\/2022\/01\/turismo-9.jpg\" alt=\"\" width=\"460\" height=\"270\" \/><p id=\"caption-attachment-533015\" class=\"wp-caption-text\">En la inauguraci\u00f3n de la Fitur.<\/p><\/div>\n<p>&nbsp;<\/p>\n<p>Los Reyes de Espa\u00f1a <strong>Felipe<\/strong> y <strong>Letizia<\/strong>, apoyan al turismo al acudir a la inauguraci\u00f3n de la 42 Feria Internacional de Turismo, Fitur 2022, la expo que desaf\u00eda la expansi\u00f3n de la variante \u00d3micron por Espa\u00f1a, apuesta por su recuperaci\u00f3n, luego de que el sector tur\u00edstico ha sido la industria m\u00e1s perjudicada por la crisis del coronavirus, con p\u00e9rdidas de millones de empleos en todo el mundo.<\/p>\n<p>La Fitur cuenta con estrictas medidas de seguridad entre las que es obligatorio llevar pasaporte Covid y utilizar mascarilla FFP2.<\/p>\n<p>En esta versi\u00f3n hay 6 mil 933 participantes con presencia en empresas de 107 pa\u00edses y la novedad en esta edici\u00f3n es el nuevo espacio dedicado a los cruceros. Durante el recorrido, los Reyes estuvieron acompa\u00f1ados por la ministra de Industria, Comercio y Turismo, <strong>Reyes Maroto<\/strong>; la presidenta de la Comunidad de Madrid, <strong>Isabel D\u00edaz Ayuso<\/strong>; el alcalde de Madrid, <strong>Jos\u00e9 Luis Mart\u00ednez Almeida<\/strong> y los presidentes del Congreso y Senado, <strong>Meritxell Batet<\/strong>, y <strong>Andre Gil<\/strong>.<\/p>\n<p>La visita de los Reyes fue m\u00e1s extensa que en 2021 y visitaron mucho m\u00e1s pabellones y stands, entre ellos el de Madrid y el de Galicia que celebra a\u00f1o santo Xacobeo. Tambi\u00e9n el de Canarias, destino predilecto duranta el invierno.<\/p>\n<p>El recorrido concluy\u00f3 en el pabell\u00f3n 3, dedicado a los pa\u00edses de Am\u00e9rica. En \u00e9l, los Reyes, visitaron Rep\u00fablica Dominicana, pa\u00eds socio de la Fitur, donde fueron recibidos con m\u00fasica y bailes t\u00edpicos.<\/p>\n<p>\u2730\u2730\u2730\u2730\u2730 La agencia de viajes Ya Vas, de Volaris, anunci\u00f3 acuerdo con la cadena hotelera mundial <em>BWH Hotel Group,<\/em> que integra a las compa\u00f1\u00edas <em>Best Western, World Hotels<\/em> y <em>Sure Stay<\/em>, as\u00ed la <em>online <\/em>y el consorcio hotelero otorgar\u00e1n tarifas preferentes, con las que se podr\u00e1 ampliar la oferta de ambas firmas, impulsar la recuperaci\u00f3n del sector y reforzar el posicionamiento de ambas empresas ante sus clientes..<\/p>\n<p><strong>Omar Carrera M\u00e1rquez<\/strong>, director de Ya Vas, dijo: \u201cseguimos trabajando por incorporar a nuestra red a las mejores cadenas hoteleras para que nuestros clientes cuenten con las mejores opciones y precios. Este acuerdo nos permite continuar ayudando a la recuperaci\u00f3n del sector tur\u00edstico, impactando positivamente en todas las comunidades donde operamos\u201d.<\/p>\n<p>La cadena hotelera tiene red global para cada segmento, con presencia en m\u00e1s de 100 pa\u00edses alrededor del mundo y diferentes ofertas para los viajeros. Esta alianza incrementa el cat\u00e1logo de opciones para la <em>online,<\/em> a trav\u00e9s de tarifas preferenciales en vuelos y destinos donde opera Volaris.<\/p>\n<p><strong>Karen Schmidt<\/strong>, directora asociada de ls cadena hotelera indic\u00f3: \u201cesta alianza permitir\u00e1 una excelente sinergia entre nuevos hoteles en Estados Unidos, M\u00e9xico, Centroam\u00e9rica y Sudam\u00e9rica con las rutas operadas por Volaris\u201d.<\/p>\n<p>Ya Vas es la \u00fanica agencia de viajes <em>online<\/em> que, ofrece vuelo+hotel e incluye equipaje en cada uno de sus destinos tur\u00edsticos y brinda, de manera opcional, #YaVasAsegurado, plan de seguro de viajes para dar cobertura a imprevistos.<\/p>\n<p>\u2730\u2730\u2730\u2730\u2730 <em>Indiana Jones<\/em> (1989), <em>High School Musical<\/em> (2006), Thelma and Louise (1991) y 2001: Odisea del espacio (1968) son solo algunos de los t\u00edtulos con escenas filmadas en el estado Utha y Park City, en la Uni\u00f3n Americana. M\u00e1s de 900 pel\u00edculas se han filmado en el estado que cuenta con gran diversidad natural y peculiares construcciones que atraen a cientos de artistas y directores de cine.<\/p>\n<p>Park City, no se queda atr\u00e1s. Adem\u00e1s de ser conocido como el lugar con \u201cla mejor nieve del mundo\u201d, ha sido el set de filmaci\u00f3n de pel\u00edculas como <em>Hereditary<\/em> (2018), <em>Halloween 5<\/em> (1989), <em>Dumb and Dumber<\/em> (1994) y <em>The Boogens<\/em> (1981).<\/p>\n<p>Ahora en Park City se realiza el <em>Sundance Film Festival<\/em> desde el pasado mi\u00e9rcoles y hasta el 30 de enero y podr\u00e1s disfrutar de las nuevas propuestas cinematogr\u00e1ficas.<\/p>\n<p>\u00bfQuieres experimentar el cine de forma diferente? Disfruta de esta peculiar proyecci\u00f3n de pel\u00edculas bajo las estrellas en pantalla inflable gigante que <em>Canyons Village<\/em> tiene preparada para ti.<\/p>\n<p>Si lo tuyo es la onda independiente, tienes que visitar <em>Park City Film<\/em>, casa de arte, sin fines de lucro donde podr\u00e1s disfrutar interesante selecci\u00f3n de pel\u00edculas independientes y documentales durante todo el a\u00f1o en sala con la mejor calidad de sonido e imagen.<\/p>\n<p>El auditorio de Park City, edificio de m\u00e1s de 100 a\u00f1os, se ha vuelto emblema del <em>Sundance Film Fes<\/em>tival y es el lugar para presentar los espect\u00e1culos de m\u00fasica, comedia y <em>performance<\/em> m\u00e1s populares del momento<\/p>\n<p>Recuerda que en esta pandemia los mejores lugares para vacacionar son los que te ofrecen actividades al aire libre. En Park City hay muchos kil\u00f3metros de pistas y caminos para divertirte sin poner en peligro tu salud y puedes consultar en el sitio <em>web:<\/em> https:\/\/www.visitparkcity.com\/covid-19\/ todas las medidas que la ciudad implementa para garantizar espacios seguros y agradables para los hu\u00e9spedes.<\/p>\n<p>\u2730\u2730\u2730\u2730\u2730 Durante el primer semestre de este 2022, abrir\u00e1 el <em>Reverb Hotel <\/em>de Hamburgo, Alemania, primer establecimiento europeo de la marca <em>Reverb by Hard Rock Hotel <\/em>que se ubicar\u00e1 en los pisos superiores del B\u00fanker de St. Pauli, construido en 1942 y en el que decenas de miles de ciudadanos se protegieron contra los ataques a\u00e9reos de los aliados.<\/p>\n<p>El inmueble pertenece a la ciudad, por lo que el hotel opera bajo contrato de gesti\u00f3n a largo plazo. La empresa germana <em>RIMC Hotels &amp; Resorts Group<\/em> eligi\u00f3 comercializar el establecimiento bajo la marca <em>Reverb by Hard Rock. <\/em><\/p>\n<p>Contar\u00e1<em> con <\/em>134 habitaciones incluyendo dobles y grupales con literas y estancias especiales. Tambi\u00e9n cuenta con sala de <em>karaoke <\/em>y planea salas que ofrecer\u00e1n eventos culturales que deber\u00e1n ser accesibles para hu\u00e9spedes, residentes en Hamburgo y otros viajeros. En la parte inferior del b\u00fanker habr\u00e1 locales comerciales.<\/p>\n<p>El hotel es la nueva marca de <em>Hard Rock Hotels &amp; Casinos<\/em>, al momento tiene un hotel en Atlanta, Georgia, Estados Unidos. Su matriz suma 37 complejos hoteleros a lo largo del mundo.<\/p>\n<p>&nbsp;<\/p>\n<blockquote>\n<p style=\"text-align: right;\">\u201c<strong>El<\/strong> <strong>\u00e1ngel de la fama tiene sus alas hechas de papel&#8230; peri\u00f3dico\u201d.<br \/>\n<\/strong><\/p>\n<\/blockquote>\n<p>&nbsp;<\/p>\n<p><em><span class=\"Apple-converted-space\"><a href=\"mailto:victoriagprado@gmail.com\" target=\"_blank\" rel=\"noopener noreferrer\">victoriagprado@gmail.com<\/a><br \/>\nTwitter: <a href=\"https:\/\/twitter.com\/victoriagprado\" target=\"_blank\" rel=\"noopener noreferrer\">@victoriagprado<\/a><\/span><\/em><\/p>\n","protected":false},"excerpt":{"rendered":"<p>Los Reyes de Espa\u00f1a <strong>Felipe<\/strong> y <strong>Letizia<\/strong>, apoyan al turismo al acudir a la inauguraci\u00f3n de la 42 Feria Internacional de Turismo, Fitur 2022, la expo que desaf\u00eda la expansi\u00f3n de la variante \u00d3micron por Espa\u00f1a, apuesta por su recuperaci\u00f3n, luego de que el sector tur\u00edstico ha sido la industria m\u00e1s perjudicada por la crisis del coronavirus, con p\u00e9rdidas de millones de empleos en todo el mundo.<\/p>\n","protected":false},"author":3,"featured_media":533015,"comment_status":"open","ping_status":"open","sticky":false,"template":"","format":"standard","meta":{"_monsterinsights_skip_tracking":false,"_monsterinsights_sitenote_active":false,"_monsterinsights_sitenote_note":"","_monsterinsights_sitenote_category":0,"footnotes":""},"categories":[11],"tags":[107,43674,43681,106],"class_list":["post-532933","post","type-post","status-publish","format-standard","has-post-thumbnail","hentry","category-turismo","tag-de-cinco-estrellas","tag-opinion","tag-turismo","tag-victoria-gonzalez-prado"],"_links":{"self":[{"href":"https:\/\/www.diarioimagen.net\/index.php?rest_route=\/wp\/v2\/posts\/532933","targetHints":{"allow":["GET"]}}],"collection":[{"href":"https:\/\/www.diarioimagen.net\/index.php?rest_route=\/wp\/v2\/posts"}],"about":[{"href":"https:\/\/www.diarioimagen.net\/index.php?rest_route=\/wp\/v2\/types\/post"}],"author":[{"embeddable":true,"href":"https:\/\/www.diarioimagen.net\/index.php?rest_route=\/wp\/v2\/users\/3"}],"replies":[{"embeddable":true,"href":"https:\/\/www.diarioimagen.net\/index.php?rest_route=%2Fwp%2Fv2%2Fcomments&post=532933"}],"version-history":[{"count":0,"href":"https:\/\/www.diarioimagen.net\/index.php?rest_route=\/wp\/v2\/posts\/532933\/revisions"}],"wp:featuredmedia":[{"embeddable":true,"href":"https:\/\/www.diarioimagen.net\/index.php?rest_route=\/wp\/v2\/media\/533015"}],"wp:attachment":[{"href":"https:\/\/www.diarioimagen.net\/index.php?rest_route=%2Fwp%2Fv2%2Fmedia&parent=532933"}],"wp:term":[{"taxonomy":"category","embeddable":true,"href":"https:\/\/www.diarioimagen.net\/index.php?rest_route=%2Fwp%2Fv2%2Fcategories&post=532933"},{"taxonomy":"post_tag","embeddable":true,"href":"https:\/\/www.diarioimagen.net\/index.php?rest_route=%2Fwp%2Fv2%2Ftags&post=532933"}],"curies":[{"name":"wp","href":"https:\/\/api.w.org\/{rel}","templated":true}]}}