{"id":532962,"date":"2022-01-21T00:02:48","date_gmt":"2022-01-21T06:02:48","guid":{"rendered":"https:\/\/www.diarioimagen.net\/?p=532962"},"modified":"2022-01-21T06:14:21","modified_gmt":"2022-01-21T12:14:21","slug":"queda-instalada-la-comision-transitoria-para-elaborar-el-bando-municipal-2022-de-cuautitlan-izcalli","status":"publish","type":"post","link":"https:\/\/www.diarioimagen.net\/?p=532962","title":{"rendered":"Queda instalada la Comisi\u00f3n Transitoria para elaborar el Bando Municipal 2022 de Cuautitl\u00e1n Izcalli"},"content":{"rendered":"<p>&nbsp;<\/p>\n<ul>\n<li><strong><em>Para respetar los derechos humanos de la ciudadan\u00eda<\/em><\/strong><\/li>\n<\/ul>\n<p>&nbsp;<\/p>\n<div id=\"attachment_533054\" style=\"width: 470px\" class=\"wp-caption aligncenter\"><a href=\"https:\/\/www.diarioimagen.net\/?attachment_id=533054\" rel=\"attachment wp-att-533054\"><img loading=\"lazy\" decoding=\"async\" aria-describedby=\"caption-attachment-533054\" class=\"size-full wp-image-533054\" src=\"https:\/\/www.diarioimagen.net\/wp-content\/uploads\/2022\/01\/izcalli-6.jpg\" alt=\"\" width=\"460\" height=\"270\" \/><\/a><p id=\"caption-attachment-533054\" class=\"wp-caption-text\">La presidenta municipal Karla Leticia Fiesco Garc\u00eda realiz\u00f3 la presentaci\u00f3n y exposici\u00f3n del proyecto del Bando Municipal en cumplimiento a las leyes generales y estatales.<\/p><\/div>\n<p>&nbsp;<\/p>\n<p><strong>Cuautitl\u00e1n Izcalli, Estado de M\u00e9xico.\u2014<\/strong> Con la finalidad de proteger y respetar los derechos humanos de los izcallenses y crear condiciones de desarrollo para todas y todos, se instal\u00f3 la primera sesi\u00f3n de la Comisi\u00f3n Transitoria para el Estudio, Examen, Dictamen y Propuesta al Ayuntamiento del Bando Municipal 2022, la cual se declar\u00f3 permanente para continuar con los trabajos.<\/p>\n<p>En un importante punto del orden del d\u00eda, la presidenta municipal, Karla Leticia Fiesco Garc\u00eda, realiz\u00f3 la presentaci\u00f3n y exposici\u00f3n del proyecto del Bando Municipal en cumplimiento a las leyes generales y estatales para generar las bases de los procedimientos administrativos del Plan de Desarrollo Municipal.<\/p>\n<p>Se\u00f1al\u00f3 que \u201cse busca implementar un lenguaje incluyente, accesible y com\u00fan para los ciudadanos, generar acciones a favor de las mujeres y la promoci\u00f3n de la equidad de g\u00e9nero, fomentar el trato igualitario entre hombres y mujeres, as\u00ed como prevenir, atender y erradicar la violencia de g\u00e9nero, priorizar la protecci\u00f3n integral de los derechos de las ni\u00f1as, ni\u00f1os y adolescentes, tener responsabilidad de la custodia de los animales dom\u00e9sticos y la denuncia al maltrato animal\u201d, dijo.<\/p>\n<p>En el mismo sentido, mencion\u00f3 que \u201cse debe reconocer que en nuestras manos est\u00e1 tomar esas decisiones que permitan mejorar la calidad de vida de las personas y tener un ejercicio de paz ciudadana que tanto requiere el municipio, lo cual va a incidir en los resultados que tengamos en materia de seguridad, prevenci\u00f3n del delito y en tener un mejor espacio social para todas las familias izcallenses\u201d, finaliz\u00f3.<\/p>\n","protected":false},"excerpt":{"rendered":"<p>Con la finalidad de proteger y respetar los derechos humanos de los izcallenses y crear condiciones de desarrollo para todas y todos, se instal\u00f3 la primera sesi\u00f3n de la Comisi\u00f3n Transitoria para el Estudio, Examen, Dictamen y Propuesta al Ayuntamiento del Bando Municipal 2022, la cual se declar\u00f3 permanente para continuar con los trabajos.<\/p>\n","protected":false},"author":3,"featured_media":533054,"comment_status":"open","ping_status":"open","sticky":false,"template":"","format":"standard","meta":{"_monsterinsights_skip_tracking":false,"_monsterinsights_sitenote_active":false,"_monsterinsights_sitenote_note":"","_monsterinsights_sitenote_category":0,"footnotes":""},"categories":[5],"tags":[48409,971,43675,94402],"class_list":["post-532962","post","type-post","status-publish","format-standard","has-post-thumbnail","hentry","category-estado-de-mexico","tag-bando-municipal","tag-cuautitlan-izcalli","tag-estado-de-mexico","tag-instalada"],"_links":{"self":[{"href":"https:\/\/www.diarioimagen.net\/index.php?rest_route=\/wp\/v2\/posts\/532962","targetHints":{"allow":["GET"]}}],"collection":[{"href":"https:\/\/www.diarioimagen.net\/index.php?rest_route=\/wp\/v2\/posts"}],"about":[{"href":"https:\/\/www.diarioimagen.net\/index.php?rest_route=\/wp\/v2\/types\/post"}],"author":[{"embeddable":true,"href":"https:\/\/www.diarioimagen.net\/index.php?rest_route=\/wp\/v2\/users\/3"}],"replies":[{"embeddable":true,"href":"https:\/\/www.diarioimagen.net\/index.php?rest_route=%2Fwp%2Fv2%2Fcomments&post=532962"}],"version-history":[{"count":0,"href":"https:\/\/www.diarioimagen.net\/index.php?rest_route=\/wp\/v2\/posts\/532962\/revisions"}],"wp:featuredmedia":[{"embeddable":true,"href":"https:\/\/www.diarioimagen.net\/index.php?rest_route=\/wp\/v2\/media\/533054"}],"wp:attachment":[{"href":"https:\/\/www.diarioimagen.net\/index.php?rest_route=%2Fwp%2Fv2%2Fmedia&parent=532962"}],"wp:term":[{"taxonomy":"category","embeddable":true,"href":"https:\/\/www.diarioimagen.net\/index.php?rest_route=%2Fwp%2Fv2%2Fcategories&post=532962"},{"taxonomy":"post_tag","embeddable":true,"href":"https:\/\/www.diarioimagen.net\/index.php?rest_route=%2Fwp%2Fv2%2Ftags&post=532962"}],"curies":[{"name":"wp","href":"https:\/\/api.w.org\/{rel}","templated":true}]}}