{"id":533291,"date":"2022-01-24T00:05:23","date_gmt":"2022-01-24T06:05:23","guid":{"rendered":"https:\/\/www.diarioimagen.net\/?p=533291"},"modified":"2022-01-24T23:31:22","modified_gmt":"2022-01-25T05:31:22","slug":"selecciona-banxico-a-estudiantes-de-la-uaemex-como-enlaces-universitarios","status":"publish","type":"post","link":"https:\/\/www.diarioimagen.net\/?p=533291","title":{"rendered":"Selecciona Banxico a estudiantes de la UAEM\u00e9x como enlaces universitarios"},"content":{"rendered":"<p><em>\u00a0<\/em><\/p>\n<ul>\n<li><strong><em>Uno de sus objetivos es aprender sobre el funcionamiento del Banco de M\u00e9xico y compartir estos conocimientos con la comunidad estudiantil de la instituci\u00f3n educativa o facultad en la que se encuentren inscritos<\/em><\/strong><\/li>\n<\/ul>\n<p>&nbsp;<\/p>\n<div id=\"attachment_533393\" style=\"width: 470px\" class=\"wp-caption aligncenter\"><a href=\"https:\/\/www.diarioimagen.net\/wp-content\/uploads\/2022\/01\/uaem-15.jpg\"><img loading=\"lazy\" decoding=\"async\" aria-describedby=\"caption-attachment-533393\" class=\"size-full wp-image-533393\" src=\"https:\/\/www.diarioimagen.net\/wp-content\/uploads\/2022\/01\/uaem-15.jpg\" alt=\"\" width=\"460\" height=\"270\" \/><\/a><p id=\"caption-attachment-533393\" class=\"wp-caption-text\">Siete estudiantes de la UAEM\u00e9x fueron seleccionados como parte de la Generaci\u00f3n 2022 del Programa Enlaces Universitarios Banxico.<\/p><\/div>\n<p>&nbsp;<\/p>\n<p><strong>Toluca, Estado de M\u00e9xico.\u2014<\/strong> Por su destacado desempe\u00f1o acad\u00e9mico e inter\u00e9s para que la comprensi\u00f3n de las finanzas p\u00fablicas llegue a todos los sectores de la sociedad para una mejor toma de decisiones, siete estudiantes de la Universidad Aut\u00f3noma del Estado de M\u00e9xico (UAEM\u00e9x) fueron seleccionados por el Banco de M\u00e9xico para ser parte de la Generaci\u00f3n 2022 del programa \u201cEnlaces Universitarios Banxico\u201d.<\/p>\n<p>Los estudiantes seleccionados pertenecen a distintas \u00e1reas del conocimiento: Maricarmen Isela Ortega Castro, de la Licenciatura en Contadur\u00eda del Centro Universitario UAEM\u00e9x Ecatepec; Gerardo Nazaret Reyes Gonz\u00e1lez, de Licenciatura en Administraci\u00f3n de Empresas; Jojairo Garc\u00eda D\u00edaz, de Mercadotecnia, y Miguel \u00c1ngel L\u00f3pez Ju\u00e1rez, de la Facultad de Contadur\u00eda y Administraci\u00f3n.<\/p>\n<p>Asimismo, de la Facultad de Econom\u00eda fueron seleccionadas Daniela Carmona Ayala, de la Licenciatura en Econom\u00eda, y Gabriela Fuentes Zald\u00edvar, de Actuar\u00eda; mientras que de la Facultad de Planeaci\u00f3n Urbana y Regional, de la Licenciatura en Planeaci\u00f3n Territorial, Sergio Uriel Gil Vargas.<\/p>\n<p>Los \u201cEnlaces Universitarios Banxico\u201d tienen como objetivo aprender sobre el funcionamiento de dicha instituci\u00f3n y compartir estos conocimientos con la comunidad estudiantil de la instituci\u00f3n educativa o facultad en la que se encuentran inscritos.<\/p>\n<p>Al respecto, Gil Vargas comparti\u00f3 que desde su \u00e1rea de estudio -Planeaci\u00f3n Territorial- aprender\u00e1 sobre los indicadores y variables que impactan en los proyectos que se desarrollan en su rubro y podr\u00e1 replicarlos entre los integrantes de su Facultad. \u201cEl objetivo del Banco de M\u00e9xico con esta convocatoria es educar a la poblaci\u00f3n en cuestiones financieras, econ\u00f3micas o pol\u00edticas, as\u00ed como a manejar sus finanzas\u201d, apunt\u00f3.<\/p>\n<p>Durante el 2022 los universitarios seleccionados ser\u00e1n capacitados por el Banco de M\u00e9xico, adem\u00e1s de tener interacci\u00f3n virtual o presencial con m\u00e1s \u201cEnlaces Universitarios Banxico\u201d y acercamiento con personal de la instituci\u00f3n. Adem\u00e1s, participar\u00e1n en su rol de enlace en actividades dentro de la UAEM\u00e9x.<\/p>\n<p>Tambi\u00e9n podr\u00e1n ser part\u00edcipes de la estrategia de redes sociales de Banxico Educa, suscribirse al sistema de informaci\u00f3n y a las redes sociales del Banco de M\u00e9xico.<\/p>\n","protected":false},"excerpt":{"rendered":"<p>Por su destacado desempe\u00f1o acad\u00e9mico e inter\u00e9s para que la comprensi\u00f3n de las finanzas p\u00fablicas llegue a todos los sectores de la sociedad para una mejor toma de decisiones, siete estudiantes de la Universidad Aut\u00f3noma del Estado de M\u00e9xico (UAEM\u00e9x) fueron seleccionados por el Banco de M\u00e9xico para ser parte de la Generaci\u00f3n 2022 del programa \u201cEnlaces Universitarios Banxico\u201d.<\/p>\n","protected":false},"author":3,"featured_media":533393,"comment_status":"open","ping_status":"open","sticky":false,"template":"","format":"standard","meta":{"_monsterinsights_skip_tracking":false,"_monsterinsights_sitenote_active":false,"_monsterinsights_sitenote_note":"","_monsterinsights_sitenote_category":0,"footnotes":""},"categories":[5],"tags":[1519,43675,452,1491],"class_list":["post-533291","post","type-post","status-publish","format-standard","has-post-thumbnail","hentry","category-estado-de-mexico","tag-banxico","tag-estado-de-mexico","tag-toluca","tag-uaem"],"_links":{"self":[{"href":"https:\/\/www.diarioimagen.net\/index.php?rest_route=\/wp\/v2\/posts\/533291","targetHints":{"allow":["GET"]}}],"collection":[{"href":"https:\/\/www.diarioimagen.net\/index.php?rest_route=\/wp\/v2\/posts"}],"about":[{"href":"https:\/\/www.diarioimagen.net\/index.php?rest_route=\/wp\/v2\/types\/post"}],"author":[{"embeddable":true,"href":"https:\/\/www.diarioimagen.net\/index.php?rest_route=\/wp\/v2\/users\/3"}],"replies":[{"embeddable":true,"href":"https:\/\/www.diarioimagen.net\/index.php?rest_route=%2Fwp%2Fv2%2Fcomments&post=533291"}],"version-history":[{"count":0,"href":"https:\/\/www.diarioimagen.net\/index.php?rest_route=\/wp\/v2\/posts\/533291\/revisions"}],"wp:featuredmedia":[{"embeddable":true,"href":"https:\/\/www.diarioimagen.net\/index.php?rest_route=\/wp\/v2\/media\/533393"}],"wp:attachment":[{"href":"https:\/\/www.diarioimagen.net\/index.php?rest_route=%2Fwp%2Fv2%2Fmedia&parent=533291"}],"wp:term":[{"taxonomy":"category","embeddable":true,"href":"https:\/\/www.diarioimagen.net\/index.php?rest_route=%2Fwp%2Fv2%2Fcategories&post=533291"},{"taxonomy":"post_tag","embeddable":true,"href":"https:\/\/www.diarioimagen.net\/index.php?rest_route=%2Fwp%2Fv2%2Ftags&post=533291"}],"curies":[{"name":"wp","href":"https:\/\/api.w.org\/{rel}","templated":true}]}}