{"id":533293,"date":"2022-01-24T00:01:59","date_gmt":"2022-01-24T06:01:59","guid":{"rendered":"https:\/\/www.diarioimagen.net\/?p=533293"},"modified":"2022-01-23T22:49:52","modified_gmt":"2022-01-24T04:49:52","slug":"el-31-de-enero-inicia-aplicacion-de-refuerzo-anti-covid-para-los-de-40-a-49-anos-en-cdmx","status":"publish","type":"post","link":"https:\/\/www.diarioimagen.net\/?p=533293","title":{"rendered":"El 31 de enero inicia aplicaci\u00f3n de refuerzo anti-Covid para los de 40 a 49 a\u00f1os en CDMX"},"content":{"rendered":"<p>&nbsp;<\/p>\n<ul>\n<li><strong><em>Llamado a rezagados a cumplir con esquemas<\/em><\/strong><\/li>\n<\/ul>\n<p>&nbsp;<\/p>\n<div id=\"attachment_533396\" style=\"width: 470px\" class=\"wp-caption aligncenter\"><a href=\"https:\/\/www.diarioimagen.net\/wp-content\/uploads\/2022\/01\/refuerzo-vacuna.jpg\"><img loading=\"lazy\" decoding=\"async\" aria-describedby=\"caption-attachment-533396\" class=\"size-full wp-image-533396\" src=\"https:\/\/www.diarioimagen.net\/wp-content\/uploads\/2022\/01\/refuerzo-vacuna.jpg\" alt=\"\" width=\"460\" height=\"270\" \/><\/a><p id=\"caption-attachment-533396\" class=\"wp-caption-text\">A partir del lunes 31 de enero comenzar\u00e1 la aplicaci\u00f3n del refuerzo de vacuna contra Covid-19 en personas de 40 a 49 a\u00f1os que tengan su esquema completo.<\/p><\/div>\n<p>&nbsp;<\/p>\n<p>Del lunes 31 de enero al s\u00e1bado 5 de febrero se aplicar\u00e1 la vacuna de refuerzo contra Covid-19 a 1.2 millones de personas de 40 a 49 a\u00f1os, con al menos 5 meses de aplicada su \u00faltima dosis, anunci\u00f3 el Gobierno de la Ciudad de M\u00e9xico.<\/p>\n<p>Actualmente, se aplica el refuerzo a personas de 50 a\u00f1os y m\u00e1s y se sigue ofreciendo la dosis para personas rezagadas, ya que contar con la inmunidad reduce la posibilidad de desarrollar enfermedad grave de Covid-19.<\/p>\n<p>Para la aplicaci\u00f3n de refuerzo, las personas de este rango de edad, que son 1.2 millones, deber\u00e1n registrarse en la p\u00e1gina Mi Vacuna para imprimir el formato correspondiente.<\/p>\n<p>El gobierno capitalino tambi\u00e9n hizo un llamado a las personas rezagadas para que acudan a cualquier sede a fin de completar sus dosis, ya que de acuerdo con las cifras, 83% de los hospitalizados por Covid-19 no ten\u00edan esquema completo.<\/p>\n<p>Eduardo Clark, titular de la Agencia Digital de Innovaci\u00f3n P\u00fablica de la CDMX, dijo que las fechas y sedes para el refuerzo en dicho grupo de edad son las siguientes:<\/p>\n<p><strong>Fechas:<\/strong><\/p>\n<p>\u00ac A, B: Lunes 31 de enero<br \/>\n\u00ac C, D, E, F: martes 1 de febrero<br \/>\n\u00ac G, H, I, J: mi\u00e9rcoles 2 de febrero<br \/>\n\u00ac K, L, M, N, \u00d1: jueves 3 de febrero<br \/>\n\u00ac O, P, Q, R: viernes 4 de febrero<br \/>\n\u00ac S, T, U, V, W, X, Y, Z: s\u00e1bado 5 de febrero.<\/p>\n<p><strong>Sedes:<\/strong><\/p>\n<p>\u00ac Centro Cultural Jaime Torres Bodet del IPN: alcald\u00edas Gustavo A. Madero y Azcapotzalco<br \/>\n\u00ac Campo Marte: alcald\u00edas Miguel Hidalgo, \u00c1lvaro Obreg\u00f3n, Cuauht\u00e9moc, Cuajimalpa y Benito Ju\u00e1rez<br \/>\n\u00ac Sala de Armas, Ciudad Deportiva: Iztacalco, Venustiano Carranza, Cuauht\u00e9moc, Benito Ju\u00e1rez e Iztapalapa<br \/>\n\u00ac Palacio de los Deportes: Iztacalco, Venustiano Carranza, Cuauht\u00e9moc, Benito Ju\u00e1rez e Iztapalapa<br \/>\n\u00ac Centro de Estudios Cient\u00edficos y Tecnol\u00f3gicos N\u00ba7 \u201cCuauht\u00e9moc\u201d IPN (Voca #7): Iztapalapa.<br \/>\n\u00ac CENCIS Marina: Xochimilco, Tlalpan y Coyoac\u00e1n<br \/>\n\u00ac Instituto Nacional de Medicina Gen\u00f3mica (INMEGEN): Xochimilco, Tlalpan y Coyoac\u00e1n<br \/>\n\u00ac Estadio Ol\u00edmpico Universitario: Coyoac\u00e1n, Magdalena Contreras, \u00c1lvaro Obreg\u00f3n y Benito Ju\u00e1rez<br \/>\n\u00ac Unidad Habitacional Militar el Vergel: Iztapalapa, Tl\u00e1huac<br \/>\n\u00ac Deportiva Villa Milpa Alta: Milpa Alta, Xochimilco y Tl\u00e1huac.<\/p>\n","protected":false},"excerpt":{"rendered":"<p>Del lunes 31 de enero al s\u00e1bado 5 de febrero se aplicar\u00e1 la vacuna de refuerzo contra Covid-19 a 1.2 millones de personas de 40 a 49 a\u00f1os, con al menos 5 meses de aplicada su \u00faltima dosis, anunci\u00f3 el Gobierno de la Ciudad de M\u00e9xico.<\/p>\n","protected":false},"author":3,"featured_media":533396,"comment_status":"open","ping_status":"open","sticky":false,"template":"","format":"standard","meta":{"_monsterinsights_skip_tracking":false,"_monsterinsights_sitenote_active":false,"_monsterinsights_sitenote_note":"","_monsterinsights_sitenote_category":0,"footnotes":""},"categories":[6],"tags":[91936,34444,93839,4713],"class_list":["post-533293","post","type-post","status-publish","format-standard","has-post-thumbnail","hentry","category-cd-de-mexico","tag-anti-covid","tag-cdmx","tag-refuerzo","tag-vacuna"],"_links":{"self":[{"href":"https:\/\/www.diarioimagen.net\/index.php?rest_route=\/wp\/v2\/posts\/533293","targetHints":{"allow":["GET"]}}],"collection":[{"href":"https:\/\/www.diarioimagen.net\/index.php?rest_route=\/wp\/v2\/posts"}],"about":[{"href":"https:\/\/www.diarioimagen.net\/index.php?rest_route=\/wp\/v2\/types\/post"}],"author":[{"embeddable":true,"href":"https:\/\/www.diarioimagen.net\/index.php?rest_route=\/wp\/v2\/users\/3"}],"replies":[{"embeddable":true,"href":"https:\/\/www.diarioimagen.net\/index.php?rest_route=%2Fwp%2Fv2%2Fcomments&post=533293"}],"version-history":[{"count":0,"href":"https:\/\/www.diarioimagen.net\/index.php?rest_route=\/wp\/v2\/posts\/533293\/revisions"}],"wp:featuredmedia":[{"embeddable":true,"href":"https:\/\/www.diarioimagen.net\/index.php?rest_route=\/wp\/v2\/media\/533396"}],"wp:attachment":[{"href":"https:\/\/www.diarioimagen.net\/index.php?rest_route=%2Fwp%2Fv2%2Fmedia&parent=533293"}],"wp:term":[{"taxonomy":"category","embeddable":true,"href":"https:\/\/www.diarioimagen.net\/index.php?rest_route=%2Fwp%2Fv2%2Fcategories&post=533293"},{"taxonomy":"post_tag","embeddable":true,"href":"https:\/\/www.diarioimagen.net\/index.php?rest_route=%2Fwp%2Fv2%2Ftags&post=533293"}],"curies":[{"name":"wp","href":"https:\/\/api.w.org\/{rel}","templated":true}]}}