{"id":533316,"date":"2022-01-24T00:02:07","date_gmt":"2022-01-24T06:02:07","guid":{"rendered":"https:\/\/www.diarioimagen.net\/?p=533316"},"modified":"2022-01-23T23:07:05","modified_gmt":"2022-01-24T05:07:05","slug":"comienzan-trabajos-de-limpieza-en-la-presa-madin-en-atizapan-de-zaragoza","status":"publish","type":"post","link":"https:\/\/www.diarioimagen.net\/?p=533316","title":{"rendered":"Comienzan trabajos de limpieza en la Presa Mad\u00edn, en Atizap\u00e1n de Zaragoza"},"content":{"rendered":"<p>&nbsp;<\/p>\n<ul>\n<li><strong><em>Acciones del rescate integral del sitio<\/em><\/strong><\/li>\n<\/ul>\n<p>&nbsp;<\/p>\n<div id=\"attachment_533425\" style=\"width: 470px\" class=\"wp-caption aligncenter\"><a href=\"https:\/\/www.diarioimagen.net\/wp-content\/uploads\/2022\/01\/atizapan-11.jpg\"><img loading=\"lazy\" decoding=\"async\" aria-describedby=\"caption-attachment-533425\" class=\"size-full wp-image-533425\" src=\"https:\/\/www.diarioimagen.net\/wp-content\/uploads\/2022\/01\/atizapan-11.jpg\" alt=\"\" width=\"460\" height=\"270\" \/><\/a><p id=\"caption-attachment-533425\" class=\"wp-caption-text\">El alcalde Pedro Rodr\u00edguez Villegas, acompa\u00f1ado del Director SAPASA, Alfredo V\u00e1zquez Gonz\u00e1lez, supervis\u00f3 los trabajos de limpieza de la Presa Mad\u00edn.<\/p><\/div>\n<p>&nbsp;<\/p>\n<p><strong>Atizap\u00e1n, Estado de M\u00e9xico.\u2014<\/strong> El presidente municipal de Atizap\u00e1n de Zaragoza, Pedro Rodr\u00edguez Villegas, acompa\u00f1ado del Director SAPASA, Alfredo V\u00e1zquez Gonz\u00e1lez, supervis\u00f3 los trabajos de limpieza de la Presa Mad\u00edn.<\/p>\n<p>La limpieza y remoci\u00f3n de escombros forman parte de las acciones del rescate integral del sitio, las cuales, precis\u00f3 el Alcalde, se implementar\u00e1n permanentemente durante su Gesti\u00f3n.<\/p>\n<p>Inform\u00f3 tambi\u00e9n que su Gobierno pondr\u00e1 especial atenci\u00f3n en la identificaci\u00f3n y contenci\u00f3n de descargas clandestinas, las cuales hasta el momento suman 23, y son la principal causa de la mortandad de la flora y fauna del lugar.<\/p>\n<p>Luego de un recorrido y participar en las labores de limpieza, el Edil hizo un llamado a las y los alcaldes de las demarcaciones colindantes para unir esfuerzos y recuperar este \u00edcono del municipio<\/p>\n<p>\u201cEstamos iniciando los trabajos del retiro de lirio y en las pr\u00f3ximas semanas se utilizar\u00e1 equipo especializo para continuar con la limpieza, es un \u00edcono para Atizap\u00e1n y tenemos la obligaci\u00f3n de trabajar por la conservaci\u00f3n de la misma.<\/p>\n<p>\u201cEste es un trabajo permanente que haremos; con todas las acciones que hagamos para contener las descargas clandestinas trataremos de ir limpiando la Presa\u201d, explic\u00f3.<\/p>\n<p>Es un trabajo permanente, con todas las acciones que hagamos conteniendo las descargas clandestinas trataremos ir limpiando este \u00edcono del municipio.<\/p>\n<p>Meses antes de asumir la Presidencia Municipal, Pedro Rodr\u00edguez se reuni\u00f3 con autoridades de la Comisi\u00f3n Nacional del Agua (CONAGUA), y la Comisi\u00f3n de Agua del Estado de M\u00e9xico (CAEM), para buscar soluciones a la contaminaci\u00f3n de la Presa.<\/p>\n<p>A la causa se han sumado organizaciones ambientalistas y miembros de la sociedad civil.<\/p>\n","protected":false},"excerpt":{"rendered":"<p>El presidente municipal de Atizap\u00e1n de Zaragoza, Pedro Rodr\u00edguez Villegas, acompa\u00f1ado del Director SAPASA, Alfredo V\u00e1zquez Gonz\u00e1lez, supervis\u00f3 los trabajos de limpieza de la Presa Mad\u00edn.<\/p>\n","protected":false},"author":3,"featured_media":533425,"comment_status":"open","ping_status":"open","sticky":false,"template":"","format":"standard","meta":{"_monsterinsights_skip_tracking":false,"_monsterinsights_sitenote_active":false,"_monsterinsights_sitenote_note":"","_monsterinsights_sitenote_category":0,"footnotes":""},"categories":[5],"tags":[969,43675,94412],"class_list":["post-533316","post","type-post","status-publish","format-standard","has-post-thumbnail","hentry","category-estado-de-mexico","tag-atizapan","tag-estado-de-mexico","tag-presa-madin"],"_links":{"self":[{"href":"https:\/\/www.diarioimagen.net\/index.php?rest_route=\/wp\/v2\/posts\/533316","targetHints":{"allow":["GET"]}}],"collection":[{"href":"https:\/\/www.diarioimagen.net\/index.php?rest_route=\/wp\/v2\/posts"}],"about":[{"href":"https:\/\/www.diarioimagen.net\/index.php?rest_route=\/wp\/v2\/types\/post"}],"author":[{"embeddable":true,"href":"https:\/\/www.diarioimagen.net\/index.php?rest_route=\/wp\/v2\/users\/3"}],"replies":[{"embeddable":true,"href":"https:\/\/www.diarioimagen.net\/index.php?rest_route=%2Fwp%2Fv2%2Fcomments&post=533316"}],"version-history":[{"count":0,"href":"https:\/\/www.diarioimagen.net\/index.php?rest_route=\/wp\/v2\/posts\/533316\/revisions"}],"wp:featuredmedia":[{"embeddable":true,"href":"https:\/\/www.diarioimagen.net\/index.php?rest_route=\/wp\/v2\/media\/533425"}],"wp:attachment":[{"href":"https:\/\/www.diarioimagen.net\/index.php?rest_route=%2Fwp%2Fv2%2Fmedia&parent=533316"}],"wp:term":[{"taxonomy":"category","embeddable":true,"href":"https:\/\/www.diarioimagen.net\/index.php?rest_route=%2Fwp%2Fv2%2Fcategories&post=533316"},{"taxonomy":"post_tag","embeddable":true,"href":"https:\/\/www.diarioimagen.net\/index.php?rest_route=%2Fwp%2Fv2%2Ftags&post=533316"}],"curies":[{"name":"wp","href":"https:\/\/api.w.org\/{rel}","templated":true}]}}