{"id":533321,"date":"2022-01-24T00:04:50","date_gmt":"2022-01-24T06:04:50","guid":{"rendered":"https:\/\/www.diarioimagen.net\/?p=533321"},"modified":"2022-01-23T23:08:00","modified_gmt":"2022-01-24T05:08:00","slug":"contara-cuautitlan-con-su-primera-universidad-publica","status":"publish","type":"post","link":"https:\/\/www.diarioimagen.net\/?p=533321","title":{"rendered":"Contar\u00e1 Cuautitl\u00e1n con su primera universidad p\u00fablica\u00a0"},"content":{"rendered":"<p>&nbsp;<\/p>\n<p><a href=\"https:\/\/www.diarioimagen.net\/wp-content\/uploads\/2022\/01\/cuautitlan-5.jpg\"><img loading=\"lazy\" decoding=\"async\" class=\"aligncenter size-full wp-image-533431\" src=\"https:\/\/www.diarioimagen.net\/wp-content\/uploads\/2022\/01\/cuautitlan-5.jpg\" alt=\"\" width=\"460\" height=\"270\" \/><\/a><\/p>\n<p>&nbsp;<\/p>\n<p><strong>Cuautitl\u00e1n, Estado de M\u00e9xico.\u2014<\/strong> El presidente municipal Aldo Ledezma Reyna propuso a los integrantes del cabildo la donaci\u00f3n de un inmueble ubicado en el kil\u00f3metro 31.5 de la carretera M\u00e9xico-Cuautitl\u00e1n, con una superficie de 10 mil 618 metros cuadrados a favor del gobierno estatal para la construcci\u00f3n de la Primera Universidad de Cuautitl\u00e1n.<\/p>\n<p>Durante la primera sesi\u00f3n extraordinaria de cabildo del Ayuntamiento de Cuautitl\u00e1n, el cuerpo edilicio aprob\u00f3 la propuesta por unanimidad y coincidieron en que ser\u00e1 un beneficio para los m\u00e1s de 17 mil j\u00f3venes de la localidad que est\u00e1n en el rango de edad para cursar la universidad.<\/p>\n","protected":false},"excerpt":{"rendered":"<p>El presidente municipal Aldo Ledezma Reyna propuso a los integrantes del cabildo la donaci\u00f3n de un inmueble ubicado en el kil\u00f3metro 31.5 de la carretera M\u00e9xico-Cuautitl\u00e1n, con una superficie de 10 mil 618 metros cuadrados a favor del gobierno estatal para la construcci\u00f3n de la Primera Universidad de Cuautitl\u00e1n.<\/p>\n","protected":false},"author":3,"featured_media":533431,"comment_status":"open","ping_status":"open","sticky":false,"template":"","format":"standard","meta":{"_monsterinsights_skip_tracking":false,"_monsterinsights_sitenote_active":false,"_monsterinsights_sitenote_note":"","_monsterinsights_sitenote_category":0,"footnotes":""},"categories":[5],"tags":[681,43675,94414],"class_list":["post-533321","post","type-post","status-publish","format-standard","has-post-thumbnail","hentry","category-estado-de-mexico","tag-cuautitlan","tag-estado-de-mexico","tag-universidad-publica"],"_links":{"self":[{"href":"https:\/\/www.diarioimagen.net\/index.php?rest_route=\/wp\/v2\/posts\/533321","targetHints":{"allow":["GET"]}}],"collection":[{"href":"https:\/\/www.diarioimagen.net\/index.php?rest_route=\/wp\/v2\/posts"}],"about":[{"href":"https:\/\/www.diarioimagen.net\/index.php?rest_route=\/wp\/v2\/types\/post"}],"author":[{"embeddable":true,"href":"https:\/\/www.diarioimagen.net\/index.php?rest_route=\/wp\/v2\/users\/3"}],"replies":[{"embeddable":true,"href":"https:\/\/www.diarioimagen.net\/index.php?rest_route=%2Fwp%2Fv2%2Fcomments&post=533321"}],"version-history":[{"count":0,"href":"https:\/\/www.diarioimagen.net\/index.php?rest_route=\/wp\/v2\/posts\/533321\/revisions"}],"wp:featuredmedia":[{"embeddable":true,"href":"https:\/\/www.diarioimagen.net\/index.php?rest_route=\/wp\/v2\/media\/533431"}],"wp:attachment":[{"href":"https:\/\/www.diarioimagen.net\/index.php?rest_route=%2Fwp%2Fv2%2Fmedia&parent=533321"}],"wp:term":[{"taxonomy":"category","embeddable":true,"href":"https:\/\/www.diarioimagen.net\/index.php?rest_route=%2Fwp%2Fv2%2Fcategories&post=533321"},{"taxonomy":"post_tag","embeddable":true,"href":"https:\/\/www.diarioimagen.net\/index.php?rest_route=%2Fwp%2Fv2%2Ftags&post=533321"}],"curies":[{"name":"wp","href":"https:\/\/api.w.org\/{rel}","templated":true}]}}