{"id":533328,"date":"2022-01-24T00:02:56","date_gmt":"2022-01-24T06:02:56","guid":{"rendered":"https:\/\/www.diarioimagen.net\/?p=533328"},"modified":"2022-02-01T01:27:29","modified_gmt":"2022-02-01T07:27:29","slug":"regreso-a-clases-presenciales-se-retrasa-en-al-menos-6-estados","status":"publish","type":"post","link":"https:\/\/www.diarioimagen.net\/?p=533328","title":{"rendered":"Regreso a clases presenciales se retrasa en al menos 6 estados"},"content":{"rendered":"<p>&nbsp;<\/p>\n<h3 style=\"text-align: center;\">Ser\u00e1 hasta el pr\u00f3ximo 31 de enero<\/h3>\n<p>&nbsp;<\/p>\n<ul>\n<li><strong><em>Ciudad de M\u00e9xico y Edomex se aferran a acudir a las aulas \u00a0<\/em><\/strong><\/li>\n<\/ul>\n<p>&nbsp;<\/p>\n<div id=\"attachment_533444\" style=\"width: 470px\" class=\"wp-caption aligncenter\"><a href=\"https:\/\/www.diarioimagen.net\/wp-content\/uploads\/2022\/01\/CLASES.jpg\"><img loading=\"lazy\" decoding=\"async\" aria-describedby=\"caption-attachment-533444\" class=\"size-full wp-image-533444\" src=\"https:\/\/www.diarioimagen.net\/wp-content\/uploads\/2022\/01\/CLASES.jpg\" alt=\"\" width=\"460\" height=\"270\" \/><\/a><p id=\"caption-attachment-533444\" class=\"wp-caption-text\">Al menos seis estados de la rep\u00fablica han postergado su regreso a clases presenciales hasta el pr\u00f3ximo 31 de enero.<\/p><\/div>\n<p>&nbsp;<\/p>\n<p>La Secretar\u00eda de Educaci\u00f3n P\u00fablica (SEP) inform\u00f3 que a pesar de la condiciones pand\u00e9micas actuales, esperan que durante el primer mes del a\u00f1o se retomen las clases presenciales en todo el territorio nacional, no obstante, al menos en seis entidades ya se anunci\u00f3 que eso no suceder\u00e1, sino hasta el 31 de enero, tentativamente.<\/p>\n<p>En este contexto, la Ciudad de M\u00e9xico y el Estado de M\u00e9xico, se aferran a continuar las clases de forma presencial, aun cuando la semana pasada, se volvi\u00f3 a romper otro r\u00e9cord hist\u00f3rico de contagios en un s\u00f3lo d\u00eda, registrando m\u00e1s de 60 mil casos.<\/p>\n<p>Si bien la SEP respetar\u00e1 la decisi\u00f3n de las autoridades estatales que posterguen el retorno a las escuelas, Delfina G\u00f3mez titular de la Secretar\u00eda, hizo un llamado a los padres de familia para que env\u00eden a sus hijos a las aulas, lo que se suma a que el presidente Andr\u00e9s Manuel L\u00f3pez Obrador, tambi\u00e9n pidi\u00f3 que los planteles abran para recibir a los alumnos en todos los estados.<\/p>\n<p>De tal manera que aun con el alto \u00edndice de contagios, Chiapas, Campeche, Colima, Guanajuato, Morelos, Nuevo Le\u00f3n Oaxaca, Quer\u00e9taro y Tlaxcala; adem\u00e1s de la CDMX y el Estado de M\u00e9xico han seguido optando porque los estudiantes de preescolar, primaria y secundaria sigan asistiendo a clases en las escuelas.<\/p>\n<p>En contraparte, los estados que aplazan regreso a clases presenciales hasta el 31 de enero 2022 son: Aguascalientes, entidad que se ubica entre las diez que est\u00e1n en sem\u00e1foro epidemiol\u00f3gico amarillo; Coahuila, donde el promedio diario de positivos se ha disparado a niveles hist\u00f3ricos; Durango, donde gran parte de los planteles no cuentan con la infraestructura necesaria para garantizar la salud de docentes y estudiantes.<\/p>\n<p>Asimismo, Hidalgo continuar\u00e1 con clases a distancia, para mantener una especie de cuarentena y disminuir el riesgo de contagios en los planteles educativos; lo mismo que Tamaulipas, donde hay un incremento masivo de contagios y hospitalizaciones por coronavirus y la nueva variante \u00d3micron.<\/p>\n<p>Finalmente San Luis Potos\u00ed, tambi\u00e9n aplaz\u00f3 su regreso a clases presenciales, lo cual fue confirmado por el gobernador Jos\u00e9 Ricardo Gallardo Cardona, quien a trav\u00e9s de sus redes sociales, hizo el anuncio donde precis\u00f3 que la Secretar\u00eda de Salud federal hizo oficial el retroceso en el sem\u00e1foro epidemiol\u00f3gico y por ello, jardines de ni\u00f1os, primarias y secundarias continuar\u00e1n con clases virtuales hasta fin de mes. No as\u00ed los planteles de educaci\u00f3n media superior y superior quienes s\u00ed regresar\u00e1n a las aulas desde hoy lunes 24 de enero. \u00a0Gallardo Cardona afirm\u00f3 que, pese al retroceso en el sem\u00e1foro todos los negocios continuar\u00e1n abiertos, aunque con medidas restrictivas m\u00e1s severas en cuanto a aforo y horarios de apertura y cierre.<\/p>\n","protected":false},"excerpt":{"rendered":"<p>La Secretar\u00eda de Educaci\u00f3n P\u00fablica (SEP) inform\u00f3 que a pesar de la condiciones pand\u00e9micas actuales, esperan que durante el primer mes del a\u00f1o se retomen las clases presenciales en todo el territorio nacional, no obstante, al menos en seis entidades ya se anunci\u00f3 que eso no suceder\u00e1, sino hasta el 31 de enero, tentativamente.<\/p>\n","protected":false},"author":3,"featured_media":533444,"comment_status":"open","ping_status":"open","sticky":false,"template":"","format":"standard","meta":{"_monsterinsights_skip_tracking":false,"_monsterinsights_sitenote_active":false,"_monsterinsights_sitenote_note":"","_monsterinsights_sitenote_category":0,"footnotes":""},"categories":[3],"tags":[24434,90969,94416,459],"class_list":["post-533328","post","type-post","status-publish","format-standard","has-post-thumbnail","hentry","category-nacional","tag-clases","tag-presenciales","tag-retrasa","tag-sep"],"_links":{"self":[{"href":"https:\/\/www.diarioimagen.net\/index.php?rest_route=\/wp\/v2\/posts\/533328","targetHints":{"allow":["GET"]}}],"collection":[{"href":"https:\/\/www.diarioimagen.net\/index.php?rest_route=\/wp\/v2\/posts"}],"about":[{"href":"https:\/\/www.diarioimagen.net\/index.php?rest_route=\/wp\/v2\/types\/post"}],"author":[{"embeddable":true,"href":"https:\/\/www.diarioimagen.net\/index.php?rest_route=\/wp\/v2\/users\/3"}],"replies":[{"embeddable":true,"href":"https:\/\/www.diarioimagen.net\/index.php?rest_route=%2Fwp%2Fv2%2Fcomments&post=533328"}],"version-history":[{"count":0,"href":"https:\/\/www.diarioimagen.net\/index.php?rest_route=\/wp\/v2\/posts\/533328\/revisions"}],"wp:featuredmedia":[{"embeddable":true,"href":"https:\/\/www.diarioimagen.net\/index.php?rest_route=\/wp\/v2\/media\/533444"}],"wp:attachment":[{"href":"https:\/\/www.diarioimagen.net\/index.php?rest_route=%2Fwp%2Fv2%2Fmedia&parent=533328"}],"wp:term":[{"taxonomy":"category","embeddable":true,"href":"https:\/\/www.diarioimagen.net\/index.php?rest_route=%2Fwp%2Fv2%2Fcategories&post=533328"},{"taxonomy":"post_tag","embeddable":true,"href":"https:\/\/www.diarioimagen.net\/index.php?rest_route=%2Fwp%2Fv2%2Ftags&post=533328"}],"curies":[{"name":"wp","href":"https:\/\/api.w.org\/{rel}","templated":true}]}}