{"id":533373,"date":"2022-01-24T00:08:26","date_gmt":"2022-01-24T06:08:26","guid":{"rendered":"https:\/\/www.diarioimagen.net\/?p=533373"},"modified":"2022-01-23T22:31:12","modified_gmt":"2022-01-24T04:31:12","slug":"diplomacia-al-vapor","status":"publish","type":"post","link":"https:\/\/www.diarioimagen.net\/?p=533373","title":{"rendered":"Diplomacia al vapor"},"content":{"rendered":"<h2>Punto por punto<\/h2>\n<h5>Augusto Corro<\/h5>\n<p>&nbsp;<\/p>\n<p>Los pol\u00edticos a la mexicana siguen estimulados para ocupar cargos diplom\u00e1ticos.<\/p>\n<p>Ex gobernadores y ex funcionarios p\u00fablicos ser\u00e1n representantes de M\u00e9xico en diferentes pa\u00edses.<\/p>\n<p>No necesitan una carrera diplom\u00e1tica, es suficiente con el nombramiento que les llega desde \u201carriba\u201d.<\/p>\n<p>Sin ninguna revisi\u00f3n a su desempe\u00f1o como ex mandatarios pasan a formar parte del \u201ccuerpo diplom\u00e1tico\u201d. Por ejemplo, la ex gobernadora de Sonora, Claudia Pavlovich, de extracci\u00f3n priista, se\u00f1alada de favorecer la impunidad a los due\u00f1os de la guarder\u00eda ABC.<\/p>\n<p>Como se inform\u00f3, en el incendio de la mencionada guarder\u00eda perdieron la vida 49 ni\u00f1os y 106 resultaron lesionados. Cuando era diputada se distingui\u00f3 por defender a los copropietarios de esa esta infantil siniestrada.<\/p>\n<p>La sonorense ser\u00e1 la representante de M\u00e9xico en Barcelona; y otro ex mandatario priista de Campeche, Carlos Miguel Aysa Gonz\u00e1lez, ser\u00e1 embajador de M\u00e9xico en Rep\u00fablica Dominicana, en tan s\u00f3lo dos a\u00f1os de\u00a0 mandato dej\u00f3 endeudado a su estado.<\/p>\n<p>Por otra parte, se encuentra la misteriosa designaci\u00f3n de Porfirio Mu\u00f1oz Ledo, como embajador de M\u00e9xico en Cuba. Aparentemente todo mundo sab\u00eda de esa designaci\u00f3n, menos el presidente L\u00f3pez Obrador.<\/p>\n<p>De comprobarse el nombramiento, el controvertido Mu\u00f1oz Ledo, que puede desempe\u00f1ar cualquier cargo p\u00fablico, consigue tranquilizar su permanente rebeld\u00eda.<\/p>\n<p>Al menos, ser\u00e1 un respiro para los dirigentes del partido Movimiento Regeneraci\u00f3n Nacional (Morena),\u00a0 principalmente a su l\u00edder nacional, Mario Delgado.<\/p>\n<p>En el presente a\u00f1o habr\u00e1 nuevo gobernador en seis entidades. Tres de ellos, priistas, ya tienen asegurada una chamba. Nos referimos a los mandatarios Alejandro Murat, de Oaxaca; Alfredo del Mazo, Estado de M\u00e9xico (Edomex), y Omar Fayad, de Hidalgo.<\/p>\n<p>Como es del conocimiento p\u00fablico, esos pol\u00edticos no han ocultado sus simpat\u00edas por el gobierno de L\u00f3pez Obrador. Por supuesto, las designaciones y los presuntos cargos p\u00fablicos a m\u00e1s priistas repercutieron en la vida del Partido Revolucionario Institucional (PRI).<\/p>\n<p>En el interior de esa organizaci\u00f3n pol\u00edtica, los reclamos van desde el rechazo a los nombramientos hasta la expulsi\u00f3n del partido de quien los acepte.\u00a0 En el presente, uno de los designados a\u00fan recibe el benepl\u00e1cito del gobierno de Espa\u00f1a. Se trata del ex gobernador de Sinaloa, Quirino Ordaz Coppel. En otro asunto, la Secretar\u00eda de Relaciones Exteriores decidi\u00f3 proponer al historiador Pedro Salmer\u00f3n como embajador de M\u00e9xico en Panam\u00e1.\u00a0 El caso est\u00e1 por definirse, pues Salmer\u00f3n fue acusado de violaciones y ataques sexuales a mujeres.<\/p>\n<p style=\"text-align: center;\"><strong>Olas de migrantes<\/strong><\/p>\n<p>No cesan las olas de migrantes en el territorio nacional.<\/p>\n<p>El s\u00e1bado, en Coahuila, el Instituto Nacional de Migraci\u00f3n (INM) rescat\u00f3 a 65 personas indocumentadas que viajaban hacinadas en la caja de un tr\u00e1iler que transitaba por la Carretera 57 Matehuala-Monterrey.<\/p>\n<p>En Jalapa del Marqu\u00e9s, Oaxaca, en una \u201cambulancia ap\u00f3crifa\u201d se transportaban 28 extranjeros, sin papeles, de nacionalidad nicarag\u00fcense, informaron las autoridades migratorias.<\/p>\n<p>Sin duda, el tr\u00e1fico de migrantes en tr\u00e1ileres se convirti\u00f3 en un usual modus operandi en M\u00e9xico. Suman miles los indocumentados interceptados en los \u00faltimos meses.<\/p>\n<p>Los migrante abandonaron sus lugares de origen presionados por la pobreza, la violencia y los fen\u00f3menos naturales. Los gobiernos de Estados Unidos, M\u00e9xico y Centroam\u00e9rica, trabajan en la b\u00fasqueda de f\u00f3rmulas para enfrentar ese problema social.<\/p>\n<p>A la fecha, s\u00f3lo son discursos los proyectos para reactivar las econom\u00edas de los pa\u00edses afectados por la migraci\u00f3n descontrolada. Mientras, en nuestro pa\u00eds llegan las caravanas de personas ilegales provenientes de todas partes del mundo.<\/p>\n<p>No les importa a los extranjeros indocumentados exponerse a peligros de toda clase: desde los riesgos de viajar en veh\u00edculos que no tienen ninguna seguridad hasta la mala fortuna de caer en manos de la delincuencia organizada.<\/p>\n<p>La \u00faltima tragedia que vivieron los migrantes se registr\u00f3 el 9 de diciembre pasado: un tr\u00e1iler repleto de extranjeros volc\u00f3 y choc\u00f3 en ciudad de Chiapa de Corzo. En ese accidente perdieron la vida 55 personas y decenas resultaron lesionadas.<\/p>\n<p>A la fecha, no hay ning\u00fan responsable detenido. El chofer se dio a la fuga. Nada se sabe de quienes organizaron el viaje, de los \u201ccoyotes\u201d o \u201cpolleros\u201d que se encargan de cobrar cifras elevadas para llevar a los ilegales a la frontera de M\u00e9xico con Estados Unidos.<\/p>\n<p>\u00bfUsted qu\u00e9 opina amable lector?<\/p>\n<p><a href=\"mailto:aco2742@hotmail.com\" target=\"_blank\" rel=\"noopener noreferrer\"><em>aco2742@hotmail.com<\/em><\/a><\/p>\n","protected":false},"excerpt":{"rendered":"<p><span style=\"color: #005497;\"><strong>Augusto Corro<\/strong><\/span><\/p>\n","protected":false},"author":3,"featured_media":0,"comment_status":"open","ping_status":"open","sticky":false,"template":"","format":"standard","meta":{"_monsterinsights_skip_tracking":false,"_monsterinsights_sitenote_active":false,"_monsterinsights_sitenote_note":"","_monsterinsights_sitenote_category":0,"footnotes":""},"categories":[157],"tags":[43686,43674,11515],"class_list":["post-533373","post","type-post","status-publish","format-standard","hentry","category-augusto-corro","tag-augusto-corro","tag-opinion","tag-punto-por-punto"],"_links":{"self":[{"href":"https:\/\/www.diarioimagen.net\/index.php?rest_route=\/wp\/v2\/posts\/533373","targetHints":{"allow":["GET"]}}],"collection":[{"href":"https:\/\/www.diarioimagen.net\/index.php?rest_route=\/wp\/v2\/posts"}],"about":[{"href":"https:\/\/www.diarioimagen.net\/index.php?rest_route=\/wp\/v2\/types\/post"}],"author":[{"embeddable":true,"href":"https:\/\/www.diarioimagen.net\/index.php?rest_route=\/wp\/v2\/users\/3"}],"replies":[{"embeddable":true,"href":"https:\/\/www.diarioimagen.net\/index.php?rest_route=%2Fwp%2Fv2%2Fcomments&post=533373"}],"version-history":[{"count":0,"href":"https:\/\/www.diarioimagen.net\/index.php?rest_route=\/wp\/v2\/posts\/533373\/revisions"}],"wp:attachment":[{"href":"https:\/\/www.diarioimagen.net\/index.php?rest_route=%2Fwp%2Fv2%2Fmedia&parent=533373"}],"wp:term":[{"taxonomy":"category","embeddable":true,"href":"https:\/\/www.diarioimagen.net\/index.php?rest_route=%2Fwp%2Fv2%2Fcategories&post=533373"},{"taxonomy":"post_tag","embeddable":true,"href":"https:\/\/www.diarioimagen.net\/index.php?rest_route=%2Fwp%2Fv2%2Ftags&post=533373"}],"curies":[{"name":"wp","href":"https:\/\/api.w.org\/{rel}","templated":true}]}}