{"id":533390,"date":"2022-01-24T00:12:54","date_gmt":"2022-01-24T06:12:54","guid":{"rendered":"https:\/\/www.diarioimagen.net\/?p=533390"},"modified":"2022-01-23T22:42:08","modified_gmt":"2022-01-24T04:42:08","slug":"va-lopez-obrador-finalmente-por-ricardo-monreal-este-viernes","status":"publish","type":"post","link":"https:\/\/www.diarioimagen.net\/?p=533390","title":{"rendered":"\u00bfVa L\u00f3pez Obrador, finalmente, por Ricardo Monreal este viernes?"},"content":{"rendered":"<h2>Tras la puerta del poder<\/h2>\n<h5>Roberto Vizca\u00edno<\/h5>\n<p>&nbsp;<\/p>\n<p>Luego de un primer y fallido intento por debilitarlo el lunes anterior, el pasado fin de semana los radicales de la bancada de Morena en el Senado lograron sumar un total de 29 legisladores de los 61 de la fracci\u00f3n mayoritaria, para iniciar el viernes entrante el proceso de defenestraci\u00f3n de <strong>Ricardo Monreal<\/strong> como coordinador del grupo dominante.<\/p>\n<p>Frente a este nuevo embate, el zacatecano llam\u00f3 a los suyos a mantener la unidad como un requisito esencial para <strong>consolidar transformaci\u00f3n de nuestro pa\u00eds.<\/strong><\/p>\n<p>\u201cEl reto es construir los acuerdos para aprobar, entre otras, las reformas en materia energ\u00e9tica, electoral y la de la Guardia Nacional\u201d, indic\u00f3.<\/p>\n<p>El llamado de <strong>Monreal<\/strong> es <strong><em>arar en el mar<\/em><\/strong>. Todo indica que, a sus opositores internos, quienes han convocado a un encuentro para la tarde del viernes 28 de este mes, eso ya no les importa. Ese encuentro servir\u00e1 para enjuiciar a <strong>Monreal<\/strong> por haber avalado la creaci\u00f3n de la Comisi\u00f3n Senatorial Plural de Investigaci\u00f3n de violaciones al Estado de Derecho y Derechos Humanos en Veracruz que lo toman m\u00e1s que una confrontaci\u00f3n con el gobernador <strong>Cuitl\u00e1huac Garc\u00eda<\/strong>, como una afrenta a <strong>AMLO<\/strong>.<\/p>\n<p>Por ello, un <em>slogan<\/em> del grupo opositor advierte el <strong>fondo<\/strong> del embate: \u201c<em>Somos leales al proyecto de la 4\u00aa Transformaci\u00f3n y al presidente Andr\u00e9s Manuel L\u00f3pez Obrador<\/em>\u201d.<\/p>\n<p>El grupo opositor, que podr\u00eda estar encabezado por el ex gobernador de Baja California y senador con licencia <strong>Jaime Bonilla<\/strong>, un lopezobradorista sin fisuras, est\u00e1 integrado adem\u00e1s por: <strong>C\u00e9sar Cravioto<\/strong>, rabioso suplente de <strong>Mart\u00ed Batres; Guadalupe Antares V\u00e1zquez<\/strong>, pluri, de Guanajuato; <strong>Jos\u00e9 Narro<\/strong>, de Zacatecas, opositor natural de <strong>Monreal<\/strong>; <strong>Mal\u00fa Micher<\/strong>, de Guanajuato, feminista, ex diputada 3 ocasiones; <strong>Nestora Salgado<\/strong>, Guerrero, acusada de secuestro surge de un grupo polic\u00eda comunitaria; <strong>Susana Harp<\/strong>, sobrina de <strong>Alfredo Harp Helu<\/strong> ex accionista mayoritario de Banamex; <strong>M\u00f3nica Fern\u00e1ndez Balboa<\/strong>, de Tabasco, ex presidenta del Senado por promoci\u00f3n de<strong>Monreal<\/strong>; <strong>Jos\u00e9 Antonio \u00c1lvarez Lima<\/strong>, ex director de canal 13, ex gobernador de Tlaxcala y exdirector de canal 11; <strong>Napole\u00f3n G\u00f3mez Urrutia<\/strong>, l\u00edder minero; <strong>Ana Lilia Rivera<\/strong>, Tlaxcala; <strong>H\u00e9ctor Vasconcelos<\/strong>, diplom\u00e1tico, anunciado como secretario de Relaciones Exteriores fue dejado de lado en beneficio de <strong>Marcelo Ebrard<\/strong>; <strong>Jos\u00e9 Luis Pech<\/strong>, de Yucat\u00e1n, ex priista, ex funcionario en Quintana Roo; <strong>Mar\u00eda Celeste S\u00e1nchez<\/strong>, suplente de <strong>Citlalli Hern\u00e1ndez<\/strong>, secretaria general de Morena; <strong>Rosa Elena Jim\u00e9nez<\/strong>, suplente de <strong>Miguel \u00c1ngel Navarro,<\/strong> hoy gobernador de Nayarit; <strong>Arturo Bours<\/strong>, Sonora, suplente de <strong>Alfonso Durazo, <\/strong>hoy gobernador de Sonora<strong>; Gilberto Herrera<\/strong>, Quer\u00e9taro; <strong>Bertha Caraveo<\/strong>, de Chihuahua; <strong>Blanca Estela Pi\u00f1a<\/strong>, Michoac\u00e1n; <strong>Rafael Espino<\/strong>, suplente de <strong>Cruz P\u00e9rez Cuellar<\/strong>, de Chihuahua.<\/p>\n<p>Adem\u00e1s: <strong>Arturo del C. Moo Cahuich<\/strong>, Campeche, suplente de <strong>An\u00edbal Ostoa Ortega; Eva Galaz<\/strong>, de Coahuila; <strong>Ernesto P\u00e9rez Astorga<\/strong>, suplente de <strong>Ricardo Ahued Bardahuil<\/strong>, de Veracruz; <strong>Gloria S\u00e1nchez<\/strong>, de Veracruz, suplente de <strong>Roc\u00edo Nahle, <\/strong>titular de Energ\u00eda;<strong> Daniel Guti\u00e9rrez<\/strong>, Aguascalientes, primera minor\u00eda; <strong>Mar\u00eda Antonia C\u00e1rdenas<\/strong>, Jalisco; <strong>Ovidio Peralta<\/strong>, tabasco, suplente de <strong>Javier May Rodr\u00edguez<\/strong>; <strong>Mar\u00eda Merced Gonz\u00e1lez<\/strong>, de Hidalgo, suplente de <strong>Ang\u00e9lica Garc\u00eda Arrieta; Gerardo Novelo<\/strong>, suplente de <strong>Jaime Bonilla<\/strong>, quien est\u00e1 apunto de regresar a su esca\u00f1o y <strong>Martha Guerrero<\/strong>, suplente de <strong>Delfina G\u00f3mez \u00c1lvarez<\/strong>, Estado de M\u00e9xico.<\/p>\n<p>El golpe est\u00e1 por dem\u00e1s cantado.<\/p>\n<p>Ahora s\u00f3lo queda ver si adem\u00e1s hay ruptura y c\u00f3mo quedar\u00eda la nueva composici\u00f3n del Senado.<\/p>\n<p style=\"text-align: center;\"><strong>Testamento pol\u00edtico<\/strong><\/p>\n<p>Mucho se ha escrito y dicho respecto al anuncio del presidente <strong>Andr\u00e9s Manuel L\u00f3pez Obrador<\/strong> de que, ante la posibilidad de que sus males cardiacos terminen en su previsible muerte, \u00e9l ha elaborado un testamento para \u2014afirma\u2014 garantizar la gobernabilidad del pa\u00eds ante ese posible acontecimiento.<\/p>\n<p>Un testamento ampara bienes o legados. Elaborado por un Presidente supone que cree, siente tener potestad o derecho de posesi\u00f3n del pa\u00eds, por sobre las previsiones establecidas en la Constituci\u00f3n General de la Rep\u00fablica, \u00bfno?<\/p>\n<p>Si es as\u00ed, si cree que puede pasar por sobre la Constituci\u00f3n, entonces su testamento ser\u00eda -si muere-, un motivo de graves conflictos sociales y de toda naturaleza, ya que es previsible que sus seguidores intentar\u00e1n hacerlo efectivo frente a otros muchos que exigir\u00e1n cumplir con lo que establece la Constituci\u00f3n.<\/p>\n<p>Mal presagio con este tema.<\/p>\n<p><em><a href=\"mailto:rvizcainoa@gmail.com\" target=\"_blank\" rel=\"noopener noreferrer\">vizcainoa@gmail.com<\/a><br \/>\n<a href=\"http:\/\/endirecto.mx\" target=\"_blank\" rel=\"noopener noreferrer\">www.endirecto.mx<\/a><br \/>\n<a href=\"https:\/\/twitter.com\/_rvizcaino\" target=\"_blank\" rel=\"noopener noreferrer\">@_RVizcaino<\/a><br \/>\n<a href=\"https:\/\/www.facebook.com\/rvizcainoa\" target=\"_blank\" rel=\"noopener noreferrer\">facebook.com\/rvizcainoa<\/a><\/em><\/p>\n","protected":false},"excerpt":{"rendered":"<p><span style=\"color: #005497;\"><strong>Roberto Vizca\u00edno<\/strong><\/span><br \/>\n<br \/>\nLuego de un primer y fallido intento por debilitarlo el lunes anterior, el pasado fin de semana los radicales de la bancada de Morena en el Senado lograron sumar un total de 29 legisladores de los 61 de la fracci\u00f3n mayoritaria, para iniciar el viernes entrante el proceso de defenestraci\u00f3n de <strong>Ricardo Monreal<\/strong> como coordinador del grupo dominante.<\/p>\n","protected":false},"author":3,"featured_media":0,"comment_status":"open","ping_status":"open","sticky":false,"template":"","format":"standard","meta":{"_monsterinsights_skip_tracking":false,"_monsterinsights_sitenote_active":false,"_monsterinsights_sitenote_note":"","_monsterinsights_sitenote_category":0,"footnotes":""},"categories":[136],"tags":[43674,93,94],"class_list":["post-533390","post","type-post","status-publish","format-standard","hentry","category-roberto-vizcaino-opinion","tag-opinion","tag-roberto-vizcaino","tag-tras-la-puerta-del-poder"],"_links":{"self":[{"href":"https:\/\/www.diarioimagen.net\/index.php?rest_route=\/wp\/v2\/posts\/533390","targetHints":{"allow":["GET"]}}],"collection":[{"href":"https:\/\/www.diarioimagen.net\/index.php?rest_route=\/wp\/v2\/posts"}],"about":[{"href":"https:\/\/www.diarioimagen.net\/index.php?rest_route=\/wp\/v2\/types\/post"}],"author":[{"embeddable":true,"href":"https:\/\/www.diarioimagen.net\/index.php?rest_route=\/wp\/v2\/users\/3"}],"replies":[{"embeddable":true,"href":"https:\/\/www.diarioimagen.net\/index.php?rest_route=%2Fwp%2Fv2%2Fcomments&post=533390"}],"version-history":[{"count":0,"href":"https:\/\/www.diarioimagen.net\/index.php?rest_route=\/wp\/v2\/posts\/533390\/revisions"}],"wp:attachment":[{"href":"https:\/\/www.diarioimagen.net\/index.php?rest_route=%2Fwp%2Fv2%2Fmedia&parent=533390"}],"wp:term":[{"taxonomy":"category","embeddable":true,"href":"https:\/\/www.diarioimagen.net\/index.php?rest_route=%2Fwp%2Fv2%2Fcategories&post=533390"},{"taxonomy":"post_tag","embeddable":true,"href":"https:\/\/www.diarioimagen.net\/index.php?rest_route=%2Fwp%2Fv2%2Ftags&post=533390"}],"curies":[{"name":"wp","href":"https:\/\/api.w.org\/{rel}","templated":true}]}}