{"id":533464,"date":"2022-01-25T00:05:54","date_gmt":"2022-01-25T06:05:54","guid":{"rendered":"https:\/\/www.diarioimagen.net\/?p=533464"},"modified":"2022-01-25T21:13:56","modified_gmt":"2022-01-26T03:13:56","slug":"dialogo-fundamental-para-superar-los-desafios-de-la-uaem-cebd","status":"publish","type":"post","link":"https:\/\/www.diarioimagen.net\/?p=533464","title":{"rendered":"Di\u00e1logo, fundamental para superar los desaf\u00edos de la UAEM: CEBD"},"content":{"rendered":"<p><em>\u00a0<\/em><\/p>\n<ul>\n<li><em><strong>El rector Carlos Eduardo Barrera D\u00edaz encabez\u00f3 el cuarto informe de actividades del director de la Facultad de Humanidades, Fernando D\u00edaz Ortega<\/strong><\/em><\/li>\n<\/ul>\n<p>&nbsp;<\/p>\n<div id=\"attachment_533555\" style=\"width: 470px\" class=\"wp-caption aligncenter\"><a href=\"https:\/\/www.diarioimagen.net\/?attachment_id=533555\" rel=\"attachment wp-att-533555\"><img loading=\"lazy\" decoding=\"async\" aria-describedby=\"caption-attachment-533555\" class=\"size-full wp-image-533555\" src=\"https:\/\/www.diarioimagen.net\/wp-content\/uploads\/2022\/01\/uaem-16.jpg\" alt=\"\" width=\"460\" height=\"270\" \/><\/a><p id=\"caption-attachment-533555\" class=\"wp-caption-text\">Se entreg\u00f3 equipo para el Laboratorio de Digitalizaci\u00f3n, en beneficio del estudiantado de la Licenciatura en Ciencias de Informaci\u00f3n Documental.<\/p><\/div>\n<p>&nbsp;<\/p>\n<p><strong>Toluca, Estado de M\u00e9xico.\u2014 <\/strong>Las humanidades tienen, entre muchas otras funciones, la de transmitir la tradici\u00f3n cultural de una manera cr\u00edtica y creativa, afirm\u00f3 el rector de la Universidad Aut\u00f3noma del Estado de M\u00e9xico (UAEM), Carlos Eduardo Barrera D\u00edaz, al encabezar el cuarto informe de actividades del director de la Facultad de Humanidades, Fernando D\u00edaz Ortega.<\/p>\n<p>Abund\u00f3 que durante los cuatro a\u00f1os de la administraci\u00f3n dirigida por el director Fernando D\u00edaz Ortega, fue demostrada la calidad human\u00edstica de esta comunidad, que por medio del di\u00e1logo logr\u00f3 superar los m\u00e1s inopinados desaf\u00edos en la historia reciente de la M\u00e1xima Casa de Estudios mexiquense.<\/p>\n<p>Durante el informe se hizo entrega del equipo para el Laboratorio de Digitalizaci\u00f3n, fundamental para el desarrollo profesional del estudiantado de la Licenciatura en Ciencias de Informaci\u00f3n Documental que permitir\u00e1 generar recursos propios mediante la creaci\u00f3n de convenios para la digitalizaci\u00f3n documental.<\/p>\n<p>Ante los miembros de los consejos acad\u00e9mico y de gobierno, integrantes del gabinete universitario, ex directores, invitados especiales,\u00a0 as\u00ed como estudiantes, catedr\u00e1ticos y trabajadores administrativos de la Facultad, Carlos Eduardo Barrera D\u00edaz subray\u00f3 que durante los \u00faltimos cuatro a\u00f1os este espacio universitario logr\u00f3 que el 100 por ciento del estudiantado cuente con apoyos acad\u00e9micos como el de tutor\u00edas, que permite a las y los universitarios obtener su t\u00edtulo en alguna de las licenciaturas o estudios superiores de este espacio universitario.<\/p>\n<p>Detall\u00f3 que se consigui\u00f3 la reacreditaci\u00f3n de las cinco licenciaturas y de los dos programas de posgrado, adem\u00e1s de la remodelaci\u00f3n y equipamiento de la sala de titulaci\u00f3n y se ampliaron las modalidades de titulaci\u00f3n.<\/p>\n<p>Por su parte, Fernando D\u00edaz Ortega destac\u00f3 que con una matr\u00edcula de dos mil 557 alumnos, la Facultad de Humanidades ha impulsado la formaci\u00f3n de profesionales que difunden la cultura y brindan sus servicios a la sociedad con una visi\u00f3n human\u00edstica, cr\u00edtica e incluyente.<\/p>\n<p>Durante el \u00faltimo a\u00f1o de su gesti\u00f3n fueron entregadas 308 becas a las y los integrantes de este espacio acad\u00e9mico para apoyar la formaci\u00f3n human\u00edstica que se imparte en este espacio universitario.<\/p>\n<p>El directivo universitario puntualiz\u00f3 que en este espacio son impartidas cinco licenciaturas y dos programas de estudios avanzados, adem\u00e1s de contar con 13 cuerpos acad\u00e9micos que desarrollan investigaci\u00f3n en beneficio de la sociedad.<\/p>\n","protected":false},"excerpt":{"rendered":"<p>Las humanidades tienen, entre muchas otras funciones, la de transmitir la tradici\u00f3n cultural de una manera cr\u00edtica y creativa, afirm\u00f3 el rector de la Universidad Aut\u00f3noma del Estado de M\u00e9xico (UAEM), Carlos Eduardo Barrera D\u00edaz, al encabezar el cuarto informe de actividades del director de la Facultad de Humanidades, Fernando D\u00edaz Ortega.<\/p>\n","protected":false},"author":3,"featured_media":533555,"comment_status":"open","ping_status":"open","sticky":false,"template":"","format":"standard","meta":{"_monsterinsights_skip_tracking":false,"_monsterinsights_sitenote_active":false,"_monsterinsights_sitenote_note":"","_monsterinsights_sitenote_category":0,"footnotes":""},"categories":[5],"tags":[94121,1491],"class_list":["post-533464","post","type-post","status-publish","format-standard","has-post-thumbnail","hentry","category-estado-de-mexico","tag-cebd","tag-uaem"],"_links":{"self":[{"href":"https:\/\/www.diarioimagen.net\/index.php?rest_route=\/wp\/v2\/posts\/533464","targetHints":{"allow":["GET"]}}],"collection":[{"href":"https:\/\/www.diarioimagen.net\/index.php?rest_route=\/wp\/v2\/posts"}],"about":[{"href":"https:\/\/www.diarioimagen.net\/index.php?rest_route=\/wp\/v2\/types\/post"}],"author":[{"embeddable":true,"href":"https:\/\/www.diarioimagen.net\/index.php?rest_route=\/wp\/v2\/users\/3"}],"replies":[{"embeddable":true,"href":"https:\/\/www.diarioimagen.net\/index.php?rest_route=%2Fwp%2Fv2%2Fcomments&post=533464"}],"version-history":[{"count":0,"href":"https:\/\/www.diarioimagen.net\/index.php?rest_route=\/wp\/v2\/posts\/533464\/revisions"}],"wp:featuredmedia":[{"embeddable":true,"href":"https:\/\/www.diarioimagen.net\/index.php?rest_route=\/wp\/v2\/media\/533555"}],"wp:attachment":[{"href":"https:\/\/www.diarioimagen.net\/index.php?rest_route=%2Fwp%2Fv2%2Fmedia&parent=533464"}],"wp:term":[{"taxonomy":"category","embeddable":true,"href":"https:\/\/www.diarioimagen.net\/index.php?rest_route=%2Fwp%2Fv2%2Fcategories&post=533464"},{"taxonomy":"post_tag","embeddable":true,"href":"https:\/\/www.diarioimagen.net\/index.php?rest_route=%2Fwp%2Fv2%2Ftags&post=533464"}],"curies":[{"name":"wp","href":"https:\/\/api.w.org\/{rel}","templated":true}]}}