{"id":533475,"date":"2022-01-25T00:13:43","date_gmt":"2022-01-25T06:13:43","guid":{"rendered":"https:\/\/www.diarioimagen.net\/?p=533475"},"modified":"2022-01-25T21:15:45","modified_gmt":"2022-01-26T03:15:45","slug":"en-quintana-roo-no-es-opcion-el-cierre-de-escuelas-dice-seq","status":"publish","type":"post","link":"https:\/\/www.diarioimagen.net\/?p=533475","title":{"rendered":"En Quintana Roo no es opci\u00f3n el cierre de escuelas, dice SEQ"},"content":{"rendered":"<h2>Derecho de r\u00e9plica<\/h2>\n<h5>Jos\u00e9 Luis Monta\u00f1ez<\/h5>\n<p>&nbsp;<\/p>\n<ul>\n<li><em><strong>El estado presenta serios problemas de rezago educativo<\/strong><\/em><\/li>\n<\/ul>\n<p>&nbsp;<\/p>\n<div id=\"attachment_533576\" style=\"width: 470px\" class=\"wp-caption aligncenter\"><a href=\"https:\/\/www.diarioimagen.net\/?attachment_id=533576\" rel=\"attachment wp-att-533576\"><img loading=\"lazy\" decoding=\"async\" aria-describedby=\"caption-attachment-533576\" class=\"size-full wp-image-533576\" src=\"https:\/\/www.diarioimagen.net\/wp-content\/uploads\/2022\/01\/derecho-13.jpg\" alt=\"\" width=\"460\" height=\"270\" \/><\/a><p id=\"caption-attachment-533576\" class=\"wp-caption-text\">La SEQ ha determinado que no es necesario alargar el cierre de las aulas para las clases presenciales.<\/p><\/div>\n<p>&nbsp;<\/p>\n<p>Si bien la cuarta ola del Covid-19 est\u00e1 representado muchos nuevos contagios para Quintana Roo, en esta ocasi\u00f3n la Secretar\u00eda de Educaci\u00f3n estatal (SEQ) ha determinado que no es necesario alargar el cierre de las aulas para las clases presenciales y es que, adem\u00e1s de la pandemia por la enfermedad, se enfrenta otra crisis en la entidad, se trata del rezago educativo, que se ha agudizado en los \u00faltimos a\u00f1os y por lo que es necesario redoblar los esfuerzos para sacar adelante a la ni\u00f1ez y a la juventud quintanarroense.<\/p>\n<p>De acuerdo con estimaciones del Banco Mundial, M\u00e9xico tiene dos a\u00f1os de rezago escolar tras las medidas de confinamiento en educaci\u00f3n de todos los niveles educativos y es que, previo a la pandemia, en el pa\u00eds el promedio de aprendizajes era equivalente a tercer grado de secundaria, pero el a\u00f1o pasado \u00e9ste se redujo a primer a\u00f1o.<\/p>\n<p>Dado lo anterior, la SEQ ha insistido en que, pese a la demanda del magisterio, no es opci\u00f3n para Quintana Roo volver al confinamiento, pues de debe atender a la inmediatez el rezago educativo de ni\u00f1os y j\u00f3venes, pues son quienes a futuro quedar\u00e1n a cargo del desarrollo del estado.<\/p>\n<p>Por su parte, el Consejo Nacional de Evaluaci\u00f3n de la Pol\u00edtica de Desarrollo Social (Coneval) revel\u00f3 a trav\u00e9s de un estudio sobre el rezago educativo que para agosto de 2021 Quintana Roo creci\u00f3 0.5, pues en 2018 ten\u00eda un 17 por ciento y tres a\u00f1os m\u00e1s tarde ya contaba con 17.5, con lo que se ubica en el lugar 21 a nivel nacional, mientras la Ciudad de M\u00e9xico, con 9.5 por ciento, tuvo el menor rezago en ese sector.<\/p>\n<p>El consejo indic\u00f3 que el rezago educativo retoma la asistencia escolar y la evoluci\u00f3n hist\u00f3rica de la conformaci\u00f3n de la educaci\u00f3n b\u00e1sica y la vigencia de su obligatoriedad legal, incluyendo los \u00faltimos cambios normativos en ense\u00f1anza en cuatro componentes: entre la poblaci\u00f3n de tres a 21 a\u00f1os que no asiste a la escuela y no cuenta con educaci\u00f3n obligatoria; la de 22 a\u00f1os o m\u00e1s, que naci\u00f3 a partir de 1998 y no ha terminado la educaci\u00f3n media superior; la de 16 a\u00f1os o m\u00e1s, nacida entre 1982 y 1997, sin secundaria completa y la poblaci\u00f3n de 16 a\u00f1os o m\u00e1s nacida antes de 1982 sin primaria completa.<\/p>\n<p>En este marco, el Instituto Mexicano de la Competitividad (IMCO) afirma que la pandemia por la Covid-19 le represent\u00f3 a M\u00e9xico un rezago de 2 a\u00f1os en el tema educativo. \u201cAntes de la pandemia los mexicanos alcanzaban en promedio aprendizajes correspondientes a tercero de secundaria. Hoy, su conocimiento llegar\u00e1 s\u00f3lo al equivalente a primero de secundaria\u201d, indica. Y de acuerdo con c\u00e1lculos del Banco Interamericano de Desarrollo (BID), por lo menos 628 mil j\u00f3venes entre seis y 17 a\u00f1os han interrumpido sus estudios debido a la crisis econ\u00f3mica derivada de la pandemia, lo que significa un retroceso de 13 a\u00f1os en el nivel de asistencia escolar.<\/p>\n<p>\u201cUna vez que sea posible un regreso a clases seguro, recuperar las habilidades de los j\u00f3venes debe ser el objetivo central de la respuesta educativa a la pandemia para evitar que los rezagos del aprendizaje se vuelvan permanentes y esto los persiga cuando se incorporen al mercado de trabajo\u201d, asever\u00f3 el IMCO.<\/p>\n<p>Finalmente, Ana Isabel V\u00e1squez Jim\u00e9nez, titular de la SEQ, indic\u00f3 que el estado no apuesta nuevamente a internet ni a plataformas para la educaci\u00f3n a distancia, puesto que \u201cno es una de las mejores decisiones para educaci\u00f3n b\u00e1sica. En el sector educativo no podemos volver a cerrar las escuelas, estamos luchando contra un rezago educativo brutal, que ya sabemos que afecta a los que menos tienen\u201d.<\/p>\n<p>En este contexto, los profesores deber\u00e1n seguir acudiendo a las escuelas para atender a la poblaci\u00f3n estudiantil que as\u00ed lo\u00a0 requiera, mientras se normalizan las clases de forma presencial.<\/p>\n<p style=\"text-align: center;\"><strong>Comienzan los despidos por sem\u00e1foro naranja <\/strong><\/p>\n<p>Derivado del retroceso en el sem\u00e1foro epidemiol\u00f3gico estatal que hoy permea a toda la entidad en color naranja, los estragos a nivel empleo comenzar\u00e1n a verse casi de forma inmediata, por ejemplo, al menos 100 obreros y alba\u00f1iles de Chetumal que trabajan en la zona norte de Quintana Roo,perder\u00e1n su trabajo y se ver\u00e1n obligados a retornar por las restricciones sanitarias.<\/p>\n<p>El secretario general de la Confederaci\u00f3n Revolucionaria de Obreros y Campesinos (CROC) en el municipio de Oth\u00f3n P. Blanco, C\u00e9sar Antonio Iuit, lament\u00f3 que con la entrada del color naranja en el sem\u00e1foro epidemiol\u00f3gico, las cosas se vuelven a poner muy grises para el sector de la construcci\u00f3n, principalmente.<\/p>\n<p>\u201cEl retroceso limita las actividades econ\u00f3micas y afectar\u00e1 a los obreros, que migraron hasta los municipios de Tulum, Solidaridad (Playa del Carmen), Puerto Morelos y Benito Ju\u00e1rez (Canc\u00fan), principalmente, por lo que se ver\u00e1n obligados a unas vacaciones forzadas. Son compa\u00f1eros que se hab\u00edan ido en busca de trabajo al norte, porque en la capital nada m\u00e1s no encontraban ingresos para llevar a sus hogares, a sus familias; pero ahora que retrocedemos en el sem\u00e1foro epidemiol\u00f3gico pues muchos van de regreso\u201d, advirti\u00f3.<\/p>\n<p>En este escenario los mil 500 pesos aproximados que enviaban semanalmente a sus familias, ahora no podr\u00e1n ganarlos, de modo que su econom\u00eda se desploma completamente. \u201cAhora lo m\u00e1s probable es que retornen al municipio de Oth\u00f3n P. Blanco y que traten de conseguir ingresos en la informalidad, porque tambi\u00e9n aqu\u00ed hay afectaciones, entonces lo m\u00e1s f\u00e1cil es que haya una sobredemanda de fuentes de empleo\u201d.<\/p>\n<p>De tal manera, que insiste en que\u00a0 la \u00fanica herramienta para revertir la situaci\u00f3n, es invitar a la poblaci\u00f3n en general, comerciantes, turistas y prestadores de servicios a que se sigan las medidas sanitarias para evitar que se llegue al color rojo.<\/p>\n<p>Y es que en el nivel de m\u00e1ximo riesgo, como se vivi\u00f3 en a\u00f1os anteriores, se pierden de forma masiva los empleos, no s\u00f3lo en el ramo de la construcci\u00f3n sino tambi\u00e9n en el comercial, de servicios, entre otros, es decir, que hay una afectaci\u00f3n generalizada.<\/p>\n<p>Eloy Stalin Quintal Jim\u00e9nez, presidente del Consejo Coordinador Empresarial (CCE), hizo el llamado a los sectores econ\u00f3micos a seguir las medidas sanitarias para evitar contagios de Covid-19 y salir lo m\u00e1s pronto posible de este rebrote de la enfermedad.<\/p>\n<p style=\"text-align: center;\"><strong>Refuerzan medidas de comportamiento social <\/strong><\/p>\n<p>Al iniciar la etapa en la que debemos proteger la salud, mantener la reactivaci\u00f3n econ\u00f3mica y al mismo tiempo reforzar los h\u00e1bitos de cuidado, el gobierno del estado que encabeza Carlos Joaqu\u00edn Gonz\u00e1lez reforzar\u00e1 las acciones de vigilancia para asegurarse de que todos cumplan con las nuevas disposiciones en el marco del sem\u00e1foro naranja de riesgo epidemiol\u00f3gico.<\/p>\n<p>Estos criterios se centran en medidas de comportamiento social que permiten prevenir contagios.<\/p>\n<p>El gobernador Carlos Joaqu\u00edn insisti\u00f3 en que debemos lograr la convivencia con el virus sin tener que cerrar establecimientos y sobre todo sin regresar al confinamiento, que implica el deterioro de la econom\u00eda familiar de las y los quintanarroenses.<\/p>\n<p>Por ello, la Secretar\u00eda de Seguridad P\u00fablica a trav\u00e9s de la Polic\u00eda Quintana Roo, realiza cierres de vialidades y avenidas principales.<\/p>\n<p>Inician desde las 20:00 horas de cada d\u00eda, con filtros parciales e intermitentes para reducir el tr\u00e1fico vehicular y la movilidad peatonal, especialmente en zonas de mayor afluencia, sobre todo por bares y restaurantes, y despu\u00e9s de las 01:30 horas y hasta las 5 de la ma\u00f1ana.<\/p>\n<p>Se est\u00e1 procediendo con cierres totales en Canc\u00fan, Playa del Carmen, Isla Mujeres, Cozumel, Tulum y Oth\u00f3n P. Blanco. La Secretar\u00eda de Salud, a trav\u00e9s de la Direcci\u00f3n de Protecci\u00f3n contra Riesgos Sanitarios, redobla esfuerzos en acciones de vigilancia y fomento sanitario.<\/p>\n<p>El Instituto de Movilidad del Estado de Quintana Roo, ante el regreso a sem\u00e1foro rojo, informa que mantendr\u00e1 doble turno de supervisi\u00f3n, en horario diurno y nocturno. En el caso espec\u00edfico de Benito Ju\u00e1rez y Solidaridad, se reforzar\u00e1 la supervisi\u00f3n mediante el apoyo de inspectores de otras delegaciones.<\/p>\n<p>En los lugares de mayor afluencia de personas se realizar\u00e1n perifoneos, se colocar\u00e1n lonas con las medidas sanitarias en el transporte p\u00fablico.<\/p>\n<p>Continuar\u00e1 con la sanitizaci\u00f3n de unidades y paraderos con amonio cuaternario, entrega de gel y la verificaci\u00f3n del uso de cubrebocas, tanto para operadores como para usuarios.<\/p>\n<p><em>Escr\u00edbame a mi mail: <\/em><em><a href=\"mailto:montanezaguilar@gmail.com\" target=\"_blank\" rel=\"noopener noreferrer\">montanezaguilar@gmail.com<\/a><\/em><\/p>\n","protected":false},"excerpt":{"rendered":"<p><span style=\"color: #005497;\"><strong>Jos\u00e9 Luis Monta\u00f1ez<\/strong><\/span><br \/>\n<br \/>\nSi bien la cuarta ola del Covid-19 est\u00e1 representado muchos nuevos contagios para Quintana Roo, en esta ocasi\u00f3n la Secretar\u00eda de Educaci\u00f3n estatal (SEQ) ha determinado que no es necesario alargar el cierre de las aulas para las clases presenciales y es que, adem\u00e1s de la pandemia por la enfermedad, se enfrenta otra crisis en la entidad, se trata del rezago educativo, que se ha agudizado en los \u00faltimos a\u00f1os y por lo que es necesario redoblar los esfuerzos para sacar adelante a la ni\u00f1ez y a la juventud quintanarroense.<\/p>\n","protected":false},"author":3,"featured_media":533576,"comment_status":"open","ping_status":"open","sticky":false,"template":"","format":"standard","meta":{"_monsterinsights_skip_tracking":false,"_monsterinsights_sitenote_active":false,"_monsterinsights_sitenote_note":"","_monsterinsights_sitenote_category":0,"footnotes":""},"categories":[11622,25512],"tags":[47840,54579,43674],"class_list":["post-533475","post","type-post","status-publish","format-standard","has-post-thumbnail","hentry","category-jose-luis-montanez-aguilar","category-nacional-nacional","tag-derecho-de-replica","tag-jose-luis-montanez","tag-opinion"],"_links":{"self":[{"href":"https:\/\/www.diarioimagen.net\/index.php?rest_route=\/wp\/v2\/posts\/533475","targetHints":{"allow":["GET"]}}],"collection":[{"href":"https:\/\/www.diarioimagen.net\/index.php?rest_route=\/wp\/v2\/posts"}],"about":[{"href":"https:\/\/www.diarioimagen.net\/index.php?rest_route=\/wp\/v2\/types\/post"}],"author":[{"embeddable":true,"href":"https:\/\/www.diarioimagen.net\/index.php?rest_route=\/wp\/v2\/users\/3"}],"replies":[{"embeddable":true,"href":"https:\/\/www.diarioimagen.net\/index.php?rest_route=%2Fwp%2Fv2%2Fcomments&post=533475"}],"version-history":[{"count":0,"href":"https:\/\/www.diarioimagen.net\/index.php?rest_route=\/wp\/v2\/posts\/533475\/revisions"}],"wp:featuredmedia":[{"embeddable":true,"href":"https:\/\/www.diarioimagen.net\/index.php?rest_route=\/wp\/v2\/media\/533576"}],"wp:attachment":[{"href":"https:\/\/www.diarioimagen.net\/index.php?rest_route=%2Fwp%2Fv2%2Fmedia&parent=533475"}],"wp:term":[{"taxonomy":"category","embeddable":true,"href":"https:\/\/www.diarioimagen.net\/index.php?rest_route=%2Fwp%2Fv2%2Fcategories&post=533475"},{"taxonomy":"post_tag","embeddable":true,"href":"https:\/\/www.diarioimagen.net\/index.php?rest_route=%2Fwp%2Fv2%2Ftags&post=533475"}],"curies":[{"name":"wp","href":"https:\/\/api.w.org\/{rel}","templated":true}]}}