{"id":533511,"date":"2022-01-25T00:03:22","date_gmt":"2022-01-25T06:03:22","guid":{"rendered":"https:\/\/www.diarioimagen.net\/?p=533511"},"modified":"2022-01-25T01:37:41","modified_gmt":"2022-01-25T07:37:41","slug":"endurecen-medidas-sanitarias-en-cuautitlan-para-prevenir-mas-contagios-de-covid-19","status":"publish","type":"post","link":"https:\/\/www.diarioimagen.net\/?p=533511","title":{"rendered":"Endurecen medidas sanitarias en Cuautitl\u00e1n para prevenir m\u00e1s contagios de Covid-19"},"content":{"rendered":"<p>&nbsp;<\/p>\n<ul>\n<li><em><strong>Uso del cubrebocas obligatorio<\/strong><\/em><\/li>\n<\/ul>\n<p>&nbsp;<\/p>\n<div id=\"attachment_533611\" style=\"width: 470px\" class=\"wp-caption aligncenter\"><a href=\"https:\/\/www.diarioimagen.net\/?attachment_id=533611\" rel=\"attachment wp-att-533611\"><img loading=\"lazy\" decoding=\"async\" aria-describedby=\"caption-attachment-533611\" class=\"size-full wp-image-533611\" src=\"https:\/\/www.diarioimagen.net\/wp-content\/uploads\/2022\/01\/cuautitlan-6.jpg\" alt=\"\" width=\"460\" height=\"270\" \/><\/a><p id=\"caption-attachment-533611\" class=\"wp-caption-text\">En Cuautitl\u00e1n, pusieron en marcha el programa de sanitizaci\u00f3n de espacios p\u00fablicos, mediante una moderna unidad con equipo profesional y de vanguardia tecnol\u00f3gica.<\/p><\/div>\n<p>&nbsp;<\/p>\n<p><strong>Cuautitl\u00e1n, Estado de M\u00e9xico.\u2014<\/strong> Con la finalidad de prevenir m\u00e1s contagios de Covid-19 y sus variantes, el Ayuntamiento de Cuautitl\u00e1n aprob\u00f3 por mayor\u00eda de votos\u00a0 aplicar medidas para concientizar a la poblaci\u00f3n de la importancia del uso del cubrebocas y otros insumos sanitarios.<\/p>\n<p>Tras una intensa discusi\u00f3n, las y los ediles avalaron la aplicaci\u00f3n de sanciones correctivas para aquellas personas o negocios que no sigan las medidas que recomiendan las autoridades sanitarias.<\/p>\n<p>Para aquellas personas que no usen el cubrebocas se les exhortar\u00e1 a hacerlo con s\u00f3lo una amonestaci\u00f3n y si reinciden o hacen caso omiso de la recomendaci\u00f3n ser\u00e1n acreedores a una sanci\u00f3n econ\u00f3mica e incluso pueden ser remitidas ante el juez calificador y posiblemente tengan que pasar unas horas recluidas en galeras. As\u00ed tambi\u00e9n, los negocios que incurran en la omisi\u00f3n del uso de insumos sanitarios pueden ser hasta clausurados por la autoridad correspondiente.<\/p>\n<p>Al respecto, el Presidente Municipal Aldo Ledezma Reyna y los ediles coincidieron en que no se trata de medidas impositivas y menos que atenten contra los derechos humanos de las personas; sino concientizar a la poblaci\u00f3n en la urgente necesidad de seguir al pie de la letra las recomendaciones y medidas sanitarias para mitigar o frenar de ser posible el grave crecimiento de contagios en esta pandemia que no s\u00f3lo afecta a Cuautitl\u00e1n, sino al mundo entero.<\/p>\n<p>Posterior a la Sesi\u00f3n de Cabildo y como una muestra de que el gobierno municipal que preside Aldo Ledezma; tanto el alcalde y regidores pusieron en marcha el programa de sanitizaci\u00f3n de espacios p\u00fablicos, mediante una moderna unidad con equipo profesional y de vanguardia tecnol\u00f3gica, que mediante una enorme turbina emitir\u00e1 l\u00edquidos especiales y debidamente autorizados por las autoridades sanitarias, en calles y avenidas de Cuautitl\u00e1n.<\/p>\n","protected":false},"excerpt":{"rendered":"<p>Con la finalidad de prevenir m\u00e1s contagios de Covid-19 y sus variantes, el Ayuntamiento de Cuautitl\u00e1n aprob\u00f3 por mayor\u00eda de votos\u00a0 aplicar medidas para concientizar a la poblaci\u00f3n de la importancia del uso del cubrebocas y otros insumos sanitarios.<\/p>\n","protected":false},"author":3,"featured_media":533611,"comment_status":"open","ping_status":"open","sticky":false,"template":"","format":"standard","meta":{"_monsterinsights_skip_tracking":false,"_monsterinsights_sitenote_active":false,"_monsterinsights_sitenote_note":"","_monsterinsights_sitenote_category":0,"footnotes":""},"categories":[5],"tags":[90021,681,91764,43675],"class_list":["post-533511","post","type-post","status-publish","format-standard","has-post-thumbnail","hentry","category-estado-de-mexico","tag-covid-19","tag-cuautitlan","tag-endurece","tag-estado-de-mexico"],"_links":{"self":[{"href":"https:\/\/www.diarioimagen.net\/index.php?rest_route=\/wp\/v2\/posts\/533511","targetHints":{"allow":["GET"]}}],"collection":[{"href":"https:\/\/www.diarioimagen.net\/index.php?rest_route=\/wp\/v2\/posts"}],"about":[{"href":"https:\/\/www.diarioimagen.net\/index.php?rest_route=\/wp\/v2\/types\/post"}],"author":[{"embeddable":true,"href":"https:\/\/www.diarioimagen.net\/index.php?rest_route=\/wp\/v2\/users\/3"}],"replies":[{"embeddable":true,"href":"https:\/\/www.diarioimagen.net\/index.php?rest_route=%2Fwp%2Fv2%2Fcomments&post=533511"}],"version-history":[{"count":0,"href":"https:\/\/www.diarioimagen.net\/index.php?rest_route=\/wp\/v2\/posts\/533511\/revisions"}],"wp:featuredmedia":[{"embeddable":true,"href":"https:\/\/www.diarioimagen.net\/index.php?rest_route=\/wp\/v2\/media\/533611"}],"wp:attachment":[{"href":"https:\/\/www.diarioimagen.net\/index.php?rest_route=%2Fwp%2Fv2%2Fmedia&parent=533511"}],"wp:term":[{"taxonomy":"category","embeddable":true,"href":"https:\/\/www.diarioimagen.net\/index.php?rest_route=%2Fwp%2Fv2%2Fcategories&post=533511"},{"taxonomy":"post_tag","embeddable":true,"href":"https:\/\/www.diarioimagen.net\/index.php?rest_route=%2Fwp%2Fv2%2Ftags&post=533511"}],"curies":[{"name":"wp","href":"https:\/\/api.w.org\/{rel}","templated":true}]}}