{"id":533515,"date":"2022-01-25T00:02:57","date_gmt":"2022-01-25T06:02:57","guid":{"rendered":"https:\/\/www.diarioimagen.net\/?p=533515"},"modified":"2022-01-25T01:36:33","modified_gmt":"2022-01-25T07:36:33","slug":"vacunacion-anti-covid-de-refuerzo-para-personas-de-50-a-59-anos-en-atizapan","status":"publish","type":"post","link":"https:\/\/www.diarioimagen.net\/?p=533515","title":{"rendered":"Vacunaci\u00f3n anti-Covid de refuerzo para personas de 50 a 59 a\u00f1os, en Atizap\u00e1n"},"content":{"rendered":"<p>&nbsp;<\/p>\n<p><a href=\"https:\/\/www.diarioimagen.net\/?attachment_id=533605\" rel=\"attachment wp-att-533605\"><img loading=\"lazy\" decoding=\"async\" class=\"aligncenter size-full wp-image-533605\" src=\"https:\/\/www.diarioimagen.net\/wp-content\/uploads\/2022\/01\/zaragoza.jpg\" alt=\"\" width=\"460\" height=\"676\" \/><\/a><\/p>\n<p>&nbsp;<\/p>\n<p><strong>Atizap\u00e1n, Estado de M\u00e9xico.\u2014<\/strong> Este martes 25 de enero, inicia en Atizap\u00e1n de Zaragoza, la aplicaci\u00f3n de tercera dosis de la vacuna contra COVID-19 a la poblaci\u00f3n de 50 a 59 a\u00f1os que hace seis meses complet\u00f3 su esquema de vacunaci\u00f3n.<\/p>\n<p>Ser\u00e1 del 25 al 27 de enero cuando se aplique el biol\u00f3gico en las tres sedes de vacunaci\u00f3n distribuidas en: la Unidad Deportiva Ana Gabriela Guevara, el Teatro Zaragoza y las instalaciones del DIF Central en Lomas de Atizap\u00e1n.<\/p>\n<p>En un horario de 9:00 a 17:00 horas, personal de los tres \u00f3rdenes de Gobierno atender\u00e1n a los pobladores atizapenses, de acuerdo con la letra inicial del primer apellido:<\/p>\n<ul>\n<li>A, B, C, D, E, F, G, H, I: martes 25 de enero<\/li>\n<li>J, K, L, M, N, \u00d1, O, P, Q: mi\u00e9rcoles 26 de enero<\/li>\n<li>R, S, T, U, V, W, X, Y, Z: jueves 27 de enero<\/li>\n<\/ul>\n<p>Para agilizar el proceso, se solicita a los ciudadanos presentar el formato de vacunaci\u00f3n con c\u00f3digo QR; el documento deber\u00e1 descargarse del sitio: https:\/\/mivacuna.salud.gob.mx. Adem\u00e1s, los atizapenses deber\u00e1n acudir con una identificaci\u00f3n oficial, CURP y comprobante de domicilio.<\/p>\n","protected":false},"excerpt":{"rendered":"<p>Este martes 25 de enero, inicia en Atizap\u00e1n de Zaragoza, la aplicaci\u00f3n de tercera dosis de la vacuna contra COVID-19 a la poblaci\u00f3n de 50 a 59 a\u00f1os que hace seis meses complet\u00f3 su esquema de vacunaci\u00f3n.<\/p>\n","protected":false},"author":3,"featured_media":533605,"comment_status":"open","ping_status":"open","sticky":false,"template":"","format":"standard","meta":{"_monsterinsights_skip_tracking":false,"_monsterinsights_sitenote_active":false,"_monsterinsights_sitenote_note":"","_monsterinsights_sitenote_category":0,"footnotes":""},"categories":[5],"tags":[969,43675,93839,4713],"class_list":["post-533515","post","type-post","status-publish","format-standard","has-post-thumbnail","hentry","category-estado-de-mexico","tag-atizapan","tag-estado-de-mexico","tag-refuerzo","tag-vacuna"],"_links":{"self":[{"href":"https:\/\/www.diarioimagen.net\/index.php?rest_route=\/wp\/v2\/posts\/533515","targetHints":{"allow":["GET"]}}],"collection":[{"href":"https:\/\/www.diarioimagen.net\/index.php?rest_route=\/wp\/v2\/posts"}],"about":[{"href":"https:\/\/www.diarioimagen.net\/index.php?rest_route=\/wp\/v2\/types\/post"}],"author":[{"embeddable":true,"href":"https:\/\/www.diarioimagen.net\/index.php?rest_route=\/wp\/v2\/users\/3"}],"replies":[{"embeddable":true,"href":"https:\/\/www.diarioimagen.net\/index.php?rest_route=%2Fwp%2Fv2%2Fcomments&post=533515"}],"version-history":[{"count":0,"href":"https:\/\/www.diarioimagen.net\/index.php?rest_route=\/wp\/v2\/posts\/533515\/revisions"}],"wp:featuredmedia":[{"embeddable":true,"href":"https:\/\/www.diarioimagen.net\/index.php?rest_route=\/wp\/v2\/media\/533605"}],"wp:attachment":[{"href":"https:\/\/www.diarioimagen.net\/index.php?rest_route=%2Fwp%2Fv2%2Fmedia&parent=533515"}],"wp:term":[{"taxonomy":"category","embeddable":true,"href":"https:\/\/www.diarioimagen.net\/index.php?rest_route=%2Fwp%2Fv2%2Fcategories&post=533515"},{"taxonomy":"post_tag","embeddable":true,"href":"https:\/\/www.diarioimagen.net\/index.php?rest_route=%2Fwp%2Fv2%2Ftags&post=533515"}],"curies":[{"name":"wp","href":"https:\/\/api.w.org\/{rel}","templated":true}]}}