{"id":533621,"date":"2022-01-26T00:05:19","date_gmt":"2022-01-26T06:05:19","guid":{"rendered":"https:\/\/www.diarioimagen.net\/?p=533621"},"modified":"2022-01-26T22:41:00","modified_gmt":"2022-01-27T04:41:00","slug":"recibe-personal-administrativo-de-la-uaemex-bases-y-recategorizaciones-es-un-reconocimiento-a-su-esfuerzo-rector-carlos-eduardo-barrera-diaz","status":"publish","type":"post","link":"https:\/\/www.diarioimagen.net\/?p=533621","title":{"rendered":"Recibe personal administrativo de la UAEM\u00e9x bases y recategorizaciones; \u201cEs un reconocimiento a su esfuerzo\u201d: rector Carlos Eduardo Barrera D\u00edaz"},"content":{"rendered":"<p><em>\u00a0<\/em><\/p>\n<ul>\n<li><strong><em>El secretario general del SUTESUAEM, Pedro Rodr\u00edguez Magallanes, reconoci\u00f3 el trabajo del rector Carlos Eduardo Barrera D\u00edaz para dar certeza laboral y cumplir el contrato laboral, pese a las restricciones financieras del \u00faltimo a\u00f1o<\/em><\/strong><\/li>\n<\/ul>\n<p>&nbsp;<\/p>\n<div id=\"attachment_533729\" style=\"width: 470px\" class=\"wp-caption aligncenter\"><a href=\"https:\/\/www.diarioimagen.net\/?attachment_id=533729\" rel=\"attachment wp-att-533729\"><img loading=\"lazy\" decoding=\"async\" aria-describedby=\"caption-attachment-533729\" class=\"size-full wp-image-533729\" src=\"https:\/\/www.diarioimagen.net\/wp-content\/uploads\/2022\/01\/uaem-17.jpg\" alt=\"\" width=\"460\" height=\"270\" \/><\/a><p id=\"caption-attachment-533729\" class=\"wp-caption-text\">El rector de la UAEM\u00e9x, Carlos Eduardo Barrera D\u00edaz, entreg\u00f3 32 bases y 10 recategorizaciones a personal administrativo agremiado al SUTESUAEM.<\/p><\/div>\n<p>&nbsp;<\/p>\n<p><strong>Toluca, Estado de M\u00e9xico.\u2014<\/strong> En reconocimiento al esfuerzo y gran esp\u00edritu de superaci\u00f3n, el rector de la Universidad Aut\u00f3noma del Estado de M\u00e9xico (UAEM\u00e9x), Carlos Eduardo Barrera D\u00edaz, entreg\u00f3 32 bases y 10 recategorizaciones a personal administrativo agremiado del Sindicato \u00danico de Trabajadores y Empleados al Servicio de esta casa de estudios (SUTESUAEM).<\/p>\n<p>En la Sala \u201cDr. Gustavo Baz Prada\u201d del Edificio de Rector\u00eda, al encabezar la entrega de bases y recategorizaciones de personal administrativo sindicalizado 2022, Barrera D\u00edaz afirm\u00f3 que la capacidad de organizaci\u00f3n de los sindicatos ha contribuido a los \u00e9xitos en materia de equidad y justicia para las y los trabajadores.<\/p>\n<p>En ese sentido, asegur\u00f3 que la administraci\u00f3n que encabeza y los sindicatos universitarios persiguen intereses comunes y comparten los mismos valores.<\/p>\n<p>\u201cEl evento que hoy nos re\u00fane es el resultado del compromiso y arduo trabajo de los agremiados al SUTESUAEM que han demostrado y responden al gran esp\u00edritu de superaci\u00f3n que cada uno de ustedes tiene y demuestra d\u00eda a d\u00eda\u201d, expres\u00f3.<\/p>\n<p>En su oportunidad, el secretario general del SUTESUAEM, Pedro Rodr\u00edguez Magallanes, reconoci\u00f3 el esfuerzo de la administraci\u00f3n liderada por Barrera D\u00edaz para mantener acciones que beneficien a las y los trabajadores sindicalizados y dar cumplimiento al contrato colectivo ante las restricciones financieras que se han registrado en el \u00faltimo a\u00f1o.<\/p>\n<p>\u201cLa instituci\u00f3n se ha empe\u00f1ado en fomentar a\u00f1o con a\u00f1o el bienestar de los trabajadores, mediante el programa de bases sindicales y recategorizaciones para brindarles certeza laboral y jur\u00eddica a trav\u00e9s de un proceso transparente y abierto\u201d, afirm\u00f3.<\/p>\n<p>En esta ceremonia estuvieron presentes la directora de Recursos Humanos de la UAEM\u00e9x, Martha Olivia Cano Nava, as\u00ed como Lucero Pe\u00f1a Ram\u00f3n y Claudia Reyes Rodr\u00edguez, en representaci\u00f3n de los administrativos beneficiados, adem\u00e1s de integrantes del gabinete universitario y comunidad en general.<\/p>\n","protected":false},"excerpt":{"rendered":"<p>En reconocimiento al esfuerzo y gran esp\u00edritu de superaci\u00f3n, el rector de la Universidad Aut\u00f3noma del Estado de M\u00e9xico (UAEM\u00e9x), Carlos Eduardo Barrera D\u00edaz, entreg\u00f3 32 bases y 10 recategorizaciones a personal administrativo agremiado del Sindicato \u00danico de Trabajadores y Empleados al Servicio de esta casa de estudios (SUTESUAEM).<\/p>\n","protected":false},"author":3,"featured_media":533729,"comment_status":"open","ping_status":"open","sticky":false,"template":"","format":"standard","meta":{"_monsterinsights_skip_tracking":false,"_monsterinsights_sitenote_active":false,"_monsterinsights_sitenote_note":"","_monsterinsights_sitenote_category":0,"footnotes":""},"categories":[5],"tags":[92667,43675,452,1491],"class_list":["post-533621","post","type-post","status-publish","format-standard","has-post-thumbnail","hentry","category-estado-de-mexico","tag-carlos-eduardo-barrera-diaz","tag-estado-de-mexico","tag-toluca","tag-uaem"],"_links":{"self":[{"href":"https:\/\/www.diarioimagen.net\/index.php?rest_route=\/wp\/v2\/posts\/533621","targetHints":{"allow":["GET"]}}],"collection":[{"href":"https:\/\/www.diarioimagen.net\/index.php?rest_route=\/wp\/v2\/posts"}],"about":[{"href":"https:\/\/www.diarioimagen.net\/index.php?rest_route=\/wp\/v2\/types\/post"}],"author":[{"embeddable":true,"href":"https:\/\/www.diarioimagen.net\/index.php?rest_route=\/wp\/v2\/users\/3"}],"replies":[{"embeddable":true,"href":"https:\/\/www.diarioimagen.net\/index.php?rest_route=%2Fwp%2Fv2%2Fcomments&post=533621"}],"version-history":[{"count":0,"href":"https:\/\/www.diarioimagen.net\/index.php?rest_route=\/wp\/v2\/posts\/533621\/revisions"}],"wp:featuredmedia":[{"embeddable":true,"href":"https:\/\/www.diarioimagen.net\/index.php?rest_route=\/wp\/v2\/media\/533729"}],"wp:attachment":[{"href":"https:\/\/www.diarioimagen.net\/index.php?rest_route=%2Fwp%2Fv2%2Fmedia&parent=533621"}],"wp:term":[{"taxonomy":"category","embeddable":true,"href":"https:\/\/www.diarioimagen.net\/index.php?rest_route=%2Fwp%2Fv2%2Fcategories&post=533621"},{"taxonomy":"post_tag","embeddable":true,"href":"https:\/\/www.diarioimagen.net\/index.php?rest_route=%2Fwp%2Fv2%2Ftags&post=533621"}],"curies":[{"name":"wp","href":"https:\/\/api.w.org\/{rel}","templated":true}]}}