{"id":533644,"date":"2022-01-26T00:06:20","date_gmt":"2022-01-26T06:06:20","guid":{"rendered":"https:\/\/www.diarioimagen.net\/?p=533644"},"modified":"2022-01-26T02:21:46","modified_gmt":"2022-01-26T08:21:46","slug":"nos-costo-32-anos-llegar-al-auditorio-nacional-el-haragan-y-cia","status":"publish","type":"post","link":"https:\/\/www.diarioimagen.net\/?p=533644","title":{"rendered":"Nos cost\u00f3 32 a\u00f1os llegar al Auditorio Nacional: El Harag\u00e1n y CIA"},"content":{"rendered":"<p>&nbsp;<\/p>\n<h3 style=\"text-align: center;\">Van a documentar el concierto del pr\u00f3ximo 3 de febrero<\/h3>\n<p>&nbsp;<\/p>\n<ul>\n<li><strong><em>Ofrecer\u00e1n un concierto lleno de invitados como Rub\u00e9n Albarr\u00e1n, Alex y Chela Lora, Triciclo Circus Band, Kenny y los el\u00e9ctricos, entre muchos m\u00e1s<\/em><\/strong><\/li>\n<\/ul>\n<p>&nbsp;<\/p>\n<h6>Arturo Arellano<\/h6>\n<p>&nbsp;<\/p>\n<p><a href=\"https:\/\/www.diarioimagen.net\/?attachment_id=533724\" rel=\"attachment wp-att-533724\"><img loading=\"lazy\" decoding=\"async\" class=\"aligncenter size-full wp-image-533724\" src=\"https:\/\/www.diarioimagen.net\/wp-content\/uploads\/2022\/01\/el-haragan.jpg\" alt=\"\" width=\"460\" height=\"428\" \/><\/a><\/p>\n<p>&nbsp;<\/p>\n<p>Despu\u00e9s de postergar en un par de ocasiones su concierto programado en el Auditorio Nacional; para el El Harag\u00e1n y CIA ha quedado claro que lo mas importante hoy en d\u00eda es estar vivos, y por ello se han preparado para ofrecer un repertorio plagado de estrellas invitadas, pero sobre todo con mucha alegr\u00eda y agradecimiento de estar en ese escenario que anhelaban pisar desde hace a\u00f1os, que sin duda se lo merecen y hasta donde llegar\u00e1n por fin el pr\u00f3ximo 3 de febrero.<\/p>\n<p>Continuando con la celebraci\u00f3n de sus 32 a\u00f1os de historia, el Harag\u00e1n y Compa\u00f1\u00eda lanzan tambi\u00e9n su sencillo titulado \u201cAburrida la vida\u201d, cuya nueva versi\u00f3n cuenta con la colaboraci\u00f3n de Andrea Echeverri y que es la antesala para el concierto del Auditorio Nacional a partir de las 20:30 horas como parte del #Semehizofacil Tour 2022.<\/p>\n<p>Luis \u00c1lvarez, vocalista, compositor y fundador del Harag\u00e1n y CIA, platic\u00f3 al respecto en entrevista exclusiva para <strong>DIARIO IMAGEN<\/strong>.\u00a0 \u201cEsta turbulencia de la pandemia nos sacudi\u00f3 a todos y dicen que despu\u00e9s de la tormenta viene la calma, pero en este caso la tormenta no se ha ido, pero aprendemos a navegar en ella y nos adaptamos a todo, por eso, este concierto se har\u00e1 por fin el 3 de febrero, la esperada tocada, despu\u00e9s de varias postergaciones desde 2020, de junio a julio y luego a septiembre y por fin lo podremos hacer este febrero\u201d.<\/p>\n<p>Afirm\u00f3 que definitivamente se madur\u00f3 el concierto \u201ctodo lo que \u00edbamos a hacer en un principio cambi\u00f3, \u00edbamos a tener infinidad de invitados, pero ya no es posible hacerlo con la misma cantidad de gente, entonces van a estar los esenciales, por ejemplo, Alex Lora y Chela Lora, que se van a aventar el palomazo, tenemos a Triciclo Circus Band, al Guada\u00f1a, a un talentoso percusionista de Pante\u00f3n Rococ\u00f3, obviamente a Rub\u00e9n Albarr\u00e1n y como cereza del pastel a mi comadre Kenn, adem\u00e1s de los que se vayan sumando\u201d.<\/p>\n<p>Sobre el repertorio garantiza que ser\u00e1 un concierto del que todos saldr\u00e1n contentos. \u201cNos hemos guiado por la gente que hace sus peticiones, hay rolas que no pueden faltar, como \u2018La mu\u00f1equita sint\u00e9tica\u2019, \u2018A esa gran velocidad\u2019 o \u2018El no lo mat\u00f3\u2019, son canciones que forman un esqueleto del <em>show <\/em>y que si no las tocamos la gente se va a ir enojada. De ah\u00ed vamos viendo qu\u00e9 le gusta a la gente, qu\u00e9 nos piden en redes sociales, tocaremos \u2018En el coraz\u00f3n no hay nada\u2019, \u2018Yo pensaba que\u2019, que son rolas que a la gente le encantan \u2018Purgante de amor\u2019, \u2018Un campe\u00f3n\u2019, y as\u00ed nos vamos\u201d.<\/p>\n<p style=\"text-align: center;\"><strong>EL HARAG\u00c1N DAR\u00c1 CONCIERTO A LA ALTURA<\/strong><\/p>\n<p>Con la emoci\u00f3n de llegar a uno de los recintos de espect\u00e1culos m\u00e1s importantes de M\u00e9xico, Luis \u00c1lvarez promete un concierto a la altura \u201cEl Harag\u00e1n es una banda que ha evolucionado, hemos crecido, madurado, no por eso estamos en el Auditorio, no por cualquier cosa hemos sido aceptados para tocar ah\u00ed, entonces, lo haremos valer, ser\u00e1 un d\u00eda para la banda y para todos, se alquil\u00f3 el lugar para hacerlo nuestro. El Harag\u00e1n muestra madurez musical, ambici\u00f3n, vamos a estar con muchas ganas. Es un recinto sagrado porque he visto a infinidad de grupos ah\u00ed desde Sting varias veces, luego a Silvio Rodr\u00edguez, Rub\u00e9n Blades y tanta gente que es incre\u00edble. Hay que hacer un concierto a la altura\u201d.<\/p>\n<p>Y es que, \u00c1lvarez y compa\u00f1\u00eda llevan mas de tres d\u00e9cadas picando piedra y son una de las pocas bandas de rock mexicano que se mantienen vigentes despu\u00e9s de tantos a\u00f1os. \u201cEs por el aferramiento a seguir, porque hay que aguantar vara, no hay que aflojar, debes tener los guantes puestos y luchar por lo que quieres, porque si aflojas te vas a la lona. Nosotros hemos estado con la bandera del rock and roll y sabemos para quienes trabajamos, de modo que eso nos mantiene vivos. A m\u00ed me gusta el rock, por eso hago rock, si me gustara la cumbia, har\u00eda cumbia, pero a m\u00ed me gusta el rock y son 32 a\u00f1os de trabajo sin parar, por amor al rock y a la gente no hay otra raz\u00f3n\u201d.<\/p>\n<p>Adelant\u00f3 que van a documentar todo en el Auditorio, \u201cvamos a tener chance y permiso de grabar todo, as\u00ed que muy probablemente luego se edite y se de a conocer en YouTube para la banda, para que lo disfruten, porque algo de este tama\u00f1o no se repite tan f\u00e1cil y es necesario tener un recuerdo. Estar en un escenario como este es un gran logro porque nos cost\u00f3 32 a\u00f1os llegar aqu\u00ed, es un lugar a donde hay que llegar y besar el piso (risas). Tanto que desde ahora ya se siente la \u2018adrenalinaza\u2019, que te da un trancazo saber que va a haber alegr\u00eda, luces, gente, caras, son cosas muy bonitas que ya estamos esperando\u201d.<\/p>\n<p style=\"text-align: center;\"><strong>ES MOMENTO DE DESPERTAR: EL HARAG\u00c1N Y CIA<\/strong><\/p>\n<p>Una vez cumplido este logro de pisar el Auditorio Nacional, Luis \u00c1lvarez afirma que seguir\u00e1n adelante con canciones nuevas \u201cEl a\u00f1o pasado sacamos una rola que se llama \u2018Yayo\u2019 que fue un gran \u00e9xito y ahora tenemos una canci\u00f3n ecol\u00f3gica que queremos lanzar en febrero, tenemos mucho por hacer. Hay metas que a\u00fan queremos alcanzar, entregar cosas nuevas, hacer planes a futuro es dif\u00edcil, sin embargo, quiero hacer un LP con una colecci\u00f3n de canciones para el p\u00fablico\u201d.<\/p>\n<p>De la canci\u00f3n que van a lanzar sobre ecolog\u00eda en febrero manifest\u00f3 que \u201ces momento de voltear a ver al planeta, a los recursos naturales, despu\u00e9s de esta sacudida tan fuerte que nos dio la pandemia y que nos pone un estate quieto, tenemos que pensar mejor las cosas como humanidad. Y eso nos est\u00e1 yendo bien, porque no fue tan arrasadora, de modo que por ah\u00ed va la tem\u00e1tica de la canci\u00f3n, este tipo de pandemia nos deja muchas cosas de qu\u00e9 hablar y de qu\u00e9 actuar, porque antes est\u00e1bamos dormidos, no sab\u00edamos ni qu\u00e9 onda, ahora hablamos de soledad, discriminaci\u00f3n, enfermedad, desigualdad, que siempre han estado, pero que la pandemia vino a agudizar\u201d.<\/p>\n<p>Finalmente, envi\u00f3 un agradecimiento y reconocimiento a los sonideros de M\u00e9xico \u201cporque sin ellos el rock mexicano no hubiera sido posible. No somos tan escuchados en radio comercial, ni en televisi\u00f3n, pero los sonideros nos han hecho famosos, de modo que les mando un agradecimiento a Apolinar, Polymarch, al sondio Condor, Winners, a La Changa, La Conga, a Yolanda, la verdad es que sin ellos no hubiera sido posible, incluso que El Harag\u00e1n estuviera en el Auditorio Nacional, por eso les mando un abrazo a todos ellos y que no se pierda la costumbre de los sonideros del pa\u00eds\u201d, concluy\u00f3.<\/p>\n<p><em>\u00a0<\/em><\/p>\n<blockquote><p><em>\u201cSin los sonideros de M\u00e9xico, el rock mexicano no hubiera sido posible. No somos tan escuchados en radio comercial, ni en televisi\u00f3n, pero los sonideros nos han hecho famosos, de modo que les mando un agradecimiento a Apolinar, Polymarch, al sondio Condor, Winners, a La Changa, La Conga, a Yolanda, la verdad es que sin ellos no hubiera sido posible, incluso que El Harag\u00e1n estuviera en el Auditorio Nacional\u201d<\/em><\/p>\n<p style=\"text-align: right;\"><strong>Luis \u00c1lvarez<br \/>\n<\/strong>Vocalista, compositor y fundador del Harag\u00e1n y CIA<\/p>\n<\/blockquote>\n","protected":false},"excerpt":{"rendered":"<p>Despu\u00e9s de postergar en un par de ocasiones su concierto programado en el Auditorio Nacional; para el El Harag\u00e1n y CIA ha quedado claro que lo mas importante hoy en d\u00eda es estar vivos, y por ello se han preparado para ofrecer un repertorio plagado de estrellas invitadas, pero sobre todo con mucha alegr\u00eda y agradecimiento de estar en ese escenario que anhelaban pisar desde hace a\u00f1os, que sin duda se lo merecen y hasta donde llegar\u00e1n por fin el pr\u00f3ximo 3 de febrero.<\/p>\n","protected":false},"author":3,"featured_media":533725,"comment_status":"open","ping_status":"open","sticky":false,"template":"","format":"standard","meta":{"_monsterinsights_skip_tracking":false,"_monsterinsights_sitenote_active":false,"_monsterinsights_sitenote_note":"","_monsterinsights_sitenote_category":0,"footnotes":""},"categories":[12],"tags":[471,92507,43682],"class_list":["post-533644","post","type-post","status-publish","format-standard","has-post-thumbnail","hentry","category-espectaculos","tag-auditorio-nacional","tag-el-haragan-y-cia","tag-espectaculos"],"_links":{"self":[{"href":"https:\/\/www.diarioimagen.net\/index.php?rest_route=\/wp\/v2\/posts\/533644","targetHints":{"allow":["GET"]}}],"collection":[{"href":"https:\/\/www.diarioimagen.net\/index.php?rest_route=\/wp\/v2\/posts"}],"about":[{"href":"https:\/\/www.diarioimagen.net\/index.php?rest_route=\/wp\/v2\/types\/post"}],"author":[{"embeddable":true,"href":"https:\/\/www.diarioimagen.net\/index.php?rest_route=\/wp\/v2\/users\/3"}],"replies":[{"embeddable":true,"href":"https:\/\/www.diarioimagen.net\/index.php?rest_route=%2Fwp%2Fv2%2Fcomments&post=533644"}],"version-history":[{"count":0,"href":"https:\/\/www.diarioimagen.net\/index.php?rest_route=\/wp\/v2\/posts\/533644\/revisions"}],"wp:featuredmedia":[{"embeddable":true,"href":"https:\/\/www.diarioimagen.net\/index.php?rest_route=\/wp\/v2\/media\/533725"}],"wp:attachment":[{"href":"https:\/\/www.diarioimagen.net\/index.php?rest_route=%2Fwp%2Fv2%2Fmedia&parent=533644"}],"wp:term":[{"taxonomy":"category","embeddable":true,"href":"https:\/\/www.diarioimagen.net\/index.php?rest_route=%2Fwp%2Fv2%2Fcategories&post=533644"},{"taxonomy":"post_tag","embeddable":true,"href":"https:\/\/www.diarioimagen.net\/index.php?rest_route=%2Fwp%2Fv2%2Ftags&post=533644"}],"curies":[{"name":"wp","href":"https:\/\/api.w.org\/{rel}","templated":true}]}}