{"id":533660,"date":"2022-01-26T00:02:40","date_gmt":"2022-01-26T06:02:40","guid":{"rendered":"https:\/\/www.diarioimagen.net\/?p=533660"},"modified":"2022-01-26T02:48:21","modified_gmt":"2022-01-26T08:48:21","slug":"calzada-de-guadalupe-se-convertira-en-un-corredor-turistico-en-cuautitlan","status":"publish","type":"post","link":"https:\/\/www.diarioimagen.net\/?p=533660","title":{"rendered":"Calzada de Guadalupe se convertir\u00e1 en un corredor tur\u00edstico, en Cuautitl\u00e1n"},"content":{"rendered":"<p>&nbsp;<\/p>\n<ul>\n<li><strong><em>Anuncia el alcalde Aldo Ledezma<\/em><\/strong><\/li>\n<\/ul>\n<p>&nbsp;<\/p>\n<div id=\"attachment_533776\" style=\"width: 470px\" class=\"wp-caption aligncenter\"><a href=\"https:\/\/www.diarioimagen.net\/?attachment_id=533776\" rel=\"attachment wp-att-533776\"><img loading=\"lazy\" decoding=\"async\" aria-describedby=\"caption-attachment-533776\" class=\"size-full wp-image-533776\" src=\"https:\/\/www.diarioimagen.net\/wp-content\/uploads\/2022\/01\/cuautitlan-7.jpg\" alt=\"\" width=\"460\" height=\"270\" \/><\/a><p id=\"caption-attachment-533776\" class=\"wp-caption-text\">El presidente municipal de Cuautitl\u00e1n, Aldo Ledezma Reyna puso en marcha el programa \u201cDamos una nueva cara, litro por litro a la vanguardia\u201d.<\/p><\/div>\n<p>&nbsp;<\/p>\n<p><strong>Cuautitl\u00e1n, Estado de M\u00e9xico.\u2014<\/strong> Al destacar que la principal actividad econ\u00f3mica de Cuautitl\u00e1n es el comercio desde la \u00e9poca prehisp\u00e1nica y en la actualidad es un municipio 95% comercial, por lo que la imagen urbana es importante, el presidente municipal, Aldo Ledezma Reyna puso en marcha el programa \u201cDamos una nueva cara, litro por litro a la vanguardia\u201d.<\/p>\n<p>Acompa\u00f1ado de la presidenta del DIF Cuautitl\u00e1n Brenda Aguilar Zamora, e integrantes del Ayuntamiento de Cuautitl\u00e1n, el alcalde precis\u00f3 que a trav\u00e9s de este programa se van a pintar las fachadas de casas y comercios, en una primera etapa de la iglesia del Santuario del Cerrito hacia Calzada de Guadalupe.<\/p>\n<p>Destac\u00f3 que el gobierno municipal otorgar\u00e1 la mano de obra y la mitad de la pintura; la otra mitad ser\u00e1 por parte de los vecinos, en casi 4 mil metros cuadrados \u201cTrabajar en conjunto sociedad y gobierno para realizar las mejores acciones a favor de la ciudadan\u00eda\u201d, enfatiz\u00f3 Ledezma Reyna.<\/p>\n<p>Anunci\u00f3 que en los siguientes meses la Calzada de Guadalupe se convertir\u00e1 en un corredor tur\u00edstico, donde la gente podr\u00e1 transitar de manera tranquila, y acceder a los comercios de forma segura.<\/p>\n<p>El director de Desarrollo Econ\u00f3mico, Mart\u00edn Paredes V\u00e1squez se\u00f1al\u00f3 que el cambio de imagen de calzada Guadalupe ha quedado detenido a trav\u00e9s de muchos a\u00f1os, y en el inicio de esta administraci\u00f3n arrancan los trabajos para pintar las fachadas y hacer un corredor tur\u00edstico para que la gente pueda caminar en este trayecto.<\/p>\n<p>En tanto el director de Desarrollo Metropolitano, Gustavo Schiavon Monroy inform\u00f3 que desde el primer d\u00eda de gobierno del alcalde Aldo Ledezma se empezaron los trabajos sobre Calzada de Guadalupe, en los que se han realizado 300 metros cuadrados de guarniciones, se rehabilitar\u00e1n todos los camellones con concreto permeable, las fachadas se pintar\u00e1n con un aproximado de 220 cubetas de pintura y se cambiar\u00e1n 170 postes.<\/p>\n","protected":false},"excerpt":{"rendered":"<p>Al destacar que la principal actividad econ\u00f3mica de Cuautitl\u00e1n es el comercio desde la \u00e9poca prehisp\u00e1nica y en la actualidad es un municipio 95% comercial, por lo que la imagen urbana es importante, el presidente municipal, Aldo Ledezma Reyna puso en marcha el programa \u201cDamos una nueva cara, litro por litro a la vanguardia\u201d.<\/p>\n","protected":false},"author":3,"featured_media":533776,"comment_status":"open","ping_status":"open","sticky":false,"template":"","format":"standard","meta":{"_monsterinsights_skip_tracking":false,"_monsterinsights_sitenote_active":false,"_monsterinsights_sitenote_note":"","_monsterinsights_sitenote_category":0,"footnotes":""},"categories":[5],"tags":[94437,681,43675],"class_list":["post-533660","post","type-post","status-publish","format-standard","has-post-thumbnail","hentry","category-estado-de-mexico","tag-corredor-turistico","tag-cuautitlan","tag-estado-de-mexico"],"_links":{"self":[{"href":"https:\/\/www.diarioimagen.net\/index.php?rest_route=\/wp\/v2\/posts\/533660","targetHints":{"allow":["GET"]}}],"collection":[{"href":"https:\/\/www.diarioimagen.net\/index.php?rest_route=\/wp\/v2\/posts"}],"about":[{"href":"https:\/\/www.diarioimagen.net\/index.php?rest_route=\/wp\/v2\/types\/post"}],"author":[{"embeddable":true,"href":"https:\/\/www.diarioimagen.net\/index.php?rest_route=\/wp\/v2\/users\/3"}],"replies":[{"embeddable":true,"href":"https:\/\/www.diarioimagen.net\/index.php?rest_route=%2Fwp%2Fv2%2Fcomments&post=533660"}],"version-history":[{"count":0,"href":"https:\/\/www.diarioimagen.net\/index.php?rest_route=\/wp\/v2\/posts\/533660\/revisions"}],"wp:featuredmedia":[{"embeddable":true,"href":"https:\/\/www.diarioimagen.net\/index.php?rest_route=\/wp\/v2\/media\/533776"}],"wp:attachment":[{"href":"https:\/\/www.diarioimagen.net\/index.php?rest_route=%2Fwp%2Fv2%2Fmedia&parent=533660"}],"wp:term":[{"taxonomy":"category","embeddable":true,"href":"https:\/\/www.diarioimagen.net\/index.php?rest_route=%2Fwp%2Fv2%2Fcategories&post=533660"},{"taxonomy":"post_tag","embeddable":true,"href":"https:\/\/www.diarioimagen.net\/index.php?rest_route=%2Fwp%2Fv2%2Ftags&post=533660"}],"curies":[{"name":"wp","href":"https:\/\/api.w.org\/{rel}","templated":true}]}}