{"id":533664,"date":"2022-01-26T00:04:44","date_gmt":"2022-01-26T06:04:44","guid":{"rendered":"https:\/\/www.diarioimagen.net\/?p=533664"},"modified":"2022-01-26T02:49:46","modified_gmt":"2022-01-26T08:49:46","slug":"se-mantienen-clases-presenciales-en-atizapan-de-zaragoza","status":"publish","type":"post","link":"https:\/\/www.diarioimagen.net\/?p=533664","title":{"rendered":"Se mantienen clases presenciales en Atizap\u00e1n de Zaragoza"},"content":{"rendered":"<p>&nbsp;<\/p>\n<p><a href=\"https:\/\/www.diarioimagen.net\/?attachment_id=533781\" rel=\"attachment wp-att-533781\"><img loading=\"lazy\" decoding=\"async\" class=\"aligncenter size-full wp-image-533781\" src=\"https:\/\/www.diarioimagen.net\/wp-content\/uploads\/2022\/01\/atizapan-13.jpg\" alt=\"\" width=\"460\" height=\"400\" \/><\/a><\/p>\n<p>&nbsp;<\/p>\n<p><strong>Atizap\u00e1n de Zaragoza, Estado de M\u00e9xico<\/strong><strong>.\u2014 <\/strong>Tras el cambio de Sem\u00e1foro Epidemiol\u00f3gico a Amarillo, el gobierno de Atizap\u00e1n de Zaragoza informa que se apegar\u00e1 a la estrategia de operaci\u00f3n del ciclo escolar 2021-2022 impulsada por la Secretar\u00eda de Educaci\u00f3n del Estado de M\u00e9xico.<\/p>\n<p>En este sentido, en Atizap\u00e1n de Zaragoza se mantendr\u00e1n las clases presenciales en las instituciones educativas. Para hacer frente al cambio de Sem\u00e1foro Epidemiol\u00f3gico, el Gobierno Municipal hace un llamado a padres de familia y autoridades escolares a reforzar las medidas sanitarias.<\/p>\n","protected":false},"excerpt":{"rendered":"<p>Tras el cambio de Sem\u00e1foro Epidemiol\u00f3gico a Amarillo, el gobierno de Atizap\u00e1n de Zaragoza informa que se apegar\u00e1 a la estrategia de operaci\u00f3n del ciclo escolar 2021-2022 impulsada por la Secretar\u00eda de Educaci\u00f3n del Estado de M\u00e9xico.<\/p>\n","protected":false},"author":3,"featured_media":533781,"comment_status":"open","ping_status":"open","sticky":false,"template":"","format":"standard","meta":{"_monsterinsights_skip_tracking":false,"_monsterinsights_sitenote_active":false,"_monsterinsights_sitenote_note":"","_monsterinsights_sitenote_category":0,"footnotes":""},"categories":[5],"tags":[3561,92645,43675],"class_list":["post-533664","post","type-post","status-publish","format-standard","has-post-thumbnail","hentry","category-estado-de-mexico","tag-atizapan-de-zaragoza","tag-clases-presenciales","tag-estado-de-mexico"],"_links":{"self":[{"href":"https:\/\/www.diarioimagen.net\/index.php?rest_route=\/wp\/v2\/posts\/533664","targetHints":{"allow":["GET"]}}],"collection":[{"href":"https:\/\/www.diarioimagen.net\/index.php?rest_route=\/wp\/v2\/posts"}],"about":[{"href":"https:\/\/www.diarioimagen.net\/index.php?rest_route=\/wp\/v2\/types\/post"}],"author":[{"embeddable":true,"href":"https:\/\/www.diarioimagen.net\/index.php?rest_route=\/wp\/v2\/users\/3"}],"replies":[{"embeddable":true,"href":"https:\/\/www.diarioimagen.net\/index.php?rest_route=%2Fwp%2Fv2%2Fcomments&post=533664"}],"version-history":[{"count":0,"href":"https:\/\/www.diarioimagen.net\/index.php?rest_route=\/wp\/v2\/posts\/533664\/revisions"}],"wp:featuredmedia":[{"embeddable":true,"href":"https:\/\/www.diarioimagen.net\/index.php?rest_route=\/wp\/v2\/media\/533781"}],"wp:attachment":[{"href":"https:\/\/www.diarioimagen.net\/index.php?rest_route=%2Fwp%2Fv2%2Fmedia&parent=533664"}],"wp:term":[{"taxonomy":"category","embeddable":true,"href":"https:\/\/www.diarioimagen.net\/index.php?rest_route=%2Fwp%2Fv2%2Fcategories&post=533664"},{"taxonomy":"post_tag","embeddable":true,"href":"https:\/\/www.diarioimagen.net\/index.php?rest_route=%2Fwp%2Fv2%2Ftags&post=533664"}],"curies":[{"name":"wp","href":"https:\/\/api.w.org\/{rel}","templated":true}]}}