{"id":533788,"date":"2022-02-04T00:33:51","date_gmt":"2022-02-04T06:33:51","guid":{"rendered":"https:\/\/www.diarioimagen.net\/?p=533788"},"modified":"2022-02-03T21:47:09","modified_gmt":"2022-02-04T03:47:09","slug":"anuncian-130-vacantes-para-que-personal-medico-ingrese-a-la-escuela-militar-de-graduados-de-sanidad","status":"publish","type":"post","link":"https:\/\/www.diarioimagen.net\/?p=533788","title":{"rendered":"Anuncian 130 vacantes para que personal m\u00e9dico ingrese a la Escuela Militar de Graduados de Sanidad"},"content":{"rendered":"<p>&nbsp;<\/p>\n<ul>\n<li><strong><em>La Direcci\u00f3n General de Educaci\u00f3n Militar autoriz\u00f3 que 130 m\u00e9dicos civiles ingresen a la Escuela Militar de Graduados de Sanidad<\/em><\/strong><\/li>\n<\/ul>\n<p>&nbsp;<\/p>\n<div id=\"attachment_533875\" style=\"width: 470px\" class=\"wp-caption aligncenter\"><a href=\"https:\/\/www.diarioimagen.net\/?attachment_id=533875\" rel=\"attachment wp-att-533875\"><img loading=\"lazy\" decoding=\"async\" aria-describedby=\"caption-attachment-533875\" class=\"size-full wp-image-533875\" src=\"https:\/\/www.diarioimagen.net\/wp-content\/uploads\/2022\/01\/convocatoria.jpg\" alt=\"\" width=\"460\" height=\"270\" \/><\/a><p id=\"caption-attachment-533875\" class=\"wp-caption-text\">La Direcci\u00f3n General de Educaci\u00f3n Militar autoriz\u00f3 que 130 m\u00e9dicos civiles ingresen a la Escuela Militar de Graduados de Sanidad.<\/p><\/div>\n<p>&nbsp;<\/p>\n<p>La Secretar\u00eda de la Defensa Nacional, a trav\u00e9s de la Comandancia de la X Regi\u00f3n Militar y 34\/a. Zona Militar, comunica al p\u00fablico en general que la Direcci\u00f3n General de Educaci\u00f3n Militar autoriz\u00f3 que 130 m\u00e9dicos civiles ingresen a la Escuela Militar de Graduados de Sanidad para realizar estudios en alguna de las 13 especialidades b\u00e1sicas que imparte dicho Instituto.<\/p>\n<p>Citadas vacantes se cubrir\u00e1n con el personal que cumpla con los requisitos que se encuentran establecidos en la Convocatoria de Admisi\u00f3n 2022, misma que se podr\u00e1 visitar en la siguiente p\u00e1gina de internet:<\/p>\n<p><em><a href=\"https:\/\/www.gob.mx\/cms\/uploads\/attachment\/file\/670313\/Convocatoria_EMGS_2022.pdf\" target=\"_blank\" rel=\"noopener\">https:\/\/www.gob.mx\/cms\/uploads\/attachment\/file\/670313\/Convocatoria_EMGS_2022.pdf<\/a><\/em><\/p>\n<p>Para realizar el registro, el aspirante deber\u00e1 presentarse directamente en el plantel educativo ubicado en Calle Batalla de Celaya No. 202, Unidad Habitacional Militar Lomas de Sotelo, Alcald\u00eda Miguel Hidalgo, C.P. 11200 Ciudad de M\u00e9xico, (entre las calles de Idelfonso V\u00e1zquez y Cerrada de Palomas) o en la Instalaci\u00f3n Militar m\u00e1s cercana, llevando consigo la documentaci\u00f3n requerida en la convocatoria, asimismo para mayor informaci\u00f3n los interesados pueden comunicarse al tel\u00e9fono 555 520 2079 y 983 832 2125, teniendo como fecha l\u00edmite para la entrega de documentaci\u00f3n hasta el 28 de enero de 2022.<\/p>\n<p>Con estas acciones el Ej\u00e9rcito Mexicano refrenda su compromiso y responsabilidad de servir al pueblo mediante una educaci\u00f3n superior de alta calidad.<\/p>\n","protected":false},"excerpt":{"rendered":"<p>La Secretaria de la Defensa Nacional, a trav\u00e9s de la Comandancia de la X Regi\u00f3n Militar y 34\/a. Zona Militar, comunica al p\u00fablico en general que la Direcci\u00f3n General de Educaci\u00f3n Militar autoriz\u00f3 que 130 m\u00e9dicos civiles ingresen a la Escuela Militar de Graduados de Sanidad para realizar estudios en alguna de las 13 especialidades b\u00e1sicas que imparte dicho Instituto.<\/p>\n","protected":false},"author":3,"featured_media":533875,"comment_status":"open","ping_status":"open","sticky":false,"template":"","format":"standard","meta":{"_monsterinsights_skip_tracking":false,"_monsterinsights_sitenote_active":false,"_monsterinsights_sitenote_note":"","_monsterinsights_sitenote_category":0,"footnotes":""},"categories":[17],"tags":[94440,20016,4799,4352],"class_list":["post-533788","post","type-post","status-publish","format-standard","has-post-thumbnail","hentry","category-especiales","tag-escuela-militar-de-graduados-de-sanidad","tag-ingreso","tag-medico","tag-secretaria-de-la-defensa-nacional"],"_links":{"self":[{"href":"https:\/\/www.diarioimagen.net\/index.php?rest_route=\/wp\/v2\/posts\/533788","targetHints":{"allow":["GET"]}}],"collection":[{"href":"https:\/\/www.diarioimagen.net\/index.php?rest_route=\/wp\/v2\/posts"}],"about":[{"href":"https:\/\/www.diarioimagen.net\/index.php?rest_route=\/wp\/v2\/types\/post"}],"author":[{"embeddable":true,"href":"https:\/\/www.diarioimagen.net\/index.php?rest_route=\/wp\/v2\/users\/3"}],"replies":[{"embeddable":true,"href":"https:\/\/www.diarioimagen.net\/index.php?rest_route=%2Fwp%2Fv2%2Fcomments&post=533788"}],"version-history":[{"count":0,"href":"https:\/\/www.diarioimagen.net\/index.php?rest_route=\/wp\/v2\/posts\/533788\/revisions"}],"wp:featuredmedia":[{"embeddable":true,"href":"https:\/\/www.diarioimagen.net\/index.php?rest_route=\/wp\/v2\/media\/533875"}],"wp:attachment":[{"href":"https:\/\/www.diarioimagen.net\/index.php?rest_route=%2Fwp%2Fv2%2Fmedia&parent=533788"}],"wp:term":[{"taxonomy":"category","embeddable":true,"href":"https:\/\/www.diarioimagen.net\/index.php?rest_route=%2Fwp%2Fv2%2Fcategories&post=533788"},{"taxonomy":"post_tag","embeddable":true,"href":"https:\/\/www.diarioimagen.net\/index.php?rest_route=%2Fwp%2Fv2%2Ftags&post=533788"}],"curies":[{"name":"wp","href":"https:\/\/api.w.org\/{rel}","templated":true}]}}