{"id":533822,"date":"2022-01-27T00:03:43","date_gmt":"2022-01-27T06:03:43","guid":{"rendered":"https:\/\/www.diarioimagen.net\/?p=533822"},"modified":"2022-01-27T02:50:37","modified_gmt":"2022-01-27T08:50:37","slug":"aplicaran-vacuna-de-refuerzo-contra-covid-a-personas-de-50-a-59-anos-en-huixquilucan","status":"publish","type":"post","link":"https:\/\/www.diarioimagen.net\/?p=533822","title":{"rendered":"Aplicar\u00e1n vacuna de refuerzo contra Covid a personas de 50 a 59 a\u00f1os, en Huixquilucan"},"content":{"rendered":"<p>&nbsp;<\/p>\n<ul>\n<li><strong><em>Fase del 28 al 30 de enero<\/em><\/strong><\/li>\n<\/ul>\n<p>&nbsp;<\/p>\n<p><a href=\"https:\/\/www.diarioimagen.net\/?attachment_id=533906\" rel=\"attachment wp-att-533906\"><img loading=\"lazy\" decoding=\"async\" class=\"aligncenter size-full wp-image-533906\" src=\"https:\/\/www.diarioimagen.net\/wp-content\/uploads\/2022\/01\/huixquilucan-18.jpg\" alt=\"\" width=\"460\" height=\"518\" \/><\/a><\/p>\n<p>&nbsp;<\/p>\n<p><strong>Huixquilucan, Estado de M\u00e9xico.\u2014<\/strong> Del 28 al 30 de enero, se aplicar\u00e1 la vacuna de refuerzo contra covid-19 a personas de 50 a 59 a\u00f1os, as\u00ed como a los mayores de 60 a\u00f1os que, por alguna raz\u00f3n, no pudieron acudir por su tercera dosis en la jornada anterior, con el objetivo de seguir cuidando de la salud de los habitantes de este municipio y mantener un Huixquilucan sano.<\/p>\n<p>La presidenta municipal, Romina Contreras Carrasco, invit\u00f3 a las y los huixquiluquenses de este sector de la poblaci\u00f3n para que acudan a esta jornada, a fin de completar su esquema de vacunaci\u00f3n, sobre todo, ante el reciente incremento de contagios del virus SARS-Cov2 en el pa\u00eds.<\/p>\n<p>\u201cEn todas las jornadas de vacunaci\u00f3n que hemos tenido en el municipio, se ha registrado una excelente respuesta por parte de la poblaci\u00f3n y conf\u00edo en que, en esta ocasi\u00f3n, las y los huixquiluquenses tambi\u00e9n acudir\u00e1n a este llamado, ya que es un esfuerzo que los tres niveles de gobierno llevamos a cabo para proteger la salud de todos y todas\u201d, coment\u00f3 la alcaldesa.<\/p>\n<p>La quinceava jornada de vacunaci\u00f3n que se llevar\u00e1 a cabo en este municipio, como parte de la estrategia que implementan los gobiernos de M\u00e9xico, del Estado de M\u00e9xico y de Huixquilucan, se realizar\u00e1 los d\u00edas 28, 29 y 30 de enero en dos sedes peatonales y una vehicular, las cuales operar\u00e1n en un horario de 8:00 a 16:00 horas:<\/p>\n<p>Universidad An\u00e1huac:\u00a0Avenida Universidad An\u00e1huac n\u00famero 46, colonia Lomas An\u00e1huac. M\u00f3dulo de atenci\u00f3n vehicular.<\/p>\n<p>Complejo M\u00e9dico Municipal DIF \u201cRosa M\u00edstica\u201d:\u00a0Carretera Huixquilucan-San Ram\u00f3n #66, San Juan Bautista, Quinto Cuartel.<\/p>\n","protected":false},"excerpt":{"rendered":"<p>Del 28 al 30 de enero, se aplicar\u00e1 la vacuna de refuerzo contra covid-19 a personas de 50 a 59 a\u00f1os, as\u00ed como a los mayores de 60 a\u00f1os que, por alguna raz\u00f3n, no pudieron acudir por su tercera dosis en la jornada anterior, con el objetivo de seguir cuidando de la salud de los habitantes de este municipio y mantener un Huixquilucan sano.<\/p>\n","protected":false},"author":3,"featured_media":533906,"comment_status":"open","ping_status":"open","sticky":false,"template":"","format":"standard","meta":{"_monsterinsights_skip_tracking":false,"_monsterinsights_sitenote_active":false,"_monsterinsights_sitenote_note":"","_monsterinsights_sitenote_category":0,"footnotes":""},"categories":[5],"tags":[43675,1097,93839,2643],"class_list":["post-533822","post","type-post","status-publish","format-standard","has-post-thumbnail","hentry","category-estado-de-mexico","tag-estado-de-mexico","tag-huixquilucan","tag-refuerzo","tag-vacunacion"],"_links":{"self":[{"href":"https:\/\/www.diarioimagen.net\/index.php?rest_route=\/wp\/v2\/posts\/533822","targetHints":{"allow":["GET"]}}],"collection":[{"href":"https:\/\/www.diarioimagen.net\/index.php?rest_route=\/wp\/v2\/posts"}],"about":[{"href":"https:\/\/www.diarioimagen.net\/index.php?rest_route=\/wp\/v2\/types\/post"}],"author":[{"embeddable":true,"href":"https:\/\/www.diarioimagen.net\/index.php?rest_route=\/wp\/v2\/users\/3"}],"replies":[{"embeddable":true,"href":"https:\/\/www.diarioimagen.net\/index.php?rest_route=%2Fwp%2Fv2%2Fcomments&post=533822"}],"version-history":[{"count":0,"href":"https:\/\/www.diarioimagen.net\/index.php?rest_route=\/wp\/v2\/posts\/533822\/revisions"}],"wp:featuredmedia":[{"embeddable":true,"href":"https:\/\/www.diarioimagen.net\/index.php?rest_route=\/wp\/v2\/media\/533906"}],"wp:attachment":[{"href":"https:\/\/www.diarioimagen.net\/index.php?rest_route=%2Fwp%2Fv2%2Fmedia&parent=533822"}],"wp:term":[{"taxonomy":"category","embeddable":true,"href":"https:\/\/www.diarioimagen.net\/index.php?rest_route=%2Fwp%2Fv2%2Fcategories&post=533822"},{"taxonomy":"post_tag","embeddable":true,"href":"https:\/\/www.diarioimagen.net\/index.php?rest_route=%2Fwp%2Fv2%2Ftags&post=533822"}],"curies":[{"name":"wp","href":"https:\/\/api.w.org\/{rel}","templated":true}]}}